{"id":13647,"date":"2022-04-05T00:26:13","date_gmt":"2022-04-05T05:26:13","guid":{"rendered":"https:\/\/www.iberbibliotecas.org\/?p=13647"},"modified":"2026-04-13T18:57:01","modified_gmt":"2026-04-13T23:57:01","slug":"asesoriaproyectos_back","status":"publish","type":"post","link":"https:\/\/www.iberbibliotecas.org\/por\/asesoriaproyectos_back\/","title":{"rendered":"Asesor\u00eda de proyectos_back"},"content":{"rendered":"<div data-elementor-type=\"wp-post\" data-elementor-id=\"13647\" class=\"elementor elementor-13647\">\n\t\t\t\t\t\t<div class=\"elementor-inner\">\n\t\t\t\t<div class=\"elementor-section-wrap\">\n\t\t\t\t\t\t\t\t\t<section class=\"elementor-section elementor-top-section elementor-element elementor-element-fcd1dde elementor-section-boxed elementor-section-height-default elementor-section-height-default\" data-id=\"fcd1dde\" data-element_type=\"section\">\n\t\t\t\t\t\t<div class=\"elementor-container elementor-column-gap-default\">\n\t\t\t\t\t\t\t<div class=\"elementor-row\">\n\t\t\t\t\t<div class=\"elementor-column elementor-col-100 elementor-top-column elementor-element elementor-element-9bd6422\" data-id=\"9bd6422\" data-element_type=\"column\">\n\t\t\t<div class=\"elementor-column-wrap elementor-element-populated\">\n\t\t\t\t\t\t\t<div class=\"elementor-widget-wrap\">\n\t\t\t\t\t\t<div class=\"elementor-element elementor-element-6cc007e elementor-widget elementor-widget-heading\" data-id=\"6cc007e\" data-element_type=\"widget\" data-widget_type=\"heading.default\">\n\t\t\t\t<div class=\"elementor-widget-container\">\n\t\t\t<h1 class=\"elementor-heading-title elementor-size-default\">ASESSORIA PARA A APRESENTA\u00c7\u00c3O DE PROJETOS<\/h1>\t\t<\/div>\n\t\t\t\t<\/div>\n\t\t\t\t\t\t<\/div>\n\t\t\t\t\t<\/div>\n\t\t<\/div>\n\t\t\t\t\t\t\t\t<\/div>\n\t\t\t\t\t<\/div>\n\t\t<\/section>\n\t\t\t\t<section class=\"elementor-section elementor-top-section elementor-element elementor-element-e35897e elementor-section-boxed elementor-section-height-default elementor-section-height-default\" data-id=\"e35897e\" data-element_type=\"section\">\n\t\t\t\t\t\t<div class=\"elementor-container elementor-column-gap-default\">\n\t\t\t\t\t\t\t<div class=\"elementor-row\">\n\t\t\t\t\t<div class=\"elementor-column elementor-col-25 elementor-top-column elementor-element elementor-element-7decd35\" data-id=\"7decd35\" data-element_type=\"column\">\n\t\t\t<div class=\"elementor-column-wrap elementor-element-populated\">\n\t\t\t\t\t\t\t<div class=\"elementor-widget-wrap\">\n\t\t\t\t\t\t<section class=\"elementor-section elementor-inner-section elementor-element elementor-element-41dcd17 elementor-hidden-desktop elementor-hidden-tablet elementor-section-boxed elementor-section-height-default elementor-section-height-default\" data-id=\"41dcd17\" data-element_type=\"section\">\n\t\t\t\t\t\t<div class=\"elementor-container elementor-column-gap-default\">\n\t\t\t\t\t\t\t<div class=\"elementor-row\">\n\t\t\t\t\t<div class=\"elementor-column elementor-col-100 elementor-inner-column elementor-element elementor-element-04fa1ea\" data-id=\"04fa1ea\" data-element_type=\"column\" data-settings=\"{&quot;background_background&quot;:&quot;gradient&quot;}\">\n\t\t\t<div class=\"elementor-column-wrap elementor-element-populated\">\n\t\t\t\t\t\t\t<div class=\"elementor-widget-wrap\">\n\t\t\t\t\t\t<div class=\"elementor-element elementor-element-0b81513 elementor-widget elementor-widget-heading\" data-id=\"0b81513\" data-element_type=\"widget\" data-widget_type=\"heading.default\">\n\t\t\t\t<div class=\"elementor-widget-container\">\n\t\t\t<h2 class=\"elementor-heading-title elementor-size-default\">\u00cdndice<\/h2>\t\t<\/div>\n\t\t\t\t<\/div>\n\t\t\t\t<div class=\"elementor-element elementor-element-bb3236c elementor-align-left elementor-icon-list--layout-traditional elementor-list-item-link-full_width elementor-widget elementor-widget-icon-list\" data-id=\"bb3236c\" data-element_type=\"widget\" data-widget_type=\"icon-list.default\">\n\t\t\t\t<div class=\"elementor-widget-container\">\n\t\t\t\t\t<ul class=\"elementor-icon-list-items\">\n\t\t\t\t\t\t\t<li class=\"elementor-icon-list-item\">\n\t\t\t\t\t\t\t\t\t\t\t<a href=\"#objet1\">\n\n\t\t\t\t\t\t\t\t\t\t\t\t<span class=\"elementor-icon-list-icon\">\n\t\t\t\t\t\t\t<i aria-hidden=\"true\" class=\"fas fa-chevron-right\"><\/i>\t\t\t\t\t\t<\/span>\n\t\t\t\t\t\t\t\t\t\t<span class=\"elementor-icon-list-text\">Descri\u00e7\u00e3o da Mesa<\/span>\n\t\t\t\t\t\t\t\t\t\t\t<\/a>\n\t\t\t\t\t\t\t\t\t<\/li>\n\t\t\t\t\t\t\t\t<li class=\"elementor-icon-list-item\">\n\t\t\t\t\t\t\t\t\t\t\t<a href=\"#comit1\">\n\n\t\t\t\t\t\t\t\t\t\t\t\t<span class=\"elementor-icon-list-icon\">\n\t\t\t\t\t\t\t<i aria-hidden=\"true\" class=\"fas fa-chevron-right\"><\/i>\t\t\t\t\t\t<\/span>\n\t\t\t\t\t\t\t\t\t\t<span class=\"elementor-icon-list-text\">Especialistas da Mesa<\/span>\n\t\t\t\t\t\t\t\t\t\t\t<\/a>\n\t\t\t\t\t\t\t\t\t<\/li>\n\t\t\t\t\t\t\t\t<li class=\"elementor-icon-list-item\">\n\t\t\t\t\t\t\t\t\t\t\t<a href=\"#acti1\">\n\n\t\t\t\t\t\t\t\t\t\t\t\t<span class=\"elementor-icon-list-icon\">\n\t\t\t\t\t\t\t<i aria-hidden=\"true\" class=\"fas fa-chevron-right\"><\/i>\t\t\t\t\t\t<\/span>\n\t\t\t\t\t\t\t\t\t\t<span class=\"elementor-icon-list-text\">Como funciona a Mesa<\/span>\n\t\t\t\t\t\t\t\t\t\t\t<\/a>\n\t\t\t\t\t\t\t\t\t<\/li>\n\t\t\t\t\t\t\t\t<li class=\"elementor-icon-list-item\">\n\t\t\t\t\t\t\t\t\t\t\t<a href=\"#asesoria\">\n\n\t\t\t\t\t\t\t\t\t\t\t\t<span class=\"elementor-icon-list-icon\">\n\t\t\t\t\t\t\t<i aria-hidden=\"true\" class=\"fas fa-chevron-right\"><\/i>\t\t\t\t\t\t<\/span>\n\t\t\t\t\t\t\t\t\t\t<span class=\"elementor-icon-list-text\">Como acessar uma consultoria<\/span>\n\t\t\t\t\t\t\t\t\t\t\t<\/a>\n\t\t\t\t\t\t\t\t\t<\/li>\n\t\t\t\t\t\t<\/ul>\n\t\t\t\t<\/div>\n\t\t\t\t<\/div>\n\t\t\t\t\t\t<\/div>\n\t\t\t\t\t<\/div>\n\t\t<\/div>\n\t\t\t\t\t\t\t\t<\/div>\n\t\t\t\t\t<\/div>\n\t\t<\/section>\n\t\t\t\t<section class=\"elementor-section elementor-inner-section elementor-element elementor-element-57f10d5 elementor-hidden-desktop elementor-hidden-tablet elementor-section-boxed elementor-section-height-default elementor-section-height-default\" data-id=\"57f10d5\" data-element_type=\"section\">\n\t\t\t\t\t\t<div class=\"elementor-container elementor-column-gap-default\">\n\t\t\t\t\t\t\t<div class=\"elementor-row\">\n\t\t\t\t\t<div class=\"elementor-column elementor-col-100 elementor-inner-column elementor-element elementor-element-eefe5a3\" data-id=\"eefe5a3\" data-element_type=\"column\" data-settings=\"{&quot;background_background&quot;:&quot;gradient&quot;}\">\n\t\t\t<div class=\"elementor-column-wrap elementor-element-populated\">\n\t\t\t\t\t\t\t<div class=\"elementor-widget-wrap\">\n\t\t\t\t\t\t<div class=\"elementor-element elementor-element-d0e4b28 elementor-widget elementor-widget-text-editor\" data-id=\"d0e4b28\" data-element_type=\"widget\" data-widget_type=\"text-editor.default\">\n\t\t\t\t<div class=\"elementor-widget-container\">\n\t\t\t\t\t\t\t\t<div class=\"elementor-text-editor elementor-clearfix\">\n\t\t\t\t<h3>Contate-nos em nosso email\u00a0\u00a0\u00a0\u00a0\u00a0\u00a0\u00a0 <span style=\"text-decoration: underline;\"><span style=\"color: #0000ff; text-decoration: underline;\">iberbibliotecas@cerlalc.org<\/span><\/span><\/h3>\t\t\t\t\t<\/div>\n\t\t\t\t\t\t<\/div>\n\t\t\t\t<\/div>\n\t\t\t\t\t\t<\/div>\n\t\t\t\t\t<\/div>\n\t\t<\/div>\n\t\t\t\t\t\t\t\t<\/div>\n\t\t\t\t\t<\/div>\n\t\t<\/section>\n\t\t\t\t\t\t<\/div>\n\t\t\t\t\t<\/div>\n\t\t<\/div>\n\t\t\t\t<div class=\"elementor-column elementor-col-25 elementor-top-column elementor-element elementor-element-055bfe5\" data-id=\"055bfe5\" data-element_type=\"column\">\n\t\t\t<div class=\"elementor-column-wrap elementor-element-populated\">\n\t\t\t\t\t\t\t<div class=\"elementor-widget-wrap\">\n\t\t\t\t\t\t<div class=\"elementor-element elementor-element-b8f27f0 elementor-widget elementor-widget-image\" data-id=\"b8f27f0\" data-element_type=\"widget\" data-widget_type=\"image.default\">\n\t\t\t\t<div class=\"elementor-widget-container\">\n\t\t\t\t\t\t\t\t<div class=\"elementor-image\">\n\t\t\t\t\t\t\t\t\t\t\t\t<img decoding=\"async\" width=\"525\" height=\"394\" src=\"https:\/\/www.iberbibliotecas.org\/wp-content\/uploads\/2022\/04\/480212451_1207488047853581_7804984746579039031_n-1024x768.jpg\" class=\"attachment-large size-large\" alt=\"\" loading=\"lazy\" srcset=\"https:\/\/www.iberbibliotecas.org\/wp-content\/uploads\/2022\/04\/480212451_1207488047853581_7804984746579039031_n-1024x768.jpg 1024w, https:\/\/www.iberbibliotecas.org\/wp-content\/uploads\/2022\/04\/480212451_1207488047853581_7804984746579039031_n-300x225.jpg 300w, https:\/\/www.iberbibliotecas.org\/wp-content\/uploads\/2022\/04\/480212451_1207488047853581_7804984746579039031_n-768x576.jpg 768w, https:\/\/www.iberbibliotecas.org\/wp-content\/uploads\/2022\/04\/480212451_1207488047853581_7804984746579039031_n-1536x1152.jpg 1536w, https:\/\/www.iberbibliotecas.org\/wp-content\/uploads\/2022\/04\/480212451_1207488047853581_7804984746579039031_n-16x12.jpg 16w, https:\/\/www.iberbibliotecas.org\/wp-content\/uploads\/2022\/04\/480212451_1207488047853581_7804984746579039031_n.jpg 2048w\" sizes=\"100vw\" \/>\t\t\t\t\t\t\t\t\t\t\t\t\t\t<\/div>\n\t\t\t\t\t\t<\/div>\n\t\t\t\t<\/div>\n\t\t\t\t<div class=\"elementor-element elementor-element-2cd6405 elementor-widget elementor-widget-heading\" data-id=\"2cd6405\" data-element_type=\"widget\" id=\"objet1\" data-widget_type=\"heading.default\">\n\t\t\t\t<div class=\"elementor-widget-container\">\n\t\t\t<h2 class=\"elementor-heading-title elementor-size-default\">COMO FUNCIONA?  <\/h2>\t\t<\/div>\n\t\t\t\t<\/div>\n\t\t\t\t<div class=\"elementor-element elementor-element-f408c57 elementor-widget elementor-widget-text-editor\" data-id=\"f408c57\" data-element_type=\"widget\" data-widget_type=\"text-editor.default\">\n\t\t\t\t<div class=\"elementor-widget-container\">\n\t\t\t\t\t\t\t\t<div class=\"elementor-text-editor elementor-clearfix\">\n\t\t\t\t<p>\u00c9 uma ferramenta criada pelo Conselho Intergovernamental do Iberbibliotecas para apoiar bibliotecas ou entidades interessadas em se apresentar ao Concurso de Ajudas na reda\u00e7\u00e3o de projetos.<\/p><p>Ser\u00e1 composto por dois profissionais especialistas em desenho e execu\u00e7\u00e3o de projetos, que prestar\u00e3o assessoria nos seguintes temas:<\/p><ul><li>Apresenta\u00e7\u00e3o dos projetos<\/li><li>Crit\u00e9rios de avalia\u00e7\u00e3o<\/li><li>Or\u00e7amento<\/li><li>Formula\u00e7\u00e3o de projetos (conceitos)<\/li><li>Categorias para apresentar os projetos<\/li><li>Cria\u00e7\u00e3o de projetos (objetivos, p\u00fablico-alvo, a\u00e7\u00f5es e atividades, avalia\u00e7\u00e3o, entre outros).<\/li><\/ul>\t\t\t\t\t<\/div>\n\t\t\t\t\t\t<\/div>\n\t\t\t\t<\/div>\n\t\t\t\t<div class=\"elementor-element elementor-element-62c6db2 elementor-widget elementor-widget-heading\" data-id=\"62c6db2\" data-element_type=\"widget\" id=\"asesoria\" data-widget_type=\"heading.default\">\n\t\t\t\t<div class=\"elementor-widget-container\">\n\t\t\t<h2 class=\"elementor-heading-title elementor-size-default\">Como acessar uma consultoria<\/h2>\t\t<\/div>\n\t\t\t\t<\/div>\n\t\t\t\t<div class=\"elementor-element elementor-element-99a19ed elementor-widget elementor-widget-text-editor\" data-id=\"99a19ed\" data-element_type=\"widget\" data-widget_type=\"text-editor.default\">\n\t\t\t\t<div class=\"elementor-widget-container\">\n\t\t\t\t\t\t\t\t<div class=\"elementor-text-editor elementor-clearfix\">\n\t\t\t\t<p>O primeiro passo para acessar o acompanhamento ser\u00e1 se comunicar com os especialistas por meio de uma das seguintes op\u00e7\u00f5es:<\/p><ol><li>E-mail<\/li><\/ol><p><strong>D\u00favidas em espanhol<\/strong><br \/>Escreva uma mensagem com suas d\u00favidas para <span style=\"color: #ff0000;\"><a style=\"color: #ff0000;\" href=\"mailto:mesaconvocatoria@cerlalc.org\">mesaconvocatoria@cerlalc.org<\/a><\/span><\/p><p><strong>Dudas en portugu\u00e9s<\/strong><br \/>Escreva uma mensagem com suas d\u00favidas para <span style=\"color: #ff0000;\"><a style=\"color: #ff0000;\" href=\"mailto:mesaconcurso@cerlalc.org\">mesaconcurso@cerlalc.org<\/a><\/span><\/p><p>Lembre-se de escrever suas informa\u00e7\u00f5es de contato e mencionar em detalhes as informa\u00e7\u00f5es sobre o projeto e os t\u00f3picos em que \u00e9 necess\u00e1ria ajuda ou suporte.<\/p><ol start=\"2\"><li>Preencha o seguinte formul\u00e1rio:<\/li><\/ol>\t\t\t\t\t<\/div>\n\t\t\t\t\t\t<\/div>\n\t\t\t\t<\/div>\n\t\t\t\t<div class=\"elementor-element elementor-element-76bc288 elementor-align-center elementor-widget elementor-widget-button\" data-id=\"76bc288\" data-element_type=\"widget\" data-widget_type=\"button.default\">\n\t\t\t\t<div class=\"elementor-widget-container\">\n\t\t\t\t\t<div class=\"elementor-button-wrapper\">\n\t\t\t<a href=\"https:\/\/forms.gle\/hFf1q1ikMSwcuUmv9\" target=\"_blank\" class=\"elementor-button-link elementor-button elementor-size-md\" role=\"button\">\n\t\t\t\t\t\t<span class=\"elementor-button-content-wrapper\">\n\t\t\t\t\t\t<span class=\"elementor-button-text\">Preencha formulario<\/span>\n\t\t<\/span>\n\t\t\t\t\t<\/a>\n\t\t<\/div>\n\t\t\t\t<\/div>\n\t\t\t\t<\/div>\n\t\t\t\t<div class=\"elementor-element elementor-element-71e0e8d elementor-widget elementor-widget-text-editor\" data-id=\"71e0e8d\" data-element_type=\"widget\" data-widget_type=\"text-editor.default\">\n\t\t\t\t<div class=\"elementor-widget-container\">\n\t\t\t\t\t\t\t\t<div class=\"elementor-text-editor elementor-clearfix\">\n\t\t\t\t<p>Depois de preencher o formul\u00e1rio, a especialista entrar\u00e1 em contato com voc\u00ea para aconselh\u00e1-lo de acordo com seus t\u00f3picos de interesse.<\/p>\t\t\t\t\t<\/div>\n\t\t\t\t\t\t<\/div>\n\t\t\t\t<\/div>\n\t\t\t\t<div class=\"elementor-element elementor-element-78e5dd7 elementor-widget elementor-widget-text-editor\" data-id=\"78e5dd7\" data-element_type=\"widget\" data-widget_type=\"text-editor.default\">\n\t\t\t\t<div class=\"elementor-widget-container\">\n\t\t\t\t\t\t\t\t<div class=\"elementor-text-editor elementor-clearfix\">\n\t\t\t\t<ol start=\"3\"><li><span style=\"font-weight: 400;\">Conecte-se a consultas permanentes para tirar d\u00favidas. Eles ser\u00e3o realizados no Zoom e ser\u00e3o permitidas apenas doze pessoas, por ordem de chegada.<\/span><\/li><\/ol>\t\t\t\t\t<\/div>\n\t\t\t\t\t\t<\/div>\n\t\t\t\t<\/div>\n\t\t\t\t<div class=\"elementor-element elementor-element-507664a elementor-widget elementor-widget-heading\" data-id=\"507664a\" data-element_type=\"widget\" id=\"cronograma\" data-widget_type=\"heading.default\">\n\t\t\t\t<div class=\"elementor-widget-container\">\n\t\t\t<h3 class=\"elementor-heading-title elementor-size-default\">Consultorios en espa\u00f1ol<\/h3>\t\t<\/div>\n\t\t\t\t<\/div>\n\t\t\t\t<div class=\"elementor-element elementor-element-6d3a1fa elementor-widget elementor-widget-text-editor\" data-id=\"6d3a1fa\" data-element_type=\"widget\" data-widget_type=\"text-editor.default\">\n\t\t\t\t<div class=\"elementor-widget-container\">\n\t\t\t\t\t\t\t\t<div class=\"elementor-text-editor elementor-clearfix\">\n\t\t\t\t<table style=\"font-weight: 400;\" border=\"\" data-tablestyle=\"MsoTableGrid\" data-tablelook=\"1696\"><tbody><tr><td style=\"padding-left: 40px; text-align: center;\" data-celllook=\"0\"><strong>Todas as ter\u00e7as-feiras \/ de 8 de abril a 6 de maio<\/strong><\/td><td style=\"padding-left: 40px; text-align: center;\" data-celllook=\"0\"><strong>Todas as quintas-feiras, de 10 de abril a 8 de maio (exceto Quinta-feira Santa e 1\u00ba de maio)<\/strong><\/td><\/tr><tr><td style=\"padding-left: 40px;\" data-celllook=\"0\"><span style=\"font-weight: 400;\">8h Costa Rica, El Salvador, M\u00e9xico<\/span><\/td><td style=\"padding-left: 40px;\" data-celllook=\"0\"><span style=\"font-weight: 400;\">8h Costa Rica, El Salvador, M\u00e9xico<\/span><\/td><\/tr><tr style=\"padding-left: 40px;\"><td style=\"padding-left: 40px;\" data-celllook=\"0\"><span style=\"font-weight: 400;\">9h Col\u00f5mbia, Equador, Panam\u00e1, Per\u00fa<\/span><\/td><td style=\"padding-left: 40px;\" data-celllook=\"0\"><span style=\"font-weight: 400;\">9h Col\u00f5mbia, Equador, Panam\u00e1, Per\u00fa<\/span><\/td><\/tr><tr style=\"padding-left: 40px;\"><td style=\"padding-left: 40px;\" data-celllook=\"0\"><span style=\"font-weight: 400;\">10h Chile<\/span><\/td><td style=\"padding-left: 40px;\" data-celllook=\"0\"><span style=\"font-weight: 400;\">10h Chile<\/span><\/td><\/tr><tr style=\"padding-left: 40px;\"><td style=\"padding-left: 40px;\" data-celllook=\"0\"><span style=\"font-weight: 400;\">16h Espa\u00f1a<\/span><\/td><td style=\"padding-left: 40px;\" data-celllook=\"0\"><span style=\"font-weight: 400;\">16h Espa\u00f1a<\/span><\/td><\/tr><tr><td style=\"text-align: center;\" colspan=\"2\" data-celllook=\"0\"><span style=\"font-weight: 400;\">Link de conex\u00e3o: ESTE SERVI\u00c7O N\u00c3O EST\u00c1 MAIS DISPON\u00cdVEL<\/span><\/td><\/tr><\/tbody><\/table>\t\t\t\t\t<\/div>\n\t\t\t\t\t\t<\/div>\n\t\t\t\t<\/div>\n\t\t\t\t<div class=\"elementor-element elementor-element-79ec8ac elementor-widget elementor-widget-heading\" data-id=\"79ec8ac\" data-element_type=\"widget\" data-widget_type=\"heading.default\">\n\t\t\t\t<div class=\"elementor-widget-container\">\n\t\t\t<h3 class=\"elementor-heading-title elementor-size-default\">Consultorios en portugu\u00e9s<\/h3>\t\t<\/div>\n\t\t\t\t<\/div>\n\t\t\t\t<div class=\"elementor-element elementor-element-47c6443 elementor-widget elementor-widget-text-editor\" data-id=\"47c6443\" data-element_type=\"widget\" data-widget_type=\"text-editor.default\">\n\t\t\t\t<div class=\"elementor-widget-container\">\n\t\t\t\t\t\t\t\t<div class=\"elementor-text-editor elementor-clearfix\">\n\t\t\t\t<table style=\"font-weight: 400;\" border=\"\" data-tablestyle=\"MsoTableGrid\" data-tablelook=\"1696\"><tbody><tr><td style=\"text-align: center; padding-left: 40px;\" data-celllook=\"0\"><strong>Todas as quartas-feiras \/ de 9 de abril a 7 de maio<\/strong><\/td><td style=\"text-align: center; padding-left: 40px;\" data-celllook=\"0\"><strong>Todas as sextas-feiras, de 11 de abril a 9 de maio (exceto sexta-feira, 18 de abril) <\/strong><\/td><\/tr><tr><td style=\"padding-left: 40px;\" data-celllook=\"0\"><span style=\"font-weight: 400;\">\u00a011h Brasilia<\/span><\/td><td style=\"padding-left: 40px;\" data-celllook=\"0\"><span style=\"font-weight: 400;\">14h Brasilia<\/span><\/td><\/tr><tr style=\"padding-left: 40px;\"><td style=\"padding-left: 40px;\" data-celllook=\"0\"><span style=\"font-weight: 400;\">Link de conex\u00e3o: ESTE SERVI\u00c7O N\u00c3O EST\u00c1 MAIS DISPON\u00cdVEL<\/span><\/td><td style=\"padding-left: 40px;\" data-celllook=\"0\"><span style=\"font-weight: 400;\">Link de conex\u00e3o: ESTE SERVI\u00c7O N\u00c3O EST\u00c1 MAIS DISPON\u00cdVEL<\/span><\/td><\/tr><\/tbody><\/table>\t\t\t\t\t<\/div>\n\t\t\t\t\t\t<\/div>\n\t\t\t\t<\/div>\n\t\t\t\t<div class=\"elementor-element elementor-element-ef53e07 elementor-widget elementor-widget-text-editor\" data-id=\"ef53e07\" data-element_type=\"widget\" data-widget_type=\"text-editor.default\">\n\t\t\t\t<div class=\"elementor-widget-container\">\n\t\t\t\t\t\t\t\t<div class=\"elementor-text-editor elementor-clearfix\">\n\t\t\t\t<p><strong>Qualquer tipo de assessoria poder\u00e1 ser solicitado somente at\u00e9 1\u00ba de junho.<\/strong><\/p>\t\t\t\t\t<\/div>\n\t\t\t\t\t\t<\/div>\n\t\t\t\t<\/div>\n\t\t\t\t<div class=\"elementor-element elementor-element-f6e5411 elementor-widget elementor-widget-heading\" data-id=\"f6e5411\" data-element_type=\"widget\" id=\"asesoras\" data-widget_type=\"heading.default\">\n\t\t\t\t<div class=\"elementor-widget-container\">\n\t\t\t<h3 class=\"elementor-heading-title elementor-size-default\">Asesoras<\/h3>\t\t<\/div>\n\t\t\t\t<\/div>\n\t\t\t\t<div class=\"elementor-element elementor-element-9ade6ef elementor-widget elementor-widget-text-editor\" data-id=\"9ade6ef\" data-element_type=\"widget\" data-widget_type=\"text-editor.default\">\n\t\t\t\t<div class=\"elementor-widget-container\">\n\t\t\t\t\t\t\t\t<div class=\"elementor-text-editor elementor-clearfix\">\n\t\t\t\t<p><strong><em>Asessora em espanol:<\/em><\/strong><\/p>\t\t\t\t\t<\/div>\n\t\t\t\t\t\t<\/div>\n\t\t\t\t<\/div>\n\t\t\t\t<div class=\"elementor-element elementor-element-a60af50 elementor-widget elementor-widget-heading\" data-id=\"a60af50\" data-element_type=\"widget\" data-widget_type=\"heading.default\">\n\t\t\t\t<div class=\"elementor-widget-container\">\n\t\t\t<h3 class=\"elementor-heading-title elementor-size-default\">Roxana Huaman (Per\u00fa)<\/h3>\t\t<\/div>\n\t\t\t\t<\/div>\n\t\t\t\t<div class=\"elementor-element elementor-element-aa1bd86 elementor-widget elementor-widget-image\" data-id=\"aa1bd86\" data-element_type=\"widget\" data-widget_type=\"image.default\">\n\t\t\t\t<div class=\"elementor-widget-container\">\n\t\t\t\t\t\t\t\t<div class=\"elementor-image\">\n\t\t\t\t\t\t\t\t\t\t\t\t<img decoding=\"async\" width=\"525\" height=\"502\" src=\"https:\/\/www.iberbibliotecas.org\/wp-content\/uploads\/2022\/03\/Roxana-768x734.jpg\" class=\"attachment-medium_large size-medium_large\" alt=\"\" loading=\"lazy\" srcset=\"https:\/\/www.iberbibliotecas.org\/wp-content\/uploads\/2022\/03\/Roxana-768x734.jpg 768w, https:\/\/www.iberbibliotecas.org\/wp-content\/uploads\/2022\/03\/Roxana-300x287.jpg 300w, https:\/\/www.iberbibliotecas.org\/wp-content\/uploads\/2022\/03\/Roxana-1024x979.jpg 1024w, https:\/\/www.iberbibliotecas.org\/wp-content\/uploads\/2022\/03\/Roxana-1536x1468.jpg 1536w, https:\/\/www.iberbibliotecas.org\/wp-content\/uploads\/2022\/03\/Roxana-13x12.jpg 13w, https:\/\/www.iberbibliotecas.org\/wp-content\/uploads\/2022\/03\/Roxana.jpg 1576w\" sizes=\"100vw\" \/>\t\t\t\t\t\t\t\t\t\t\t\t\t\t<\/div>\n\t\t\t\t\t\t<\/div>\n\t\t\t\t<\/div>\n\t\t\t\t<div class=\"elementor-element elementor-element-2d4cc51 elementor-widget elementor-widget-text-editor\" data-id=\"2d4cc51\" data-element_type=\"widget\" data-widget_type=\"text-editor.default\">\n\t\t\t\t<div class=\"elementor-widget-container\">\n\t\t\t\t\t\t\t\t<div class=\"elementor-text-editor elementor-clearfix\">\n\t\t\t\t<p style=\"text-align: justify;\">Bibliotec\u00e1ria. Mestre em Educa\u00e7\u00e3o com men\u00e7\u00e3o em Gest\u00e3o Educacional.\nEla tem especializa\u00e7\u00f5es em Gerenciamento de Projetos e Habilidades de Gerenciamento, e em\nInova\u00e7\u00e3o Estrat\u00e9gica. Diploma em Gest\u00e3o Cultural e Educa\u00e7\u00e3o e Tecnologia\nInforma\u00e7\u00e3o e Comunica\u00e7\u00e3o. Com forma\u00e7\u00e3o em Gest\u00e3o e Design de Processos\nIndicadores e pol\u00edticas p\u00fablicas com abordagem intercultural. Membro do Programa 2024\nL\u00edderes Internacionais de Bibliotecas (ILLP) da Biblioteca Brit\u00e2nica (Reino Unido). No\nAtualmente cursa o Doutorado em Gest\u00e3o Estrat\u00e9gica pelo Cons\u00f3rcio\nde Universidades (Peru).<\/p><p style=\"text-align: justify;\">Profissional com mais de 20 anos de experi\u00eancia no ambiente bibliotec\u00e1rio, orientado para concep\u00e7\u00e3o e gest\u00e3o de projetos culturais. Foi j\u00fari em diversos concursos e apelos do Minist\u00e9rio da Cultura (Peru) para leitura e bibliotecas. Oficina e palestrante sobre temas ligados ao ecossistema do Livro, da Leitura e das Bibliotecas.\nDa mesma forma, \u00e9 professor do Diploma de Gest\u00e3o Cultural da Escola de P\u00f3s-Gradua\u00e7\u00e3o\npela Universidade Antonio Ruiz de Montoya. Atualmente \u00e9 Coordenadora do Informa\u00e7\u00f5es da Se\u00e7\u00e3o de Gest\u00e3o e Marketing da Federa\u00e7\u00e3o Internacional de Bibliotecas e Associa\u00e7\u00f5es de Bibliotecas (IFLA); Secret\u00e1rio Geral do Col\u00e9gio de Bibliotec\u00e1rios do Peru; e Vice-Chefe da Biblioteca BRIT\u00c2NICA, Associa\u00e7\u00e3o de Bibliotecas Cultural Peruana Brit\u00e2nica.<\/p>\t\t\t\t\t<\/div>\n\t\t\t\t\t\t<\/div>\n\t\t\t\t<\/div>\n\t\t\t\t<div class=\"elementor-element elementor-element-349a8cf elementor-widget elementor-widget-text-editor\" data-id=\"349a8cf\" data-element_type=\"widget\" data-widget_type=\"text-editor.default\">\n\t\t\t\t<div class=\"elementor-widget-container\">\n\t\t\t\t\t\t\t\t<div class=\"elementor-text-editor elementor-clearfix\">\n\t\t\t\t<p><strong>Asesora en portugu\u00e9s<\/strong><\/p>\t\t\t\t\t<\/div>\n\t\t\t\t\t\t<\/div>\n\t\t\t\t<\/div>\n\t\t\t\t<div class=\"elementor-element elementor-element-28a11e9 elementor-widget elementor-widget-heading\" data-id=\"28a11e9\" data-element_type=\"widget\" data-widget_type=\"heading.default\">\n\t\t\t\t<div class=\"elementor-widget-container\">\n\t\t\t<h3 class=\"elementor-heading-title elementor-size-default\">Hanna Gledyz (Brasil)<\/h3>\t\t<\/div>\n\t\t\t\t<\/div>\n\t\t\t\t<div class=\"elementor-element elementor-element-6b63836 elementor-widget elementor-widget-image\" data-id=\"6b63836\" data-element_type=\"widget\" data-widget_type=\"image.default\">\n\t\t\t\t<div class=\"elementor-widget-container\">\n\t\t\t\t\t\t\t\t<div class=\"elementor-image\">\n\t\t\t\t\t\t\t\t\t\t\t\t<img decoding=\"async\" width=\"525\" height=\"592\" src=\"https:\/\/www.iberbibliotecas.org\/wp-content\/uploads\/2025\/04\/Hanna_2-908x1024.jpg\" class=\"attachment-large size-large\" alt=\"\" loading=\"lazy\" srcset=\"https:\/\/www.iberbibliotecas.org\/wp-content\/uploads\/2025\/04\/Hanna_2-908x1024.jpg 908w, https:\/\/www.iberbibliotecas.org\/wp-content\/uploads\/2025\/04\/Hanna_2-266x300.jpg 266w, https:\/\/www.iberbibliotecas.org\/wp-content\/uploads\/2025\/04\/Hanna_2-768x866.jpg 768w, https:\/\/www.iberbibliotecas.org\/wp-content\/uploads\/2025\/04\/Hanna_2-1362x1536.jpg 1362w, https:\/\/www.iberbibliotecas.org\/wp-content\/uploads\/2025\/04\/Hanna_2-11x12.jpg 11w, https:\/\/www.iberbibliotecas.org\/wp-content\/uploads\/2025\/04\/Hanna_2.jpg 1494w\" sizes=\"100vw\" \/>\t\t\t\t\t\t\t\t\t\t\t\t\t\t<\/div>\n\t\t\t\t\t\t<\/div>\n\t\t\t\t<\/div>\n\t\t\t\t<div class=\"elementor-element elementor-element-b1cd29c elementor-widget elementor-widget-text-editor\" data-id=\"b1cd29c\" data-element_type=\"widget\" data-widget_type=\"text-editor.default\">\n\t\t\t\t<div class=\"elementor-widget-container\">\n\t\t\t\t\t\t\t\t<div class=\"elementor-text-editor elementor-clearfix\">\n\t\t\t\t<p><span style=\"font-weight: 400;\">Ela \u00e9 Bibliotec\u00e1ria, com P\u00f3s-Gradua\u00e7\u00e3o em Gest\u00e3o de Bibliotecas P\u00fablicas. Possui vasta experi\u00eancia na gest\u00e3o e desenvolvimento de pol\u00edticas p\u00fablicas para bibliotecas. Atuou no Sistema Nacional de Bibliotecas P\u00fablicas, oferecendo assessoria t\u00e9cnica a espa\u00e7os de leitura em todo o Brasil, e fez parte da equipe do Sistema Estadual de Bibliotecas do Rio de Janeiro, com foco no fomento e apoio a equipamentos culturais do estado. No Minist\u00e9rio da Cultura, foi Coordenadora na Secretaria de Economia Criativa e, na Tocalivros, atuou como Consultora em Bibliotecas Digitais. No terceiro setor, foi Coordenadora na RECODE, liderando projetos de empoderamento digital, e no Observat\u00f3rio do Livro e da Leitura, coordenou a\u00e7\u00f5es para promover a leitura liter\u00e1ria. Hanna tamb\u00e9m tem experi\u00eancia como instrutora, ministrando cursos sobre advocacy, design thinking, redes sociais, acessibilidade e inclus\u00e3o, entre outros temas. Atualmente, \u00e9 Empreendedora Cultural, conduzindo o projeto \"Mediando Leituras para Inclus\u00e3o e Cidadania\" e oferece consultoria especializada a bibliotecas p\u00fablicas e comunit\u00e1rias brasileiras.<\/span><\/p>\t\t\t\t\t<\/div>\n\t\t\t\t\t\t<\/div>\n\t\t\t\t<\/div>\n\t\t\t\t\t\t<\/div>\n\t\t\t\t\t<\/div>\n\t\t<\/div>\n\t\t\t\t<div class=\"elementor-column elementor-col-25 elementor-top-column elementor-element elementor-element-c869468 elementor-hidden-phone\" data-id=\"c869468\" data-element_type=\"column\">\n\t\t\t<div class=\"elementor-column-wrap elementor-element-populated\">\n\t\t\t\t\t\t\t<div class=\"elementor-widget-wrap\">\n\t\t\t\t\t\t<div class=\"elementor-element elementor-element-4e3a5d4 elementor-widget elementor-widget-spacer\" data-id=\"4e3a5d4\" data-element_type=\"widget\" data-widget_type=\"spacer.default\">\n\t\t\t\t<div class=\"elementor-widget-container\">\n\t\t\t\t\t<div class=\"elementor-spacer\">\n\t\t\t<div class=\"elementor-spacer-inner\"><\/div>\n\t\t<\/div>\n\t\t\t\t<\/div>\n\t\t\t\t<\/div>\n\t\t\t\t<section class=\"elementor-section elementor-inner-section elementor-element elementor-element-c5b84ad elementor-section-boxed elementor-section-height-default elementor-section-height-default\" data-id=\"c5b84ad\" data-element_type=\"section\" data-settings=\"{&quot;sticky&quot;:&quot;top&quot;,&quot;sticky_offset&quot;:90,&quot;sticky_on&quot;:[&quot;desktop&quot;,&quot;tablet&quot;,&quot;mobile&quot;],&quot;sticky_effects_offset&quot;:0}\">\n\t\t\t\t\t\t<div class=\"elementor-container elementor-column-gap-default\">\n\t\t\t\t\t\t\t<div class=\"elementor-row\">\n\t\t\t\t\t<div class=\"elementor-column elementor-col-100 elementor-inner-column elementor-element elementor-element-1899595\" data-id=\"1899595\" data-element_type=\"column\" data-settings=\"{&quot;background_background&quot;:&quot;gradient&quot;}\">\n\t\t\t<div class=\"elementor-column-wrap elementor-element-populated\">\n\t\t\t\t\t\t\t<div class=\"elementor-widget-wrap\">\n\t\t\t\t\t\t<div class=\"elementor-element elementor-element-16a673f elementor-widget elementor-widget-heading\" data-id=\"16a673f\" data-element_type=\"widget\" data-widget_type=\"heading.default\">\n\t\t\t\t<div class=\"elementor-widget-container\">\n\t\t\t<h2 class=\"elementor-heading-title elementor-size-default\">\u00cdndice<\/h2>\t\t<\/div>\n\t\t\t\t<\/div>\n\t\t\t\t<div class=\"elementor-element elementor-element-89bb8bd elementor-align-left elementor-icon-list--layout-traditional elementor-list-item-link-full_width elementor-widget elementor-widget-icon-list\" data-id=\"89bb8bd\" data-element_type=\"widget\" data-widget_type=\"icon-list.default\">\n\t\t\t\t<div class=\"elementor-widget-container\">\n\t\t\t\t\t<ul class=\"elementor-icon-list-items\">\n\t\t\t\t\t\t\t<li class=\"elementor-icon-list-item\">\n\t\t\t\t\t\t\t\t\t\t\t<a href=\"#objet1\">\n\n\t\t\t\t\t\t\t\t\t\t\t\t<span class=\"elementor-icon-list-icon\">\n\t\t\t\t\t\t\t<i aria-hidden=\"true\" class=\"fas fa-chevron-right\"><\/i>\t\t\t\t\t\t<\/span>\n\t\t\t\t\t\t\t\t\t\t<span class=\"elementor-icon-list-text\">\u00bfc\u00f3mo funciona?<\/span>\n\t\t\t\t\t\t\t\t\t\t\t<\/a>\n\t\t\t\t\t\t\t\t\t<\/li>\n\t\t\t\t\t\t\t\t<li class=\"elementor-icon-list-item\">\n\t\t\t\t\t\t\t\t\t\t\t<a href=\"#asesoria\">\n\n\t\t\t\t\t\t\t\t\t\t\t\t<span class=\"elementor-icon-list-icon\">\n\t\t\t\t\t\t\t<i aria-hidden=\"true\" class=\"fas fa-chevron-right\"><\/i>\t\t\t\t\t\t<\/span>\n\t\t\t\t\t\t\t\t\t\t<span class=\"elementor-icon-list-text\">Como acessar uma consultoria<\/span>\n\t\t\t\t\t\t\t\t\t\t\t<\/a>\n\t\t\t\t\t\t\t\t\t<\/li>\n\t\t\t\t\t\t\t\t<li class=\"elementor-icon-list-item\">\n\t\t\t\t\t\t\t\t\t\t\t<a href=\"#cronograma\">\n\n\t\t\t\t\t\t\t\t\t\t\t\t<span class=\"elementor-icon-list-icon\">\n\t\t\t\t\t\t\t<i aria-hidden=\"true\" class=\"fas fa-chevron-right\"><\/i>\t\t\t\t\t\t<\/span>\n\t\t\t\t\t\t\t\t\t\t<span class=\"elementor-icon-list-text\">Cronograma<\/span>\n\t\t\t\t\t\t\t\t\t\t\t<\/a>\n\t\t\t\t\t\t\t\t\t<\/li>\n\t\t\t\t\t\t\t\t<li class=\"elementor-icon-list-item\">\n\t\t\t\t\t\t\t\t\t\t\t<a href=\"#asesoras\">\n\n\t\t\t\t\t\t\t\t\t\t\t\t<span class=\"elementor-icon-list-icon\">\n\t\t\t\t\t\t\t<i aria-hidden=\"true\" class=\"fas fa-chevron-right\"><\/i>\t\t\t\t\t\t<\/span>\n\t\t\t\t\t\t\t\t\t\t<span class=\"elementor-icon-list-text\">Asesoras<\/span>\n\t\t\t\t\t\t\t\t\t\t\t<\/a>\n\t\t\t\t\t\t\t\t\t<\/li>\n\t\t\t\t\t\t<\/ul>\n\t\t\t\t<\/div>\n\t\t\t\t<\/div>\n\t\t\t\t\t\t<\/div>\n\t\t\t\t\t<\/div>\n\t\t<\/div>\n\t\t\t\t\t\t\t\t<\/div>\n\t\t\t\t\t<\/div>\n\t\t<\/section>\n\t\t\t\t<section class=\"elementor-section elementor-inner-section elementor-element elementor-element-76d495e elementor-section-boxed elementor-section-height-default elementor-section-height-default\" data-id=\"76d495e\" data-element_type=\"section\" data-settings=\"{&quot;sticky&quot;:&quot;top&quot;,&quot;sticky_offset&quot;:245,&quot;sticky_on&quot;:[&quot;desktop&quot;,&quot;tablet&quot;,&quot;mobile&quot;],&quot;sticky_effects_offset&quot;:0}\">\n\t\t\t\t\t\t<div class=\"elementor-container elementor-column-gap-default\">\n\t\t\t\t\t\t\t<div class=\"elementor-row\">\n\t\t\t\t\t\t\t\t\t<\/div>\n\t\t\t\t\t<\/div>\n\t\t<\/section>\n\t\t\t\t\t\t<\/div>\n\t\t\t\t\t<\/div>\n\t\t<\/div>\n\t\t\t\t<div class=\"elementor-column elementor-col-25 elementor-top-column elementor-element elementor-element-d52ee73\" data-id=\"d52ee73\" data-element_type=\"column\">\n\t\t\t<div class=\"elementor-column-wrap\">\n\t\t\t\t\t\t\t<div class=\"elementor-widget-wrap\">\n\t\t\t\t\t\t\t\t<\/div>\n\t\t\t\t\t<\/div>\n\t\t<\/div>\n\t\t\t\t\t\t\t\t<\/div>\n\t\t\t\t\t<\/div>\n\t\t<\/section>\n\t\t\t\t\t\t\t\t\t<\/div>\n\t\t\t<\/div>\n\t\t\t\t\t<\/div>","protected":false},"excerpt":{"rendered":"<p>ASESOR\u00cdA PARA LA PRESENTACI\u00d3N DE PROYECTOS \u00cdndice \u00bfQu\u00e9 es la mesa? Expertas de la mesa C\u00f3mo funciona la mesa C\u00f3mo acceder a una asesor\u00eda Cont\u00e1ctanos a nuestro\u00a0\u00a0\u00a0\u00a0\u00a0\u00a0\u00a0 iberbibliotecas@cerlalc.org \u00bfC\u00d3MO FUNCIONA? &hellip; <\/p>\n<p class=\"link-more\"><a href=\"https:\/\/www.iberbibliotecas.org\/por\/asesoriaproyectos_back\/\" class=\"more-link\">Continue lendo<span class=\"screen-reader-text\"> &#8220;Asesor\u00eda de proyectos_back&#8221;<\/span><\/a><\/p>","protected":false},"author":1,"featured_media":13657,"comment_status":"open","ping_status":"open","sticky":false,"template":"elementor_header_footer","format":"standard","meta":{"_EventAllDay":false,"_EventTimezone":"","_EventStartDate":"","_EventEndDate":"","_EventStartDateUTC":"","_EventEndDateUTC":"","_EventShowMap":false,"_EventShowMapLink":false,"_EventURL":"","_EventCost":"","_EventCostDescription":"","_EventCurrencySymbol":"","_EventCurrencyCode":"","_EventCurrencyPosition":"","_EventDateTimeSeparator":"","_EventTimeRangeSeparator":"","_EventOrganizerID":[],"_EventVenueID":0,"_OrganizerEmail":"","_OrganizerPhone":"","_OrganizerWebsite":"","_VenueAddress":"","_VenueCity":"","_VenueCountry":"","_VenueProvince":"","_VenueZip":"","_VenuePhone":"","_VenueURL":"","_VenueStateProvince":"","_VenueLat":"","_VenueLng":""},"categories":[47,41],"tags":[],"yoast_head":"<!-- This site is optimized with the Yoast SEO plugin v20.11 - https:\/\/yoast.com\/wordpress\/plugins\/seo\/ -->\n<title>Asesor\u00eda de proyectos_back - Iberbibliotecas<\/title>\n<meta name=\"description\" content=\"Herramienta creada para apoyar en la escritura de los proyectos a las bibliotecas o entidades interesadas en presentarse a la 10\u00aa Convocatoria de Ayudas.\" \/>\n<meta name=\"robots\" content=\"index, follow, max-snippet:-1, max-image-preview:large, max-video-preview:-1\" \/>\n<link rel=\"canonical\" href=\"https:\/\/www.iberbibliotecas.org\/por\/asesoriaproyectos_back\/\" \/>\n<meta property=\"og:locale\" content=\"pt_BR\" \/>\n<meta property=\"og:type\" content=\"article\" \/>\n<meta property=\"og:title\" content=\"Asesor\u00eda de proyectos_back - Iberbibliotecas\" \/>\n<meta property=\"og:description\" content=\"Herramienta creada para apoyar en la escritura de los proyectos a las bibliotecas o entidades interesadas en presentarse a la 10\u00aa Convocatoria de Ayudas.\" \/>\n<meta property=\"og:url\" content=\"https:\/\/www.iberbibliotecas.org\/por\/asesoriaproyectos_back\/\" \/>\n<meta property=\"og:site_name\" content=\"Iberbibliotecas\" \/>\n<meta property=\"article:published_time\" content=\"2022-04-05T05:26:13+00:00\" \/>\n<meta property=\"article:modified_time\" content=\"2026-04-13T23:57:01+00:00\" \/>\n<meta property=\"og:image\" content=\"https:\/\/www.iberbibliotecas.org\/wp-content\/uploads\/2022\/04\/BPE-Girona01.jpg\" \/>\n\t<meta property=\"og:image:width\" content=\"768\" \/>\n\t<meta property=\"og:image:height\" content=\"413\" \/>\n\t<meta property=\"og:image:type\" content=\"image\/jpeg\" \/>\n<meta name=\"author\" content=\"admin\" \/>\n<meta name=\"twitter:card\" content=\"summary_large_image\" \/>\n<meta name=\"twitter:label1\" content=\"Escrito por\" \/>\n\t<meta name=\"twitter:data1\" content=\"admin\" \/>\n\t<meta name=\"twitter:label2\" content=\"Est. tempo de leitura\" \/>\n\t<meta name=\"twitter:data2\" content=\"5 minutos\" \/>\n<script type=\"application\/ld+json\" class=\"yoast-schema-graph\">{\"@context\":\"https:\/\/schema.org\",\"@graph\":[{\"@type\":\"Article\",\"@id\":\"https:\/\/www.iberbibliotecas.org\/asesoriaproyectos_back\/#article\",\"isPartOf\":{\"@id\":\"https:\/\/www.iberbibliotecas.org\/asesoriaproyectos_back\/\"},\"author\":{\"name\":\"admin\",\"@id\":\"https:\/\/www.iberbibliotecas.org\/#\/schema\/person\/486ac82ad50c6a0a37e3b388a7f40012\"},\"headline\":\"Asesor\u00eda de proyectos_back\",\"datePublished\":\"2022-04-05T05:26:13+00:00\",\"dateModified\":\"2026-04-13T23:57:01+00:00\",\"mainEntityOfPage\":{\"@id\":\"https:\/\/www.iberbibliotecas.org\/asesoriaproyectos_back\/\"},\"wordCount\":874,\"commentCount\":0,\"publisher\":{\"@id\":\"https:\/\/www.iberbibliotecas.org\/#organization\"},\"articleSection\":[\"2026\",\"A\u00f1o Iberoamericano\"],\"inLanguage\":\"pt-BR\",\"potentialAction\":[{\"@type\":\"CommentAction\",\"name\":\"Comment\",\"target\":[\"https:\/\/www.iberbibliotecas.org\/asesoriaproyectos_back\/#respond\"]}]},{\"@type\":\"WebPage\",\"@id\":\"https:\/\/www.iberbibliotecas.org\/asesoriaproyectos_back\/\",\"url\":\"https:\/\/www.iberbibliotecas.org\/asesoriaproyectos_back\/\",\"name\":\"Asesor\u00eda de proyectos_back - Iberbibliotecas\",\"isPartOf\":{\"@id\":\"https:\/\/www.iberbibliotecas.org\/#website\"},\"datePublished\":\"2022-04-05T05:26:13+00:00\",\"dateModified\":\"2026-04-13T23:57:01+00:00\",\"description\":\"Herramienta creada para apoyar en la escritura de los proyectos a las bibliotecas o entidades interesadas en presentarse a la 10\u00aa Convocatoria de Ayudas.\",\"breadcrumb\":{\"@id\":\"https:\/\/www.iberbibliotecas.org\/asesoriaproyectos_back\/#breadcrumb\"},\"inLanguage\":\"pt-BR\",\"potentialAction\":[{\"@type\":\"ReadAction\",\"target\":[\"https:\/\/www.iberbibliotecas.org\/asesoriaproyectos_back\/\"]}]},{\"@type\":\"BreadcrumbList\",\"@id\":\"https:\/\/www.iberbibliotecas.org\/asesoriaproyectos_back\/#breadcrumb\",\"itemListElement\":[{\"@type\":\"ListItem\",\"position\":1,\"name\":\"Inicio\",\"item\":\"https:\/\/www.iberbibliotecas.org\/\"},{\"@type\":\"ListItem\",\"position\":2,\"name\":\"Asesor\u00eda de proyectos_back\"}]},{\"@type\":\"WebSite\",\"@id\":\"https:\/\/www.iberbibliotecas.org\/#website\",\"url\":\"https:\/\/www.iberbibliotecas.org\/\",\"name\":\"Iberbibliotecas\",\"description\":\"\",\"publisher\":{\"@id\":\"https:\/\/www.iberbibliotecas.org\/#organization\"},\"potentialAction\":[{\"@type\":\"SearchAction\",\"target\":{\"@type\":\"EntryPoint\",\"urlTemplate\":\"https:\/\/www.iberbibliotecas.org\/?s={search_term_string}\"},\"query-input\":\"required name=search_term_string\"}],\"inLanguage\":\"pt-BR\"},{\"@type\":\"Organization\",\"@id\":\"https:\/\/www.iberbibliotecas.org\/#organization\",\"name\":\"Iberbibliotecas\",\"url\":\"https:\/\/www.iberbibliotecas.org\/\",\"logo\":{\"@type\":\"ImageObject\",\"inLanguage\":\"pt-BR\",\"@id\":\"https:\/\/www.iberbibliotecas.org\/#\/schema\/logo\/image\/\",\"url\":\"https:\/\/www.iberbibliotecas.org\/wp-content\/uploads\/2021\/03\/logo_c_ib.png\",\"contentUrl\":\"https:\/\/www.iberbibliotecas.org\/wp-content\/uploads\/2021\/03\/logo_c_ib.png\",\"width\":289,\"height\":180,\"caption\":\"Iberbibliotecas\"},\"image\":{\"@id\":\"https:\/\/www.iberbibliotecas.org\/#\/schema\/logo\/image\/\"}},{\"@type\":\"Person\",\"@id\":\"https:\/\/www.iberbibliotecas.org\/#\/schema\/person\/486ac82ad50c6a0a37e3b388a7f40012\",\"name\":\"admin\",\"image\":{\"@type\":\"ImageObject\",\"inLanguage\":\"pt-BR\",\"@id\":\"https:\/\/www.iberbibliotecas.org\/#\/schema\/person\/image\/\",\"url\":\"https:\/\/secure.gravatar.com\/avatar\/bd32ff3442cc72b6eeb88993179a289a?s=96&d=mm&r=g\",\"contentUrl\":\"https:\/\/secure.gravatar.com\/avatar\/bd32ff3442cc72b6eeb88993179a289a?s=96&d=mm&r=g\",\"caption\":\"admin\"},\"sameAs\":[\"http:\/\/34.125.232.78\"],\"url\":\"https:\/\/www.iberbibliotecas.org\/por\/author\/admin\/\"}]}<\/script>\n<!-- \/ Yoast SEO plugin. -->","yoast_head_json":{"title":"Asesor\u00eda de proyectos_back - Iberbibliotecas","description":"Herramienta creada para apoyar en la escritura de los proyectos a las bibliotecas o entidades interesadas en presentarse a la 10\u00aa Convocatoria de Ayudas.","robots":{"index":"index","follow":"follow","max-snippet":"max-snippet:-1","max-image-preview":"max-image-preview:large","max-video-preview":"max-video-preview:-1"},"canonical":"https:\/\/www.iberbibliotecas.org\/por\/asesoriaproyectos_back\/","og_locale":"pt_BR","og_type":"article","og_title":"Asesor\u00eda de proyectos_back - Iberbibliotecas","og_description":"Herramienta creada para apoyar en la escritura de los proyectos a las bibliotecas o entidades interesadas en presentarse a la 10\u00aa Convocatoria de Ayudas.","og_url":"https:\/\/www.iberbibliotecas.org\/por\/asesoriaproyectos_back\/","og_site_name":"Iberbibliotecas","article_published_time":"2022-04-05T05:26:13+00:00","article_modified_time":"2026-04-13T23:57:01+00:00","og_image":[{"width":768,"height":413,"url":"https:\/\/www.iberbibliotecas.org\/wp-content\/uploads\/2022\/04\/BPE-Girona01.jpg","type":"image\/jpeg"}],"author":"admin","twitter_card":"summary_large_image","twitter_misc":{"Escrito por":"admin","Est. tempo de leitura":"5 minutos"},"schema":{"@context":"https:\/\/schema.org","@graph":[{"@type":"Article","@id":"https:\/\/www.iberbibliotecas.org\/asesoriaproyectos_back\/#article","isPartOf":{"@id":"https:\/\/www.iberbibliotecas.org\/asesoriaproyectos_back\/"},"author":{"name":"admin","@id":"https:\/\/www.iberbibliotecas.org\/#\/schema\/person\/486ac82ad50c6a0a37e3b388a7f40012"},"headline":"Asesor\u00eda de proyectos_back","datePublished":"2022-04-05T05:26:13+00:00","dateModified":"2026-04-13T23:57:01+00:00","mainEntityOfPage":{"@id":"https:\/\/www.iberbibliotecas.org\/asesoriaproyectos_back\/"},"wordCount":874,"commentCount":0,"publisher":{"@id":"https:\/\/www.iberbibliotecas.org\/#organization"},"articleSection":["2026","A\u00f1o Iberoamericano"],"inLanguage":"pt-BR","potentialAction":[{"@type":"CommentAction","name":"Comment","target":["https:\/\/www.iberbibliotecas.org\/asesoriaproyectos_back\/#respond"]}]},{"@type":"WebPage","@id":"https:\/\/www.iberbibliotecas.org\/asesoriaproyectos_back\/","url":"https:\/\/www.iberbibliotecas.org\/asesoriaproyectos_back\/","name":"Asesor\u00eda de proyectos_back - Iberbibliotecas","isPartOf":{"@id":"https:\/\/www.iberbibliotecas.org\/#website"},"datePublished":"2022-04-05T05:26:13+00:00","dateModified":"2026-04-13T23:57:01+00:00","description":"Herramienta creada para apoyar en la escritura de los proyectos a las bibliotecas o entidades interesadas en presentarse a la 10\u00aa Convocatoria de Ayudas.","breadcrumb":{"@id":"https:\/\/www.iberbibliotecas.org\/asesoriaproyectos_back\/#breadcrumb"},"inLanguage":"pt-BR","potentialAction":[{"@type":"ReadAction","target":["https:\/\/www.iberbibliotecas.org\/asesoriaproyectos_back\/"]}]},{"@type":"BreadcrumbList","@id":"https:\/\/www.iberbibliotecas.org\/asesoriaproyectos_back\/#breadcrumb","itemListElement":[{"@type":"ListItem","position":1,"name":"Inicio","item":"https:\/\/www.iberbibliotecas.org\/"},{"@type":"ListItem","position":2,"name":"Asesor\u00eda de proyectos_back"}]},{"@type":"WebSite","@id":"https:\/\/www.iberbibliotecas.org\/#website","url":"https:\/\/www.iberbibliotecas.org\/","name":"Iberbibliotecas","description":"","publisher":{"@id":"https:\/\/www.iberbibliotecas.org\/#organization"},"potentialAction":[{"@type":"SearchAction","target":{"@type":"EntryPoint","urlTemplate":"https:\/\/www.iberbibliotecas.org\/?s={search_term_string}"},"query-input":"required name=search_term_string"}],"inLanguage":"pt-BR"},{"@type":"Organization","@id":"https:\/\/www.iberbibliotecas.org\/#organization","name":"Iberbibliotecas","url":"https:\/\/www.iberbibliotecas.org\/","logo":{"@type":"ImageObject","inLanguage":"pt-BR","@id":"https:\/\/www.iberbibliotecas.org\/#\/schema\/logo\/image\/","url":"https:\/\/www.iberbibliotecas.org\/wp-content\/uploads\/2021\/03\/logo_c_ib.png","contentUrl":"https:\/\/www.iberbibliotecas.org\/wp-content\/uploads\/2021\/03\/logo_c_ib.png","width":289,"height":180,"caption":"Iberbibliotecas"},"image":{"@id":"https:\/\/www.iberbibliotecas.org\/#\/schema\/logo\/image\/"}},{"@type":"Person","@id":"https:\/\/www.iberbibliotecas.org\/#\/schema\/person\/486ac82ad50c6a0a37e3b388a7f40012","name":"admin","image":{"@type":"ImageObject","inLanguage":"pt-BR","@id":"https:\/\/www.iberbibliotecas.org\/#\/schema\/person\/image\/","url":"https:\/\/secure.gravatar.com\/avatar\/bd32ff3442cc72b6eeb88993179a289a?s=96&d=mm&r=g","contentUrl":"https:\/\/secure.gravatar.com\/avatar\/bd32ff3442cc72b6eeb88993179a289a?s=96&d=mm&r=g","caption":"admin"},"sameAs":["http:\/\/34.125.232.78"],"url":"https:\/\/www.iberbibliotecas.org\/por\/author\/admin\/"}]}},"_links":{"self":[{"href":"https:\/\/www.iberbibliotecas.org\/por\/wp-json\/wp\/v2\/posts\/13647"}],"collection":[{"href":"https:\/\/www.iberbibliotecas.org\/por\/wp-json\/wp\/v2\/posts"}],"about":[{"href":"https:\/\/www.iberbibliotecas.org\/por\/wp-json\/wp\/v2\/types\/post"}],"author":[{"embeddable":true,"href":"https:\/\/www.iberbibliotecas.org\/por\/wp-json\/wp\/v2\/users\/1"}],"replies":[{"embeddable":true,"href":"https:\/\/www.iberbibliotecas.org\/por\/wp-json\/wp\/v2\/comments?post=13647"}],"version-history":[{"count":85,"href":"https:\/\/www.iberbibliotecas.org\/por\/wp-json\/wp\/v2\/posts\/13647\/revisions"}],"predecessor-version":[{"id":22817,"href":"https:\/\/www.iberbibliotecas.org\/por\/wp-json\/wp\/v2\/posts\/13647\/revisions\/22817"}],"wp:featuredmedia":[{"embeddable":true,"href":"https:\/\/www.iberbibliotecas.org\/por\/wp-json\/wp\/v2\/media\/13657"}],"wp:attachment":[{"href":"https:\/\/www.iberbibliotecas.org\/por\/wp-json\/wp\/v2\/media?parent=13647"}],"wp:term":[{"taxonomy":"category","embeddable":true,"href":"https:\/\/www.iberbibliotecas.org\/por\/wp-json\/wp\/v2\/categories?post=13647"},{"taxonomy":"post_tag","embeddable":true,"href":"https:\/\/www.iberbibliotecas.org\/por\/wp-json\/wp\/v2\/tags?post=13647"}],"curies":[{"name":"wp","href":"https:\/\/api.w.org\/{rel}","templated":true}]}}