{"id":1551,"date":"2021-01-08T12:57:39","date_gmt":"2021-01-08T12:57:39","guid":{"rendered":"http:\/\/34.125.232.78\/?p=1551"},"modified":"2021-01-08T15:18:24","modified_gmt":"2021-01-08T15:18:24","slug":"memorias-pasantias-internacionales","status":"publish","type":"post","link":"https:\/\/www.iberbibliotecas.org\/por\/memorias-pasantias-internacionales\/","title":{"rendered":"Memorias pasant\u00edas internacionales"},"content":{"rendered":"<div data-elementor-type=\"wp-post\" data-elementor-id=\"1551\" class=\"elementor elementor-1551\">\n\t\t\t\t\t\t<div class=\"elementor-inner\">\n\t\t\t\t<div class=\"elementor-section-wrap\">\n\t\t\t\t\t\t\t\t\t<section class=\"elementor-section elementor-top-section elementor-element elementor-element-1ff439e elementor-section-boxed elementor-section-height-default elementor-section-height-default\" data-id=\"1ff439e\" data-element_type=\"section\">\n\t\t\t\t\t\t<div class=\"elementor-container elementor-column-gap-default\">\n\t\t\t\t\t\t\t<div class=\"elementor-row\">\n\t\t\t\t\t<div class=\"elementor-column elementor-col-100 elementor-top-column elementor-element elementor-element-6b498ca\" data-id=\"6b498ca\" data-element_type=\"column\">\n\t\t\t<div class=\"elementor-column-wrap elementor-element-populated\">\n\t\t\t\t\t\t\t<div class=\"elementor-widget-wrap\">\n\t\t\t\t\t\t<div class=\"elementor-element elementor-element-97c54b5 elementor-widget elementor-widget-spacer\" data-id=\"97c54b5\" data-element_type=\"widget\" data-widget_type=\"spacer.default\">\n\t\t\t\t<div class=\"elementor-widget-container\">\n\t\t\t\t\t<div class=\"elementor-spacer\">\n\t\t\t<div class=\"elementor-spacer-inner\"><\/div>\n\t\t<\/div>\n\t\t\t\t<\/div>\n\t\t\t\t<\/div>\n\t\t\t\t<div class=\"elementor-element elementor-element-c74a014 elementor-widget elementor-widget-heading\" data-id=\"c74a014\" data-element_type=\"widget\" data-widget_type=\"heading.default\">\n\t\t\t\t<div class=\"elementor-widget-container\">\n\t\t\t<h1 class=\"elementor-heading-title elementor-size-default\">MEMORIAS PASANT\u00cdAS INTERNACIONALES 2016<\/h1>\t\t<\/div>\n\t\t\t\t<\/div>\n\t\t\t\t<div class=\"elementor-element elementor-element-762b063 elementor-widget elementor-widget-heading\" data-id=\"762b063\" data-element_type=\"widget\" data-widget_type=\"heading.default\">\n\t\t\t\t<div class=\"elementor-widget-container\">\n\t\t\t<h2 class=\"elementor-heading-title elementor-size-default\">Local<\/h2>\t\t<\/div>\n\t\t\t\t<\/div>\n\t\t\t\t<div class=\"elementor-element elementor-element-aadaa58 elementor-widget elementor-widget-heading\" data-id=\"aadaa58\" data-element_type=\"widget\" data-widget_type=\"heading.default\">\n\t\t\t\t<div class=\"elementor-widget-container\">\n\t\t\t<h2 class=\"elementor-heading-title elementor-size-default\">Medell\u00edn, Colombia<\/h2>\t\t<\/div>\n\t\t\t\t<\/div>\n\t\t\t\t\t\t<\/div>\n\t\t\t\t\t<\/div>\n\t\t<\/div>\n\t\t\t\t\t\t\t\t<\/div>\n\t\t\t\t\t<\/div>\n\t\t<\/section>\n\t\t\t\t<section class=\"elementor-section elementor-top-section elementor-element elementor-element-1dcef2f elementor-section-boxed elementor-section-height-default elementor-section-height-default\" data-id=\"1dcef2f\" data-element_type=\"section\">\n\t\t\t\t\t\t<div class=\"elementor-container elementor-column-gap-default\">\n\t\t\t\t\t\t\t<div class=\"elementor-row\">\n\t\t\t\t\t<div class=\"elementor-column elementor-col-50 elementor-top-column elementor-element elementor-element-56be35a\" data-id=\"56be35a\" data-element_type=\"column\">\n\t\t\t<div class=\"elementor-column-wrap elementor-element-populated\">\n\t\t\t\t\t\t\t<div class=\"elementor-widget-wrap\">\n\t\t\t\t\t\t<div class=\"elementor-element elementor-element-e99ba74 elementor-widget elementor-widget-heading\" data-id=\"e99ba74\" data-element_type=\"widget\" data-widget_type=\"heading.default\">\n\t\t\t\t<div class=\"elementor-widget-container\">\n\t\t\t<h2 class=\"elementor-heading-title elementor-size-default\">Bibliolabs: territ\u00f3rio em c\u00f3digo aberto e colaborativo<\/h2>\t\t<\/div>\n\t\t\t\t<\/div>\n\t\t\t\t<div class=\"elementor-element elementor-element-c45c3b4 elementor-widget elementor-widget-text-editor\" data-id=\"c45c3b4\" data-element_type=\"widget\" data-widget_type=\"text-editor.default\">\n\t\t\t\t<div class=\"elementor-widget-container\">\n\t\t\t\t\t\t\t\t<div class=\"elementor-text-editor elementor-clearfix\">\n\t\t\t\t<p>El programa de Pasant\u00edas Internacionales Iberbibliotecas tiene como objetivo contribuir al desarrollo de recursos humanos altamente cualificados para afrontar los retos que las bibliotecas p\u00fablicas tienen en la regi\u00f3n iberoamericana. Este ejercicio permite a los bibliotecarios participantes mejorar sus competencias profesionales y fortalecer su trabajo por medio del reconocimientos de otras experiencias, la comunicaci\u00f3n y el trabajo colaborativo entre profesionales de diferentes pa\u00edses de la regi\u00f3n.<\/p>\t\t\t\t\t<\/div>\n\t\t\t\t\t\t<\/div>\n\t\t\t\t<\/div>\n\t\t\t\t<div class=\"elementor-element elementor-element-8e26c79 elementor-widget elementor-widget-image\" data-id=\"8e26c79\" data-element_type=\"widget\" data-widget_type=\"image.default\">\n\t\t\t\t<div class=\"elementor-widget-container\">\n\t\t\t\t\t\t\t\t<div class=\"elementor-image\">\n\t\t\t\t\t\t\t\t\t\t\t\t<img decoding=\"async\" width=\"2560\" height=\"1707\" src=\"https:\/\/www.iberbibliotecas.org\/wp-content\/uploads\/2020\/12\/convocatorias-de-ayuda-scaled.jpg\" class=\"attachment-full size-full\" alt=\"\" loading=\"lazy\" srcset=\"https:\/\/www.iberbibliotecas.org\/wp-content\/uploads\/2020\/12\/convocatorias-de-ayuda-scaled.jpg 2560w, https:\/\/www.iberbibliotecas.org\/wp-content\/uploads\/2020\/12\/convocatorias-de-ayuda-300x200.jpg 300w, https:\/\/www.iberbibliotecas.org\/wp-content\/uploads\/2020\/12\/convocatorias-de-ayuda-1024x683.jpg 1024w, https:\/\/www.iberbibliotecas.org\/wp-content\/uploads\/2020\/12\/convocatorias-de-ayuda-768x512.jpg 768w, https:\/\/www.iberbibliotecas.org\/wp-content\/uploads\/2020\/12\/convocatorias-de-ayuda-1536x1024.jpg 1536w, https:\/\/www.iberbibliotecas.org\/wp-content\/uploads\/2020\/12\/convocatorias-de-ayuda-2048x1366.jpg 2048w\" sizes=\"100vw\" \/>\t\t\t\t\t\t\t\t\t\t\t\t\t\t<\/div>\n\t\t\t\t\t\t<\/div>\n\t\t\t\t<\/div>\n\t\t\t\t<div class=\"elementor-element elementor-element-e1239c8 elementor-widget elementor-widget-text-editor\" data-id=\"e1239c8\" data-element_type=\"widget\" data-widget_type=\"text-editor.default\">\n\t\t\t\t<div class=\"elementor-widget-container\">\n\t\t\t\t\t\t\t\t<div class=\"elementor-text-editor elementor-clearfix\">\n\t\t\t\t<p>Os primeiros est\u00e1gios internacionais foram realizadosde 20 a 27 de novembro de 2016 na cidade de Medell\u00edn, Col\u00f4mbia. Nesta essa ocasi\u00e3o 14 bibliotec\u00e1rios do Brasil, Chile, Col\u00f4mbia, Costa Rica, Espanha, M\u00e9xico e Paraguai tiveram a oportunidade de conhecer o Sistema de Bibliotecas P\u00fablicas de Medell\u00edn e os diferentes programas e projetos que se desenvolvem nas bibliotecas que o comp\u00f5em.<\/p><p>La pasant\u00eda del 2016 se desarroll\u00f3 en el marco del programa\u00a0Bibliolab:\u00a0territorio en c\u00f3digo abierto y colaborativo\u00a0tambi\u00e9n apoyado por Iberbibliotecas a trav\u00e9s de la Convocatoria de Ayudas 2015, cuyo objetivo es\u00a0propiciar el trabajo colaborativo entre bibliotecarios, organizaciones, comunidades y usuarios de la biblioteca, desarrollando diferentes estrategias que permiten generar informaci\u00f3n y conocimiento por medio de la experimentaci\u00f3n tecnol\u00f3gica, el intercambio de saberes y la narrativa hipermedia<\/p>\t\t\t\t\t<\/div>\n\t\t\t\t\t\t<\/div>\n\t\t\t\t<\/div>\n\t\t\t\t<div class=\"elementor-element elementor-element-483e1e3 elementor-widget elementor-widget-heading\" data-id=\"483e1e3\" data-element_type=\"widget\" data-widget_type=\"heading.default\">\n\t\t\t\t<div class=\"elementor-widget-container\">\n\t\t\t<h2 class=\"elementor-heading-title elementor-size-default\"> BIBLIOLABS: TERRITORIO EN C\u00d3DIGO ABIERTO Y COLABORATIVO <\/h2>\t\t<\/div>\n\t\t\t\t<\/div>\n\t\t\t\t<div class=\"elementor-element elementor-element-df9a33f elementor-widget elementor-widget-text-editor\" data-id=\"df9a33f\" data-element_type=\"widget\" data-widget_type=\"text-editor.default\">\n\t\t\t\t<div class=\"elementor-widget-container\">\n\t\t\t\t\t\t\t\t<div class=\"elementor-text-editor elementor-clearfix\">\n\t\t\t\t<p>\u00a0Entre as atividades realizadas pelos estagi\u00e1rios em Medell\u00edn destacamos a visita a onze bibliotecas e parques de bibliotecas onde os diversos projetos realizados foram conhecidos pelos bibliotec\u00e1rios locais com o apoio do Grupo de Amigos da Biblioteca (GAB) e participa\u00e7\u00e3o da comunidade.<\/p><p>La pasant\u00eda del 2016 se desarroll\u00f3 en el marco del programa\u00a0Bibliolab:\u00a0territorio en c\u00f3digo abierto y colaborativo\u00a0tambi\u00e9n apoyado por Iberbibliotecas a trav\u00e9s de la Convocatoria de Ayudas 2015, cuyo objetivo es\u00a0propiciar el trabajo colaborativo entre bibliotecarios, organizaciones, comunidades y usuarios de la biblioteca, desarrollando diferentes estrategias que permiten generar informaci\u00f3n y conocimiento por medio de la experimentaci\u00f3n tecnol\u00f3gica, el intercambio de saberes y la narrativa hipermedia<\/p>\t\t\t\t\t<\/div>\n\t\t\t\t\t\t<\/div>\n\t\t\t\t<\/div>\n\t\t\t\t<div class=\"elementor-element elementor-element-172fa32 elementor-widget__width-initial elementor-widget elementor-widget-image\" data-id=\"172fa32\" data-element_type=\"widget\" data-widget_type=\"image.default\">\n\t\t\t\t<div class=\"elementor-widget-container\">\n\t\t\t\t\t\t\t\t<div class=\"elementor-image\">\n\t\t\t\t\t\t\t\t\t\t\t\t<img decoding=\"async\" width=\"2560\" height=\"1920\" src=\"https:\/\/www.iberbibliotecas.org\/wp-content\/uploads\/2020\/12\/convocatoria-scaled.jpg\" class=\"attachment-full size-full\" alt=\"\" loading=\"lazy\" srcset=\"https:\/\/www.iberbibliotecas.org\/wp-content\/uploads\/2020\/12\/convocatoria-scaled.jpg 2560w, https:\/\/www.iberbibliotecas.org\/wp-content\/uploads\/2020\/12\/convocatoria-300x225.jpg 300w, https:\/\/www.iberbibliotecas.org\/wp-content\/uploads\/2020\/12\/convocatoria-1024x768.jpg 1024w, https:\/\/www.iberbibliotecas.org\/wp-content\/uploads\/2020\/12\/convocatoria-768x576.jpg 768w, https:\/\/www.iberbibliotecas.org\/wp-content\/uploads\/2020\/12\/convocatoria-1536x1152.jpg 1536w, https:\/\/www.iberbibliotecas.org\/wp-content\/uploads\/2020\/12\/convocatoria-2048x1536.jpg 2048w\" sizes=\"100vw\" \/>\t\t\t\t\t\t\t\t\t\t\t\t\t\t<\/div>\n\t\t\t\t\t\t<\/div>\n\t\t\t\t<\/div>\n\t\t\t\t<div class=\"elementor-element elementor-element-6a98daf elementor-widget__width-initial elementor-widget elementor-widget-image\" data-id=\"6a98daf\" data-element_type=\"widget\" data-widget_type=\"image.default\">\n\t\t\t\t<div class=\"elementor-widget-container\">\n\t\t\t\t\t\t\t\t<div class=\"elementor-image\">\n\t\t\t\t\t\t\t\t\t\t\t\t<img decoding=\"async\" width=\"2560\" height=\"1707\" src=\"https:\/\/www.iberbibliotecas.org\/wp-content\/uploads\/2020\/12\/cursos-convocatorias-scaled.jpg\" class=\"attachment-full size-full\" alt=\"\" loading=\"lazy\" srcset=\"https:\/\/www.iberbibliotecas.org\/wp-content\/uploads\/2020\/12\/cursos-convocatorias-scaled.jpg 2560w, https:\/\/www.iberbibliotecas.org\/wp-content\/uploads\/2020\/12\/cursos-convocatorias-300x200.jpg 300w, https:\/\/www.iberbibliotecas.org\/wp-content\/uploads\/2020\/12\/cursos-convocatorias-1024x683.jpg 1024w, https:\/\/www.iberbibliotecas.org\/wp-content\/uploads\/2020\/12\/cursos-convocatorias-768x512.jpg 768w, https:\/\/www.iberbibliotecas.org\/wp-content\/uploads\/2020\/12\/cursos-convocatorias-1536x1024.jpg 1536w, https:\/\/www.iberbibliotecas.org\/wp-content\/uploads\/2020\/12\/cursos-convocatorias-2048x1366.jpg 2048w\" sizes=\"100vw\" \/>\t\t\t\t\t\t\t\t\t\t\t\t\t\t<\/div>\n\t\t\t\t\t\t<\/div>\n\t\t\t\t<\/div>\n\t\t\t\t<div class=\"elementor-element elementor-element-5e89045 elementor-widget elementor-widget-text-editor\" data-id=\"5e89045\" data-element_type=\"widget\" data-widget_type=\"text-editor.default\">\n\t\t\t\t<div class=\"elementor-widget-container\">\n\t\t\t\t\t\t\t\t<div class=\"elementor-text-editor elementor-clearfix\">\n\t\t\t\t<p>Los proyectos visitados por los pasantes giraban alrededor de cuatro temas fundamentales: accesibilidad a la informaci\u00f3n y a los servicios bibliotecarios para personas con discapacidad; generaci\u00f3n de contenidos y acceso a la informaci\u00f3n a partir del reconocimiento del territorio; memoria hist\u00f3rica; uso de las TIC y herramientas inform\u00e1ticas. Aunque los bibliotecarios visitantes manifestaron su inter\u00e9s por todos los temas abordados, las Tecnolog\u00edas de la Informaci\u00f3n y la Comunicaci\u00f3n como parte fundamental del proyecto:\u00a0Bibliolabs: territorio en c\u00f3digo abierto y colaborativo\u00a0jugaron un papel protagonista en las pasant\u00edas. Adem\u00e1s de conocer c\u00f3mo las TIC hacen parte de cada una de las iniciativas de accesibilidad, generaci\u00f3n de contenidos y memoria hist\u00f3rica de las bibliotecas de Medell\u00edn, los pasantes tuvieron la oportunidad de interactuar directamente con algunas herramientas inform\u00e1ticas que han permitido a los usuarios y a los bibliotecarios acceder a la informaci\u00f3n, co-crear\u00a0y gestionar conocimiento. De esta manera los visitantes participaron en dos talleres de experimentaci\u00f3n tecnol\u00f3gica relacionados con el uso p\u00fablico de la informaci\u00f3n. El primero de c\u00f3digo abierto, se centr\u00f3 en la plataforma Wikipedia y en la posibilidad de aportar a la enciclopedia por medio de la redacci\u00f3n de art\u00edculos. En el segundo taller, basado en el hardware y software Arduino (hardware libre), los pasantes, con apoyo de j\u00f3venes de la comunidad, aprendieron las nociones b\u00e1sicas de la programaci\u00f3n y desarrollaron ejercicios pr\u00e1cticos sobre el tema. Al finalizar la pasant\u00eda se realizaron actividades de intercambio y retroalimentaci\u00f3n sobre los proyectos e iniciativas que llevan a cabo cada uno de los pasantes en sus bibliotecas. Estos espacios tambi\u00e9n permitieron a los bibliotecarios anfitriones y visitantes expresar sus impresiones sobre las pasant\u00edas y las actividades desarrolladas.<\/p><p>La pasant\u00eda del 2016 se desarroll\u00f3 en el marco del programa\u00a0Bibliolab:\u00a0territorio en c\u00f3digo abierto y colaborativo\u00a0tambi\u00e9n apoyado por Iberbibliotecas a trav\u00e9s de la Convocatoria de Ayudas 2015, cuyo objetivo es\u00a0propiciar el trabajo colaborativo entre bibliotecarios, organizaciones, comunidades y usuarios de la biblioteca, desarrollando diferentes estrategias que permiten generar informaci\u00f3n y conocimiento por medio de la experimentaci\u00f3n tecnol\u00f3gica, el intercambio de saberes y la narrativa hipermedia<\/p>\t\t\t\t\t<\/div>\n\t\t\t\t\t\t<\/div>\n\t\t\t\t<\/div>\n\t\t\t\t<div class=\"elementor-element elementor-element-cc94ef5 elementor-widget elementor-widget-heading\" data-id=\"cc94ef5\" data-element_type=\"widget\" data-widget_type=\"heading.default\">\n\t\t\t\t<div class=\"elementor-widget-container\">\n\t\t\t<h2 class=\"elementor-heading-title elementor-size-default\">PRINCIPALES RESULTADOS<\/h2>\t\t<\/div>\n\t\t\t\t<\/div>\n\t\t\t\t<div class=\"elementor-element elementor-element-0acbbb2 elementor-widget elementor-widget-text-editor\" data-id=\"0acbbb2\" data-element_type=\"widget\" data-widget_type=\"text-editor.default\">\n\t\t\t\t<div class=\"elementor-widget-container\">\n\t\t\t\t\t\t\t\t<div class=\"elementor-text-editor elementor-clearfix\">\n\t\t\t\t<p>Entre as atividades realizadas pelos estagi\u00e1rios em Medell\u00edn destacamos a visita a onze bibliotecas e parques de bibliotecas onde os diversos projetos realizados foram conhecidos pelos bibliotec\u00e1rios locais com o apoio do Grupo de Amigos da Biblioteca (GAB) e participa\u00e7\u00e3o da comunidade.<\/p><p>Para los bibliotecarios invitados y anfitriones, la pasant\u00eda abri\u00f3 un di\u00e1logo de saberes e intercambio de ideas alrededor de la gesti\u00f3n y creaci\u00f3n de contenidos en las bibliotecas y\u00a0con la participaci\u00f3n de sus usuarios. Una de las ideas rectoras del encuentro fue que nunca hay una sola forma de hacer y crear en las bibliotecas, hay m\u00faltiples expresiones que es necesario considerar en el dise\u00f1o de proyectos bibliotecarios.<\/p><p>Os bibliotec\u00e1rios visitantes manifestaram a import\u00e2ncia do reconhecimento de outras experi\u00eancias realizadas por seus pares, o qual permite enriquecer os processos de cada profissional em seu pa\u00eds e replicar iniciativas ou metodologias em outros contextos. Sobre este ponto, destaca-se o forte trabalho realizado pelo Sistema de Bibliotecas P\u00fablicas de Medell\u00edn por incluir \u00e0 comunidade como parte fundamental dos processos e atividades realizadaspelas bibliotecas, posicionando estes espa\u00e7os como lugares reais de transforma\u00e7\u00e3o social onde o trabalho colaborativo \u00e9 realizado com a comunidade para a solu\u00e7\u00e3o dos problemas que afligem a cidade.<\/p><p>Esta primera versi\u00f3n del programa de Pasant\u00edas Internacionales de Iberbibliotecas es el inicio de un esfuerzo por crear lazos y alianzas entre bibliotecarios de toda la regi\u00f3n con el fin de fortalecer los procesos propios y lograr desarrollar proyectos en conjunto que, adem\u00e1s de enriquecer las bibliotecas p\u00fablicas, contribuyan a construir v\u00ednculos entre comunidades con fuertes v\u00ednculos culturales, geogr\u00e1ficos y ling\u00fc\u00edsticos.<\/p>\t\t\t\t\t<\/div>\n\t\t\t\t\t\t<\/div>\n\t\t\t\t<\/div>\n\t\t\t\t<div class=\"elementor-element elementor-element-10ba7b6 elementor-widget__width-initial elementor-view-default elementor-widget elementor-widget-icon\" data-id=\"10ba7b6\" data-element_type=\"widget\" data-widget_type=\"icon.default\">\n\t\t\t\t<div class=\"elementor-widget-container\">\n\t\t\t\t\t<div class=\"elementor-icon-wrapper\">\n\t\t\t<div class=\"elementor-icon\">\n\t\t\t<i aria-hidden=\"true\" class=\"fab fa-linkedin\"><\/i>\t\t\t<\/div>\n\t\t<\/div>\n\t\t\t\t<\/div>\n\t\t\t\t<\/div>\n\t\t\t\t<div class=\"elementor-element elementor-element-86f3ea6 elementor-widget__width-initial elementor-view-default elementor-widget elementor-widget-icon\" data-id=\"86f3ea6\" data-element_type=\"widget\" data-widget_type=\"icon.default\">\n\t\t\t\t<div class=\"elementor-widget-container\">\n\t\t\t\t\t<div class=\"elementor-icon-wrapper\">\n\t\t\t<div class=\"elementor-icon\">\n\t\t\t<svg xmlns=\"http:\/\/www.w3.org\/2000\/svg\" xmlns:xlink=\"http:\/\/www.w3.org\/1999\/xlink\" preserveaspectratio=\"none\" viewbox=\"0 0 15 24\" width=\"15\" height=\"24\"><g transform=\"translate(2, 2)\"><defs><path id=\"path-161011002719029561\" d=\"M18 2 C18 2 15 2 15 2 C12.238576250846034 2 10 4.238576250846033 10 7 C10 7 10 10 10 10 C10 10 7 10 7 10 C7 10 7 14 7 14 C7 14 10 14 10 14 C10 14 10 22 10 22 C10 22 14 22 14 22 C14 22 14 14 14 14 C14 14 17 14 17 14 C17 14 18 10 18 10 C18 10 14 10 14 10 C14 10 14 7 14 7 C14 6.447715250169207 14.447715250169207 6 15 6 C15 6 18 6 18 6 C18 6 18 2 18 2 Z\"><\/path><\/defs><g transform=\"translate(-7, -2)\"><path d=\"M18 2 C18 2 15 2 15 2 C12.238576250846034 2 10 4.238576250846033 10 7 C10 7 10 10 10 10 C10 10 7 10 7 10 C7 10 7 14 7 14 C7 14 10 14 10 14 C10 14 10 22 10 22 C10 22 14 22 14 22 C14 22 14 14 14 14 C14 14 17 14 17 14 C17 14 18 10 18 10 C18 10 14 10 14 10 C14 10 14 7 14 7 C14 6.447715250169207 14.447715250169207 6 15 6 C15 6 18 6 18 6 C18 6 18 2 18 2 Z\" style=\"stroke: rgb(192, 192, 192); stroke-width: 2; stroke-linecap: butt; stroke-linejoin: miter; fill: none;\"><\/path><\/g><\/g><\/svg>\t\t\t<\/div>\n\t\t<\/div>\n\t\t\t\t<\/div>\n\t\t\t\t<\/div>\n\t\t\t\t<div class=\"elementor-element elementor-element-a647428 elementor-widget__width-initial elementor-view-default elementor-widget elementor-widget-icon\" data-id=\"a647428\" data-element_type=\"widget\" data-widget_type=\"icon.default\">\n\t\t\t\t<div class=\"elementor-widget-container\">\n\t\t\t\t\t<div class=\"elementor-icon-wrapper\">\n\t\t\t<div class=\"elementor-icon\">\n\t\t\t<i aria-hidden=\"true\" class=\"fas fa-share-alt-square\"><\/i>\t\t\t<\/div>\n\t\t<\/div>\n\t\t\t\t<\/div>\n\t\t\t\t<\/div>\n\t\t\t\t<div class=\"elementor-element elementor-element-cef82c9 elementor-widget elementor-widget-button\" data-id=\"cef82c9\" data-element_type=\"widget\" data-widget_type=\"button.default\">\n\t\t\t\t<div class=\"elementor-widget-container\">\n\t\t\t\t\t<div class=\"elementor-button-wrapper\">\n\t\t\t<a href=\"#\" class=\"elementor-button-link elementor-button elementor-size-sm\" role=\"button\">\n\t\t\t\t\t\t<span class=\"elementor-button-content-wrapper\">\n\t\t\t\t\t\t<span class=\"elementor-button-text\">Relat\u00f3rio dos estagiarios<\/span>\n\t\t<\/span>\n\t\t\t\t\t<\/a>\n\t\t<\/div>\n\t\t\t\t<\/div>\n\t\t\t\t<\/div>\n\t\t\t\t<div class=\"elementor-element elementor-element-1504918 elementor-widget elementor-widget-text-editor\" data-id=\"1504918\" data-element_type=\"widget\" data-widget_type=\"text-editor.default\">\n\t\t\t\t<div class=\"elementor-widget-container\">\n\t\t\t\t\t\t\t\t<div class=\"elementor-text-editor elementor-clearfix\">\n\t\t\t\t<p>Leia cada um dos relat\u00f3rios clicando na imagem<\/p>\t\t\t\t\t<\/div>\n\t\t\t\t\t\t<\/div>\n\t\t\t\t<\/div>\n\t\t\t\t\t\t<\/div>\n\t\t\t\t\t<\/div>\n\t\t<\/div>\n\t\t\t\t<div class=\"elementor-column elementor-col-50 elementor-top-column elementor-element elementor-element-14e6c15\" data-id=\"14e6c15\" data-element_type=\"column\">\n\t\t\t<div class=\"elementor-column-wrap elementor-element-populated\">\n\t\t\t\t\t\t\t<div class=\"elementor-widget-wrap\">\n\t\t\t\t\t\t<section class=\"elementor-section elementor-inner-section elementor-element elementor-element-c32182a elementor-section-boxed elementor-section-height-default elementor-section-height-default\" data-id=\"c32182a\" data-element_type=\"section\" data-settings=\"{&quot;background_background&quot;:&quot;classic&quot;,&quot;sticky&quot;:&quot;top&quot;,&quot;sticky_offset&quot;:90,&quot;motion_fx_motion_fx_scrolling&quot;:&quot;yes&quot;,&quot;motion_fx_devices&quot;:[&quot;desktop&quot;,&quot;tablet&quot;,&quot;mobile&quot;],&quot;sticky_on&quot;:[&quot;desktop&quot;,&quot;tablet&quot;,&quot;mobile&quot;],&quot;sticky_effects_offset&quot;:0}\">\n\t\t\t\t\t\t<div class=\"elementor-container elementor-column-gap-default\">\n\t\t\t\t\t\t\t<div class=\"elementor-row\">\n\t\t\t\t\t<div class=\"elementor-column elementor-col-100 elementor-inner-column elementor-element elementor-element-382fbdd\" data-id=\"382fbdd\" data-element_type=\"column\">\n\t\t\t<div class=\"elementor-column-wrap elementor-element-populated\">\n\t\t\t\t\t\t\t<div class=\"elementor-widget-wrap\">\n\t\t\t\t\t\t<div class=\"elementor-element elementor-element-5875714 elementor-widget elementor-widget-heading\" data-id=\"5875714\" data-element_type=\"widget\" data-widget_type=\"heading.default\">\n\t\t\t\t<div class=\"elementor-widget-container\">\n\t\t\t<h1 class=\"elementor-heading-title elementor-size-default\">\u00cdndice<\/h1>\t\t<\/div>\n\t\t\t\t<\/div>\n\t\t\t\t<div class=\"elementor-element elementor-element-4ea41c5 elementor-list-item-link-inline elementor-align-left elementor-icon-list--layout-traditional elementor-widget elementor-widget-icon-list\" data-id=\"4ea41c5\" data-element_type=\"widget\" data-widget_type=\"icon-list.default\">\n\t\t\t\t<div class=\"elementor-widget-container\">\n\t\t\t\t\t<ul class=\"elementor-icon-list-items\">\n\t\t\t\t\t\t\t<li class=\"elementor-icon-list-item\">\n\t\t\t\t\t\t\t\t\t\t\t<span class=\"elementor-icon-list-icon\">\n\t\t\t\t\t\t\t<i aria-hidden=\"true\" class=\"fas fa-angle-right\"><\/i>\t\t\t\t\t\t<\/span>\n\t\t\t\t\t\t\t\t\t\t<span class=\"elementor-icon-list-text\">BIBLIOLABS<\/span>\n\t\t\t\t\t\t\t\t\t<\/li>\n\t\t\t\t\t\t\t\t<li class=\"elementor-icon-list-item\">\n\t\t\t\t\t\t\t\t\t\t\t<span class=\"elementor-icon-list-icon\">\n\t\t\t\t\t\t\t<i aria-hidden=\"true\" class=\"fas fa-angle-right\"><\/i>\t\t\t\t\t\t<\/span>\n\t\t\t\t\t\t\t\t\t\t<span class=\"elementor-icon-list-text\">INFORMAS PASANTES <\/span>\n\t\t\t\t\t\t\t\t\t<\/li>\n\t\t\t\t\t\t<\/ul>\n\t\t\t\t<\/div>\n\t\t\t\t<\/div>\n\t\t\t\t<div class=\"elementor-element elementor-element-e3be0d0 elementor-widget-divider--view-line elementor-widget elementor-widget-divider\" data-id=\"e3be0d0\" data-element_type=\"widget\" data-widget_type=\"divider.default\">\n\t\t\t\t<div class=\"elementor-widget-container\">\n\t\t\t\t\t<div class=\"elementor-divider\">\n\t\t\t<span class=\"elementor-divider-separator\">\n\t\t\t\t\t\t<\/span>\n\t\t<\/div>\n\t\t\t\t<\/div>\n\t\t\t\t<\/div>\n\t\t\t\t<div class=\"elementor-element elementor-element-2dbeea8 elementor-widget elementor-widget-text-editor\" data-id=\"2dbeea8\" data-element_type=\"widget\" data-widget_type=\"text-editor.default\">\n\t\t\t\t<div class=\"elementor-widget-container\">\n\t\t\t\t\t\t\t\t<div class=\"elementor-text-editor elementor-clearfix\">\n\t\t\t\t<p>Contate-nos em nosso email <br \/><span style=\"color: #282a9c;\"><a style=\"color: #282a9c;\" href=\"mailto:info@iberbibliotecas.com\">info@iberbibliotecas.com<\/a><\/span><\/p>\t\t\t\t\t<\/div>\n\t\t\t\t\t\t<\/div>\n\t\t\t\t<\/div>\n\t\t\t\t\t\t<\/div>\n\t\t\t\t\t<\/div>\n\t\t<\/div>\n\t\t\t\t\t\t\t\t<\/div>\n\t\t\t\t\t<\/div>\n\t\t<\/section>\n\t\t\t\t\t\t<\/div>\n\t\t\t\t\t<\/div>\n\t\t<\/div>\n\t\t\t\t\t\t\t\t<\/div>\n\t\t\t\t\t<\/div>\n\t\t<\/section>\n\t\t\t\t\t\t\t\t\t<\/div>\n\t\t\t<\/div>\n\t\t\t\t\t<\/div>","protected":false},"excerpt":{"rendered":"<p>MEMORIAS PASANT\u00cdAS INTERNACIONALES 2016 LUGAR Medell\u00edn, Colombia Bibliolabs: territorio en c\u00f3digo abierto y colaborativo El programa de Pasant\u00edas Internacionales Iberbibliotecas tiene como objetivo contribuir al desarrollo de recursos humanos altamente &hellip; <\/p>\n<p class=\"link-more\"><a href=\"https:\/\/www.iberbibliotecas.org\/por\/memorias-pasantias-internacionales\/\" class=\"more-link\">Continue lendo<span class=\"screen-reader-text\"> &#8220;Memorias pasant\u00edas internacionales&#8221;<\/span><\/a><\/p>","protected":false},"author":1,"featured_media":842,"comment_status":"open","ping_status":"open","sticky":false,"template":"elementor_canvas","format":"standard","meta":{"_EventAllDay":false,"_EventTimezone":"","_EventStartDate":"","_EventEndDate":"","_EventStartDateUTC":"","_EventEndDateUTC":"","_EventShowMap":false,"_EventShowMapLink":false,"_EventURL":"","_EventCost":"","_EventCostDescription":"","_EventCurrencySymbol":"","_EventCurrencyCode":"","_EventCurrencyPosition":"","_EventDateTimeSeparator":"","_EventTimeRangeSeparator":"","_EventOrganizerID":[],"_EventVenueID":0,"_OrganizerEmail":"","_OrganizerPhone":"","_OrganizerWebsite":"","_VenueAddress":"","_VenueCity":"","_VenueCountry":"","_VenueProvince":"","_VenueZip":"","_VenuePhone":"","_VenueURL":"","_VenueStateProvince":"","_VenueLat":"","_VenueLng":""},"categories":[1],"tags":[],"yoast_head":"<!-- This site is optimized with the Yoast SEO plugin v20.11 - https:\/\/yoast.com\/wordpress\/plugins\/seo\/ -->\n<title>Memorias pasant\u00edas internacionales - Iberbibliotecas<\/title>\n<meta name=\"robots\" content=\"index, follow, max-snippet:-1, max-image-preview:large, max-video-preview:-1\" \/>\n<link rel=\"canonical\" href=\"https:\/\/www.iberbibliotecas.org\/por\/memorias-pasantias-internacionales\/\" \/>\n<meta property=\"og:locale\" content=\"pt_BR\" \/>\n<meta property=\"og:type\" content=\"article\" \/>\n<meta property=\"og:title\" content=\"Memorias pasant\u00edas internacionales - Iberbibliotecas\" \/>\n<meta property=\"og:description\" content=\"MEMORIAS PASANT\u00cdAS INTERNACIONALES 2016 LUGAR Medell\u00edn, Colombia Bibliolabs: territorio en c\u00f3digo abierto y colaborativo El programa de Pasant\u00edas Internacionales Iberbibliotecas tiene como objetivo contribuir al desarrollo de recursos humanos altamente &hellip; Continue lendo &quot;Memorias pasant\u00edas internacionales&quot;\" \/>\n<meta property=\"og:url\" content=\"https:\/\/www.iberbibliotecas.org\/por\/memorias-pasantias-internacionales\/\" \/>\n<meta property=\"og:site_name\" content=\"Iberbibliotecas\" \/>\n<meta property=\"article:published_time\" content=\"2021-01-08T12:57:39+00:00\" \/>\n<meta property=\"article:modified_time\" content=\"2021-01-08T15:18:24+00:00\" \/>\n<meta property=\"og:image\" content=\"https:\/\/www.iberbibliotecas.org\/wp-content\/uploads\/2020\/12\/convocatorias-de-ayuda-scaled.jpg\" \/>\n\t<meta property=\"og:image:width\" content=\"2560\" \/>\n\t<meta property=\"og:image:height\" content=\"1707\" \/>\n\t<meta property=\"og:image:type\" content=\"image\/jpeg\" \/>\n<meta name=\"author\" content=\"admin\" \/>\n<meta name=\"twitter:card\" content=\"summary_large_image\" \/>\n<meta name=\"twitter:label1\" content=\"Escrito por\" \/>\n\t<meta name=\"twitter:data1\" content=\"admin\" \/>\n\t<meta name=\"twitter:label2\" content=\"Est. tempo de leitura\" \/>\n\t<meta name=\"twitter:data2\" content=\"5 minutos\" \/>\n<script type=\"application\/ld+json\" class=\"yoast-schema-graph\">{\"@context\":\"https:\/\/schema.org\",\"@graph\":[{\"@type\":\"Article\",\"@id\":\"https:\/\/www.iberbibliotecas.org\/por\/memorias-pasantias-internacionales\/#article\",\"isPartOf\":{\"@id\":\"https:\/\/www.iberbibliotecas.org\/por\/memorias-pasantias-internacionales\/\"},\"author\":{\"name\":\"admin\",\"@id\":\"https:\/\/www.iberbibliotecas.org\/#\/schema\/person\/486ac82ad50c6a0a37e3b388a7f40012\"},\"headline\":\"Memorias pasant\u00edas internacionales\",\"datePublished\":\"2021-01-08T12:57:39+00:00\",\"dateModified\":\"2021-01-08T15:18:24+00:00\",\"mainEntityOfPage\":{\"@id\":\"https:\/\/www.iberbibliotecas.org\/por\/memorias-pasantias-internacionales\/\"},\"wordCount\":1077,\"commentCount\":0,\"publisher\":{\"@id\":\"https:\/\/www.iberbibliotecas.org\/#organization\"},\"articleSection\":[\"Uncategorized\"],\"inLanguage\":\"pt-BR\",\"potentialAction\":[{\"@type\":\"CommentAction\",\"name\":\"Comment\",\"target\":[\"https:\/\/www.iberbibliotecas.org\/por\/memorias-pasantias-internacionales\/#respond\"]}]},{\"@type\":\"WebPage\",\"@id\":\"https:\/\/www.iberbibliotecas.org\/por\/memorias-pasantias-internacionales\/\",\"url\":\"https:\/\/www.iberbibliotecas.org\/por\/memorias-pasantias-internacionales\/\",\"name\":\"Memorias pasant\u00edas internacionales - Iberbibliotecas\",\"isPartOf\":{\"@id\":\"https:\/\/www.iberbibliotecas.org\/#website\"},\"datePublished\":\"2021-01-08T12:57:39+00:00\",\"dateModified\":\"2021-01-08T15:18:24+00:00\",\"breadcrumb\":{\"@id\":\"https:\/\/www.iberbibliotecas.org\/por\/memorias-pasantias-internacionales\/#breadcrumb\"},\"inLanguage\":\"pt-BR\",\"potentialAction\":[{\"@type\":\"ReadAction\",\"target\":[\"https:\/\/www.iberbibliotecas.org\/por\/memorias-pasantias-internacionales\/\"]}]},{\"@type\":\"BreadcrumbList\",\"@id\":\"https:\/\/www.iberbibliotecas.org\/por\/memorias-pasantias-internacionales\/#breadcrumb\",\"itemListElement\":[{\"@type\":\"ListItem\",\"position\":1,\"name\":\"Inicio\",\"item\":\"https:\/\/www.iberbibliotecas.org\/\"},{\"@type\":\"ListItem\",\"position\":2,\"name\":\"Memorias pasant\u00edas internacionales\"}]},{\"@type\":\"WebSite\",\"@id\":\"https:\/\/www.iberbibliotecas.org\/#website\",\"url\":\"https:\/\/www.iberbibliotecas.org\/\",\"name\":\"Iberbibliotecas\",\"description\":\"\",\"publisher\":{\"@id\":\"https:\/\/www.iberbibliotecas.org\/#organization\"},\"potentialAction\":[{\"@type\":\"SearchAction\",\"target\":{\"@type\":\"EntryPoint\",\"urlTemplate\":\"https:\/\/www.iberbibliotecas.org\/?s={search_term_string}\"},\"query-input\":\"required name=search_term_string\"}],\"inLanguage\":\"pt-BR\"},{\"@type\":\"Organization\",\"@id\":\"https:\/\/www.iberbibliotecas.org\/#organization\",\"name\":\"Iberbibliotecas\",\"url\":\"https:\/\/www.iberbibliotecas.org\/\",\"logo\":{\"@type\":\"ImageObject\",\"inLanguage\":\"pt-BR\",\"@id\":\"https:\/\/www.iberbibliotecas.org\/#\/schema\/logo\/image\/\",\"url\":\"https:\/\/www.iberbibliotecas.org\/wp-content\/uploads\/2021\/03\/logo_c_ib.png\",\"contentUrl\":\"https:\/\/www.iberbibliotecas.org\/wp-content\/uploads\/2021\/03\/logo_c_ib.png\",\"width\":289,\"height\":180,\"caption\":\"Iberbibliotecas\"},\"image\":{\"@id\":\"https:\/\/www.iberbibliotecas.org\/#\/schema\/logo\/image\/\"}},{\"@type\":\"Person\",\"@id\":\"https:\/\/www.iberbibliotecas.org\/#\/schema\/person\/486ac82ad50c6a0a37e3b388a7f40012\",\"name\":\"admin\",\"image\":{\"@type\":\"ImageObject\",\"inLanguage\":\"pt-BR\",\"@id\":\"https:\/\/www.iberbibliotecas.org\/#\/schema\/person\/image\/\",\"url\":\"https:\/\/secure.gravatar.com\/avatar\/bd32ff3442cc72b6eeb88993179a289a?s=96&d=mm&r=g\",\"contentUrl\":\"https:\/\/secure.gravatar.com\/avatar\/bd32ff3442cc72b6eeb88993179a289a?s=96&d=mm&r=g\",\"caption\":\"admin\"},\"sameAs\":[\"http:\/\/34.125.232.78\"],\"url\":\"https:\/\/www.iberbibliotecas.org\/por\/author\/admin\/\"}]}<\/script>\n<!-- \/ Yoast SEO plugin. -->","yoast_head_json":{"title":"Memorias pasant\u00edas internacionales - Iberbibliotecas","robots":{"index":"index","follow":"follow","max-snippet":"max-snippet:-1","max-image-preview":"max-image-preview:large","max-video-preview":"max-video-preview:-1"},"canonical":"https:\/\/www.iberbibliotecas.org\/por\/memorias-pasantias-internacionales\/","og_locale":"pt_BR","og_type":"article","og_title":"Memorias pasant\u00edas internacionales - Iberbibliotecas","og_description":"MEMORIAS PASANT\u00cdAS INTERNACIONALES 2016 LUGAR Medell\u00edn, Colombia Bibliolabs: territorio en c\u00f3digo abierto y colaborativo El programa de Pasant\u00edas Internacionales Iberbibliotecas tiene como objetivo contribuir al desarrollo de recursos humanos altamente &hellip; Continue lendo \"Memorias pasant\u00edas internacionales\"","og_url":"https:\/\/www.iberbibliotecas.org\/por\/memorias-pasantias-internacionales\/","og_site_name":"Iberbibliotecas","article_published_time":"2021-01-08T12:57:39+00:00","article_modified_time":"2021-01-08T15:18:24+00:00","og_image":[{"width":2560,"height":1707,"url":"https:\/\/www.iberbibliotecas.org\/wp-content\/uploads\/2020\/12\/convocatorias-de-ayuda-scaled.jpg","type":"image\/jpeg"}],"author":"admin","twitter_card":"summary_large_image","twitter_misc":{"Escrito por":"admin","Est. tempo de leitura":"5 minutos"},"schema":{"@context":"https:\/\/schema.org","@graph":[{"@type":"Article","@id":"https:\/\/www.iberbibliotecas.org\/por\/memorias-pasantias-internacionales\/#article","isPartOf":{"@id":"https:\/\/www.iberbibliotecas.org\/por\/memorias-pasantias-internacionales\/"},"author":{"name":"admin","@id":"https:\/\/www.iberbibliotecas.org\/#\/schema\/person\/486ac82ad50c6a0a37e3b388a7f40012"},"headline":"Memorias pasant\u00edas internacionales","datePublished":"2021-01-08T12:57:39+00:00","dateModified":"2021-01-08T15:18:24+00:00","mainEntityOfPage":{"@id":"https:\/\/www.iberbibliotecas.org\/por\/memorias-pasantias-internacionales\/"},"wordCount":1077,"commentCount":0,"publisher":{"@id":"https:\/\/www.iberbibliotecas.org\/#organization"},"articleSection":["Uncategorized"],"inLanguage":"pt-BR","potentialAction":[{"@type":"CommentAction","name":"Comment","target":["https:\/\/www.iberbibliotecas.org\/por\/memorias-pasantias-internacionales\/#respond"]}]},{"@type":"WebPage","@id":"https:\/\/www.iberbibliotecas.org\/por\/memorias-pasantias-internacionales\/","url":"https:\/\/www.iberbibliotecas.org\/por\/memorias-pasantias-internacionales\/","name":"Memorias pasant\u00edas internacionales - Iberbibliotecas","isPartOf":{"@id":"https:\/\/www.iberbibliotecas.org\/#website"},"datePublished":"2021-01-08T12:57:39+00:00","dateModified":"2021-01-08T15:18:24+00:00","breadcrumb":{"@id":"https:\/\/www.iberbibliotecas.org\/por\/memorias-pasantias-internacionales\/#breadcrumb"},"inLanguage":"pt-BR","potentialAction":[{"@type":"ReadAction","target":["https:\/\/www.iberbibliotecas.org\/por\/memorias-pasantias-internacionales\/"]}]},{"@type":"BreadcrumbList","@id":"https:\/\/www.iberbibliotecas.org\/por\/memorias-pasantias-internacionales\/#breadcrumb","itemListElement":[{"@type":"ListItem","position":1,"name":"Inicio","item":"https:\/\/www.iberbibliotecas.org\/"},{"@type":"ListItem","position":2,"name":"Memorias pasant\u00edas internacionales"}]},{"@type":"WebSite","@id":"https:\/\/www.iberbibliotecas.org\/#website","url":"https:\/\/www.iberbibliotecas.org\/","name":"Iberbibliotecas","description":"","publisher":{"@id":"https:\/\/www.iberbibliotecas.org\/#organization"},"potentialAction":[{"@type":"SearchAction","target":{"@type":"EntryPoint","urlTemplate":"https:\/\/www.iberbibliotecas.org\/?s={search_term_string}"},"query-input":"required name=search_term_string"}],"inLanguage":"pt-BR"},{"@type":"Organization","@id":"https:\/\/www.iberbibliotecas.org\/#organization","name":"Iberbibliotecas","url":"https:\/\/www.iberbibliotecas.org\/","logo":{"@type":"ImageObject","inLanguage":"pt-BR","@id":"https:\/\/www.iberbibliotecas.org\/#\/schema\/logo\/image\/","url":"https:\/\/www.iberbibliotecas.org\/wp-content\/uploads\/2021\/03\/logo_c_ib.png","contentUrl":"https:\/\/www.iberbibliotecas.org\/wp-content\/uploads\/2021\/03\/logo_c_ib.png","width":289,"height":180,"caption":"Iberbibliotecas"},"image":{"@id":"https:\/\/www.iberbibliotecas.org\/#\/schema\/logo\/image\/"}},{"@type":"Person","@id":"https:\/\/www.iberbibliotecas.org\/#\/schema\/person\/486ac82ad50c6a0a37e3b388a7f40012","name":"admin","image":{"@type":"ImageObject","inLanguage":"pt-BR","@id":"https:\/\/www.iberbibliotecas.org\/#\/schema\/person\/image\/","url":"https:\/\/secure.gravatar.com\/avatar\/bd32ff3442cc72b6eeb88993179a289a?s=96&d=mm&r=g","contentUrl":"https:\/\/secure.gravatar.com\/avatar\/bd32ff3442cc72b6eeb88993179a289a?s=96&d=mm&r=g","caption":"admin"},"sameAs":["http:\/\/34.125.232.78"],"url":"https:\/\/www.iberbibliotecas.org\/por\/author\/admin\/"}]}},"_links":{"self":[{"href":"https:\/\/www.iberbibliotecas.org\/por\/wp-json\/wp\/v2\/posts\/1551"}],"collection":[{"href":"https:\/\/www.iberbibliotecas.org\/por\/wp-json\/wp\/v2\/posts"}],"about":[{"href":"https:\/\/www.iberbibliotecas.org\/por\/wp-json\/wp\/v2\/types\/post"}],"author":[{"embeddable":true,"href":"https:\/\/www.iberbibliotecas.org\/por\/wp-json\/wp\/v2\/users\/1"}],"replies":[{"embeddable":true,"href":"https:\/\/www.iberbibliotecas.org\/por\/wp-json\/wp\/v2\/comments?post=1551"}],"version-history":[{"count":0,"href":"https:\/\/www.iberbibliotecas.org\/por\/wp-json\/wp\/v2\/posts\/1551\/revisions"}],"wp:featuredmedia":[{"embeddable":true,"href":"https:\/\/www.iberbibliotecas.org\/por\/wp-json\/wp\/v2\/media\/842"}],"wp:attachment":[{"href":"https:\/\/www.iberbibliotecas.org\/por\/wp-json\/wp\/v2\/media?parent=1551"}],"wp:term":[{"taxonomy":"category","embeddable":true,"href":"https:\/\/www.iberbibliotecas.org\/por\/wp-json\/wp\/v2\/categories?post=1551"},{"taxonomy":"post_tag","embeddable":true,"href":"https:\/\/www.iberbibliotecas.org\/por\/wp-json\/wp\/v2\/tags?post=1551"}],"curies":[{"name":"wp","href":"https:\/\/api.w.org\/{rel}","templated":true}]}}