{"id":17472,"date":"2023-08-29T11:50:34","date_gmt":"2023-08-29T16:50:34","guid":{"rendered":"https:\/\/www.iberbibliotecas.org\/?p=17472"},"modified":"2024-05-08T18:03:34","modified_gmt":"2024-05-08T23:03:34","slug":"5a-pasantia-internacional-iberbibliotecas","status":"publish","type":"post","link":"https:\/\/www.iberbibliotecas.org\/por\/5a-pasantia-internacional-iberbibliotecas\/","title":{"rendered":"Concluy\u00f3 la 5\u00aa Pasant\u00eda Internacional Iberbibliotecas"},"content":{"rendered":"<div data-elementor-type=\"wp-post\" data-elementor-id=\"17472\" class=\"elementor elementor-17472\">\n\t\t\t\t\t\t<div class=\"elementor-inner\">\n\t\t\t\t<div class=\"elementor-section-wrap\">\n\t\t\t\t\t\t\t\t\t<section class=\"elementor-section elementor-top-section elementor-element elementor-element-03749dd elementor-section-boxed elementor-section-height-default elementor-section-height-default\" data-id=\"03749dd\" data-element_type=\"section\">\n\t\t\t\t\t\t<div class=\"elementor-container elementor-column-gap-default\">\n\t\t\t\t\t\t\t<div class=\"elementor-row\">\n\t\t\t\t\t<div class=\"elementor-column elementor-col-100 elementor-top-column elementor-element elementor-element-53222e0\" data-id=\"53222e0\" data-element_type=\"column\">\n\t\t\t<div class=\"elementor-column-wrap elementor-element-populated\">\n\t\t\t\t\t\t\t<div class=\"elementor-widget-wrap\">\n\t\t\t\t\t\t<div class=\"elementor-element elementor-element-e980077 elementor-widget elementor-widget-heading\" data-id=\"e980077\" data-element_type=\"widget\" data-widget_type=\"heading.default\">\n\t\t\t\t<div class=\"elementor-widget-container\">\n\t\t\t<h1 class=\"elementor-heading-title elementor-size-default\">5\u00aa Pasant\u00eda Internacional Iberbibliotecas<\/h1>\t\t<\/div>\n\t\t\t\t<\/div>\n\t\t\t\t\t\t<\/div>\n\t\t\t\t\t<\/div>\n\t\t<\/div>\n\t\t\t\t\t\t\t\t<\/div>\n\t\t\t\t\t<\/div>\n\t\t<\/section>\n\t\t\t\t<section class=\"elementor-section elementor-top-section elementor-element elementor-element-2d88763 elementor-section-boxed elementor-section-height-default elementor-section-height-default\" data-id=\"2d88763\" data-element_type=\"section\">\n\t\t\t\t\t\t<div class=\"elementor-container elementor-column-gap-default\">\n\t\t\t\t\t\t\t<div class=\"elementor-row\">\n\t\t\t\t\t<div class=\"elementor-column elementor-col-66 elementor-top-column elementor-element elementor-element-8f0b7a4\" data-id=\"8f0b7a4\" data-element_type=\"column\">\n\t\t\t<div class=\"elementor-column-wrap elementor-element-populated\">\n\t\t\t\t\t\t\t<div class=\"elementor-widget-wrap\">\n\t\t\t\t\t\t<div class=\"elementor-element elementor-element-412ad6e elementor-widget elementor-widget-text-editor\" data-id=\"412ad6e\" data-element_type=\"widget\" data-widget_type=\"text-editor.default\">\n\t\t\t\t<div class=\"elementor-widget-container\">\n\t\t\t\t\t\t\t\t<div class=\"elementor-text-editor elementor-clearfix\">\n\t\t\t\t<p>Nuestra 5\u00aa Pasant\u00eda Internacional 2023 se realiz\u00f3 en Bogot\u00e1, Colomfia, y fue un encuentro en el que participaron veinte personas pertenecientes a los equipos bibliotecarios de bibliotecas p\u00fablicas, comunitarias y populares de 10 miembros activos del programa: Brasil, Chile, Colombia, Costa Rica, Ecuador, El Salvador, Espa\u00f1a y Per\u00fa, y las ciudades de Medell\u00edn y Quito.<\/p><p>La agenda de este a\u00f1o estuvo a cargo de la Biblioteca Nacional de Colombia, quien cre\u00f3 una experiencia de una semana alrededor del tema: \u201cBiblioteca y ruralidad: una apuesta por el agenciamiento desde lo comunitario diverso\u201d.<\/p><p><strong>Los ejes tem\u00e1ticos fueron:<\/strong><\/p><ul><li>&#8211; Ruralidad en plural<\/li><li>\u00a0<\/li><li>&#8211; Territorio, diversidad y agenciamiento comunitario<\/li><li>\u00a0<\/li><li>&#8211; Bibliotecas <u>que <\/u>se construyen desde la voz de los territorios<\/li><li>\u00a0<\/li><li>&#8211; El lugar de la memoria, la identidad y las pr\u00e1cticas comunitarias<\/li><li>\u00a0<\/li><li>&#8211; Transitar nuevos horizontes del quehacer bibliotecario<\/li><\/ul><ul><li>\u00a0<\/li><\/ul>\t\t\t\t\t<\/div>\n\t\t\t\t\t\t<\/div>\n\t\t\t\t<\/div>\n\t\t\t\t\t\t<\/div>\n\t\t\t\t\t<\/div>\n\t\t<\/div>\n\t\t\t\t<div class=\"elementor-column elementor-col-33 elementor-top-column elementor-element elementor-element-87585aa\" data-id=\"87585aa\" data-element_type=\"column\">\n\t\t\t<div class=\"elementor-column-wrap elementor-element-populated\">\n\t\t\t\t\t\t\t<div class=\"elementor-widget-wrap\">\n\t\t\t\t\t\t<div class=\"elementor-element elementor-element-515b0b7 elementor-widget elementor-widget-image\" data-id=\"515b0b7\" data-element_type=\"widget\" data-widget_type=\"image.default\">\n\t\t\t\t<div class=\"elementor-widget-container\">\n\t\t\t\t\t\t\t\t<div class=\"elementor-image\">\n\t\t\t\t\t\t\t\t\t<figure class=\"wp-caption\">\n\t\t\t\t\t\t\t\t\t\t<img decoding=\"async\" width=\"525\" height=\"656\" src=\"https:\/\/www.iberbibliotecas.org\/wp-content\/uploads\/2023\/08\/SquareQuick_20238288594410-819x1024.jpg\" class=\"attachment-large size-large\" alt=\"\" loading=\"lazy\" srcset=\"https:\/\/www.iberbibliotecas.org\/wp-content\/uploads\/2023\/08\/SquareQuick_20238288594410-819x1024.jpg 819w, https:\/\/www.iberbibliotecas.org\/wp-content\/uploads\/2023\/08\/SquareQuick_20238288594410-240x300.jpg 240w, https:\/\/www.iberbibliotecas.org\/wp-content\/uploads\/2023\/08\/SquareQuick_20238288594410-768x960.jpg 768w, https:\/\/www.iberbibliotecas.org\/wp-content\/uploads\/2023\/08\/SquareQuick_20238288594410-1229x1536.jpg 1229w, https:\/\/www.iberbibliotecas.org\/wp-content\/uploads\/2023\/08\/SquareQuick_20238288594410-10x12.jpg 10w, https:\/\/www.iberbibliotecas.org\/wp-content\/uploads\/2023\/08\/SquareQuick_20238288594410.jpg 1620w\" sizes=\"100vw\" \/>\t\t\t\t\t\t\t\t\t\t\t<figcaption class=\"widget-image-caption wp-caption-text\"><\/figcaption>\n\t\t\t\t\t\t\t\t\t\t<\/figure>\n\t\t\t\t\t\t\t\t<\/div>\n\t\t\t\t\t\t<\/div>\n\t\t\t\t<\/div>\n\t\t\t\t\t\t<\/div>\n\t\t\t\t\t<\/div>\n\t\t<\/div>\n\t\t\t\t\t\t\t\t<\/div>\n\t\t\t\t\t<\/div>\n\t\t<\/section>\n\t\t\t\t<section class=\"elementor-section elementor-top-section elementor-element elementor-element-242c2f0 elementor-section-boxed elementor-section-height-default elementor-section-height-default\" data-id=\"242c2f0\" data-element_type=\"section\">\n\t\t\t\t\t\t<div class=\"elementor-container elementor-column-gap-default\">\n\t\t\t\t\t\t\t<div class=\"elementor-row\">\n\t\t\t\t\t<div class=\"elementor-column elementor-col-100 elementor-top-column elementor-element elementor-element-a3e2ac7\" data-id=\"a3e2ac7\" data-element_type=\"column\">\n\t\t\t<div class=\"elementor-column-wrap elementor-element-populated\">\n\t\t\t\t\t\t\t<div class=\"elementor-widget-wrap\">\n\t\t\t\t\t\t<div class=\"elementor-element elementor-element-2b3f28e elementor-widget elementor-widget-text-editor\" data-id=\"2b3f28e\" data-element_type=\"widget\" data-widget_type=\"text-editor.default\">\n\t\t\t\t<div class=\"elementor-widget-container\">\n\t\t\t\t\t\t\t\t<div class=\"elementor-text-editor elementor-clearfix\">\n\t\t\t\t<p>La programaci\u00f3n incluy\u00f3 paneles, charlas, visitas a experiencias bibliotecarias en la ruralidad y talleres.<\/p><p>Las otras Pasant\u00edas realizadas por Iberbibliotecas son:<\/p><ol><li>2016: Bibliotelabas, territorio en c\u00f3digo abierto y colaborativo, Medell\u00edn, Colombia<\/li><li>2017: Accesibilidad, diversidad e inclusi\u00f3n en bibliotecas p\u00fablicas, S\u00e3o Pablo, Brasil<\/li><li>2018: Bibliotecas: alfabetizaci\u00f3n y memoria sociocultural, Madrid, Espa\u00f1a<\/li><li>2019: Biblioteca generadora de cultura de paz, Costa Rica<\/li><\/ol><p>Consulta:<\/p><p><span style=\"color: #ff0000;\"><a style=\"color: #ff0000;\" href=\"https:\/\/www.iberbibliotecas.org\/por\/experiencias\/memorias-pasantias-internacionales\/\">Memorias pasant\u00edas<\/a><\/span><\/p><p><a href=\"https:\/\/www.youtube.com\/watch?v=6klI5ndcOH4&amp;t=9s\">Video Pasant\u00eda Internacional 2023<\/a><\/p>\t\t\t\t\t<\/div>\n\t\t\t\t\t\t<\/div>\n\t\t\t\t<\/div>\n\t\t\t\t<div class=\"elementor-element elementor-element-6998442 gallery-spacing-custom elementor-widget elementor-widget-image-gallery\" data-id=\"6998442\" data-element_type=\"widget\" data-widget_type=\"image-gallery.default\">\n\t\t\t\t<div class=\"elementor-widget-container\">\n\t\t\t\t\t<div class=\"elementor-image-gallery\">\n\t\t\t<div id='gallery-1' class='gallery galleryid-17472 gallery-columns-3 gallery-size-twentyseventeen-featured-image'><figure class='gallery-item'>\n\t\t\t<div class='gallery-icon portrait'>\n\t\t\t\t<a data-elementor-open-lightbox=\"yes\" data-elementor-lightbox-slideshow=\"6998442\" data-elementor-lightbox-title=\"SquareQuick_20238288594410\" e-action-hash=\"#elementor-action%3Aaction%3Dlightbox%26settings%3DeyJpZCI6MTc0NzUsInVybCI6Imh0dHBzOlwvXC93d3cuaWJlcmJpYmxpb3RlY2FzLm9yZ1wvd3AtY29udGVudFwvdXBsb2Fkc1wvMjAyM1wvMDhcL1NxdWFyZVF1aWNrXzIwMjM4Mjg4NTk0NDEwLmpwZyIsInNsaWRlc2hvdyI6IjY5OTg0NDIifQ%3D%3D\" href='https:\/\/www.iberbibliotecas.org\/wp-content\/uploads\/2023\/08\/SquareQuick_20238288594410.jpg'><img width=\"1620\" height=\"1200\" src=\"https:\/\/www.iberbibliotecas.org\/wp-content\/uploads\/2023\/08\/SquareQuick_20238288594410-1620x1200.jpg\" class=\"attachment-twentyseventeen-featured-image size-twentyseventeen-featured-image\" alt=\"\" decoding=\"async\" loading=\"lazy\" sizes=\"100vw\" \/><\/a>\n\t\t\t<\/div><\/figure><figure class='gallery-item'>\n\t\t\t<div class='gallery-icon landscape'>\n\t\t\t\t<a data-elementor-open-lightbox=\"yes\" data-elementor-lightbox-slideshow=\"6998442\" data-elementor-lightbox-title=\"Iberbibliotecas_-_dia1-16\" e-action-hash=\"#elementor-action%3Aaction%3Dlightbox%26settings%3DeyJpZCI6MTc1MDksInVybCI6Imh0dHBzOlwvXC93d3cuaWJlcmJpYmxpb3RlY2FzLm9yZ1wvd3AtY29udGVudFwvdXBsb2Fkc1wvMjAyM1wvMDhcL0liZXJiaWJsaW90ZWNhc18tX2RpYTEtMTYuanBnIiwic2xpZGVzaG93IjoiNjk5ODQ0MiJ9\" href='https:\/\/www.iberbibliotecas.org\/wp-content\/uploads\/2023\/08\/Iberbibliotecas_-_dia1-16.jpg'><img width=\"2000\" height=\"1200\" src=\"https:\/\/www.iberbibliotecas.org\/wp-content\/uploads\/2023\/08\/Iberbibliotecas_-_dia1-16-2000x1200.jpg\" class=\"attachment-twentyseventeen-featured-image size-twentyseventeen-featured-image\" alt=\"\" decoding=\"async\" loading=\"lazy\" srcset=\"https:\/\/www.iberbibliotecas.org\/wp-content\/uploads\/2023\/08\/Iberbibliotecas_-_dia1-16-2000x1200.jpg 2000w, https:\/\/www.iberbibliotecas.org\/wp-content\/uploads\/2023\/08\/Iberbibliotecas_-_dia1-16-18x12.jpg 18w\" sizes=\"100vw\" \/><\/a>\n\t\t\t<\/div><\/figure><figure class='gallery-item'>\n\t\t\t<div class='gallery-icon landscape'>\n\t\t\t\t<a data-elementor-open-lightbox=\"yes\" data-elementor-lightbox-slideshow=\"6998442\" data-elementor-lightbox-title=\"Iberbibliotecas_dia2-11\" e-action-hash=\"#elementor-action%3Aaction%3Dlightbox%26settings%3DeyJpZCI6MTc1MTAsInVybCI6Imh0dHBzOlwvXC93d3cuaWJlcmJpYmxpb3RlY2FzLm9yZ1wvd3AtY29udGVudFwvdXBsb2Fkc1wvMjAyM1wvMDhcL0liZXJiaWJsaW90ZWNhc19kaWEyLTExLmpwZyIsInNsaWRlc2hvdyI6IjY5OTg0NDIifQ%3D%3D\" href='https:\/\/www.iberbibliotecas.org\/wp-content\/uploads\/2023\/08\/Iberbibliotecas_dia2-11.jpg'><img width=\"2000\" height=\"1152\" src=\"https:\/\/www.iberbibliotecas.org\/wp-content\/uploads\/2023\/08\/Iberbibliotecas_dia2-11-2000x1152.jpg\" class=\"attachment-twentyseventeen-featured-image size-twentyseventeen-featured-image\" alt=\"\" decoding=\"async\" loading=\"lazy\" srcset=\"https:\/\/www.iberbibliotecas.org\/wp-content\/uploads\/2023\/08\/Iberbibliotecas_dia2-11-2000x1152.jpg 2000w, https:\/\/www.iberbibliotecas.org\/wp-content\/uploads\/2023\/08\/Iberbibliotecas_dia2-11-18x10.jpg 18w\" sizes=\"100vw\" \/><\/a>\n\t\t\t<\/div><\/figure><figure class='gallery-item'>\n\t\t\t<div class='gallery-icon landscape'>\n\t\t\t\t<a data-elementor-open-lightbox=\"yes\" data-elementor-lightbox-slideshow=\"6998442\" data-elementor-lightbox-title=\"Iberbibliotecas_dia2-25\" e-action-hash=\"#elementor-action%3Aaction%3Dlightbox%26settings%3DeyJpZCI6MTc1MTEsInVybCI6Imh0dHBzOlwvXC93d3cuaWJlcmJpYmxpb3RlY2FzLm9yZ1wvd3AtY29udGVudFwvdXBsb2Fkc1wvMjAyM1wvMDhcL0liZXJiaWJsaW90ZWNhc19kaWEyLTI1LmpwZyIsInNsaWRlc2hvdyI6IjY5OTg0NDIifQ%3D%3D\" href='https:\/\/www.iberbibliotecas.org\/wp-content\/uploads\/2023\/08\/Iberbibliotecas_dia2-25.jpg'><img width=\"2000\" height=\"1152\" src=\"https:\/\/www.iberbibliotecas.org\/wp-content\/uploads\/2023\/08\/Iberbibliotecas_dia2-25-2000x1152.jpg\" class=\"attachment-twentyseventeen-featured-image size-twentyseventeen-featured-image\" alt=\"\" decoding=\"async\" loading=\"lazy\" srcset=\"https:\/\/www.iberbibliotecas.org\/wp-content\/uploads\/2023\/08\/Iberbibliotecas_dia2-25-2000x1152.jpg 2000w, https:\/\/www.iberbibliotecas.org\/wp-content\/uploads\/2023\/08\/Iberbibliotecas_dia2-25-18x10.jpg 18w\" sizes=\"100vw\" \/><\/a>\n\t\t\t<\/div><\/figure><figure class='gallery-item'>\n\t\t\t<div class='gallery-icon landscape'>\n\t\t\t\t<a data-elementor-open-lightbox=\"yes\" data-elementor-lightbox-slideshow=\"6998442\" data-elementor-lightbox-title=\"Iberbibliotecas_dia2-26\" e-action-hash=\"#elementor-action%3Aaction%3Dlightbox%26settings%3DeyJpZCI6MTc1MTIsInVybCI6Imh0dHBzOlwvXC93d3cuaWJlcmJpYmxpb3RlY2FzLm9yZ1wvd3AtY29udGVudFwvdXBsb2Fkc1wvMjAyM1wvMDhcL0liZXJiaWJsaW90ZWNhc19kaWEyLTI2LmpwZyIsInNsaWRlc2hvdyI6IjY5OTg0NDIifQ%3D%3D\" href='https:\/\/www.iberbibliotecas.org\/wp-content\/uploads\/2023\/08\/Iberbibliotecas_dia2-26.jpg'><img width=\"2000\" height=\"1200\" src=\"https:\/\/www.iberbibliotecas.org\/wp-content\/uploads\/2023\/08\/Iberbibliotecas_dia2-26-2000x1200.jpg\" class=\"attachment-twentyseventeen-featured-image size-twentyseventeen-featured-image\" alt=\"\" decoding=\"async\" loading=\"lazy\" sizes=\"100vw\" \/><\/a>\n\t\t\t<\/div><\/figure><figure class='gallery-item'>\n\t\t\t<div class='gallery-icon landscape'>\n\t\t\t\t<a data-elementor-open-lightbox=\"yes\" data-elementor-lightbox-slideshow=\"6998442\" data-elementor-lightbox-title=\"iberbibliotecas_dia1-10\" e-action-hash=\"#elementor-action%3Aaction%3Dlightbox%26settings%3DeyJpZCI6MTc0ODUsInVybCI6Imh0dHBzOlwvXC93d3cuaWJlcmJpYmxpb3RlY2FzLm9yZ1wvd3AtY29udGVudFwvdXBsb2Fkc1wvMjAyM1wvMDhcL2liZXJiaWJsaW90ZWNhc19kaWExLTEwLmpwZyIsInNsaWRlc2hvdyI6IjY5OTg0NDIifQ%3D%3D\" href='https:\/\/www.iberbibliotecas.org\/wp-content\/uploads\/2023\/08\/iberbibliotecas_dia1-10.jpg'><img width=\"2000\" height=\"1200\" src=\"https:\/\/www.iberbibliotecas.org\/wp-content\/uploads\/2023\/08\/iberbibliotecas_dia1-10-2000x1200.jpg\" class=\"attachment-twentyseventeen-featured-image size-twentyseventeen-featured-image\" alt=\"\" decoding=\"async\" loading=\"lazy\" srcset=\"https:\/\/www.iberbibliotecas.org\/wp-content\/uploads\/2023\/08\/iberbibliotecas_dia1-10-2000x1200.jpg 2000w, https:\/\/www.iberbibliotecas.org\/wp-content\/uploads\/2023\/08\/iberbibliotecas_dia1-10-18x12.jpg 18w\" sizes=\"100vw\" \/><\/a>\n\t\t\t<\/div><\/figure><figure class='gallery-item'>\n\t\t\t<div class='gallery-icon landscape'>\n\t\t\t\t<a data-elementor-open-lightbox=\"yes\" data-elementor-lightbox-slideshow=\"6998442\" data-elementor-lightbox-title=\"iberbibliotecas_dia1-15\" e-action-hash=\"#elementor-action%3Aaction%3Dlightbox%26settings%3DeyJpZCI6MTc0ODQsInVybCI6Imh0dHBzOlwvXC93d3cuaWJlcmJpYmxpb3RlY2FzLm9yZ1wvd3AtY29udGVudFwvdXBsb2Fkc1wvMjAyM1wvMDhcL2liZXJiaWJsaW90ZWNhc19kaWExLTE1LmpwZyIsInNsaWRlc2hvdyI6IjY5OTg0NDIifQ%3D%3D\" href='https:\/\/www.iberbibliotecas.org\/wp-content\/uploads\/2023\/08\/iberbibliotecas_dia1-15.jpg'><img width=\"2000\" height=\"1152\" src=\"https:\/\/www.iberbibliotecas.org\/wp-content\/uploads\/2023\/08\/iberbibliotecas_dia1-15-2000x1152.jpg\" class=\"attachment-twentyseventeen-featured-image size-twentyseventeen-featured-image\" alt=\"\" decoding=\"async\" loading=\"lazy\" srcset=\"https:\/\/www.iberbibliotecas.org\/wp-content\/uploads\/2023\/08\/iberbibliotecas_dia1-15-2000x1152.jpg 2000w, https:\/\/www.iberbibliotecas.org\/wp-content\/uploads\/2023\/08\/iberbibliotecas_dia1-15-18x10.jpg 18w\" sizes=\"100vw\" \/><\/a>\n\t\t\t<\/div><\/figure><figure class='gallery-item'>\n\t\t\t<div class='gallery-icon landscape'>\n\t\t\t\t<a data-elementor-open-lightbox=\"yes\" data-elementor-lightbox-slideshow=\"6998442\" data-elementor-lightbox-title=\"5ta Pasant\u00eda Internacional Iberbibliotecas\" e-action-hash=\"#elementor-action%3Aaction%3Dlightbox%26settings%3DeyJpZCI6MTc0ODIsInVybCI6Imh0dHBzOlwvXC93d3cuaWJlcmJpYmxpb3RlY2FzLm9yZ1wvd3AtY29udGVudFwvdXBsb2Fkc1wvMjAyM1wvMDhcLzV0YS1QYXNhbnRpYS1JbnRlcm5hY2lvbmFsLUliZXJiaWJsaW90ZWNhcy0xLmpwZWciLCJzbGlkZXNob3ciOiI2OTk4NDQyIn0%3D\" href='https:\/\/www.iberbibliotecas.org\/wp-content\/uploads\/2023\/08\/5ta-Pasantia-Internacional-Iberbibliotecas-1.jpeg'><img width=\"1600\" height=\"736\" src=\"https:\/\/www.iberbibliotecas.org\/wp-content\/uploads\/2023\/08\/5ta-Pasantia-Internacional-Iberbibliotecas-1.jpeg\" class=\"attachment-twentyseventeen-featured-image size-twentyseventeen-featured-image\" alt=\"\" decoding=\"async\" loading=\"lazy\" srcset=\"https:\/\/www.iberbibliotecas.org\/wp-content\/uploads\/2023\/08\/5ta-Pasantia-Internacional-Iberbibliotecas-1.jpeg 1600w, https:\/\/www.iberbibliotecas.org\/wp-content\/uploads\/2023\/08\/5ta-Pasantia-Internacional-Iberbibliotecas-1-300x138.jpeg 300w, https:\/\/www.iberbibliotecas.org\/wp-content\/uploads\/2023\/08\/5ta-Pasantia-Internacional-Iberbibliotecas-1-1024x471.jpeg 1024w, https:\/\/www.iberbibliotecas.org\/wp-content\/uploads\/2023\/08\/5ta-Pasantia-Internacional-Iberbibliotecas-1-768x353.jpeg 768w, https:\/\/www.iberbibliotecas.org\/wp-content\/uploads\/2023\/08\/5ta-Pasantia-Internacional-Iberbibliotecas-1-1536x707.jpeg 1536w, https:\/\/www.iberbibliotecas.org\/wp-content\/uploads\/2023\/08\/5ta-Pasantia-Internacional-Iberbibliotecas-1-18x8.jpeg 18w\" sizes=\"100vw\" \/><\/a>\n\t\t\t<\/div><\/figure>\n\t\t<\/div>\n\t\t<\/div>\n\t\t\t\t<\/div>\n\t\t\t\t<\/div>\n\t\t\t\t\t\t<\/div>\n\t\t\t\t\t<\/div>\n\t\t<\/div>\n\t\t\t\t\t\t\t\t<\/div>\n\t\t\t\t\t<\/div>\n\t\t<\/section>\n\t\t\t\t<section class=\"elementor-section elementor-top-section elementor-element elementor-element-01ac51a elementor-section-boxed elementor-section-height-default elementor-section-height-default\" data-id=\"01ac51a\" data-element_type=\"section\">\n\t\t\t\t\t\t<div class=\"elementor-container elementor-column-gap-default\">\n\t\t\t\t\t\t\t<div class=\"elementor-row\">\n\t\t\t\t\t<div class=\"elementor-column elementor-col-100 elementor-top-column elementor-element elementor-element-66f2007\" data-id=\"66f2007\" data-element_type=\"column\">\n\t\t\t<div class=\"elementor-column-wrap elementor-element-populated\">\n\t\t\t\t\t\t\t<div class=\"elementor-widget-wrap\">\n\t\t\t\t\t\t<div class=\"elementor-element elementor-element-9da50de elementor-widget elementor-widget-heading\" data-id=\"9da50de\" data-element_type=\"widget\" data-widget_type=\"heading.default\">\n\t\t\t\t<div class=\"elementor-widget-container\">\n\t\t\t<h4 class=\"elementor-heading-title elementor-size-default\">Os vinte participantes s\u00e3o:<\/h4>\t\t<\/div>\n\t\t\t\t<\/div>\n\t\t\t\t<div class=\"elementor-element elementor-element-f17a599 eael-table-align-center eael-dt-th-align-left eael-dt-td-align-left elementor-widget elementor-widget-eael-data-table\" data-id=\"f17a599\" data-element_type=\"widget\" data-widget_type=\"eael-data-table.default\">\n\t\t\t\t<div class=\"elementor-widget-container\">\n\t\t\t\t\t<div class=\"eael-data-table-wrap\" data-table_id=\"f17a599\" data-custom_responsive=\"false\">\n\t\t\t<table class=\"tablesorter eael-data-table center\" id=\"eael-data-table-f17a599\">\n\t\t\t    <thead>\n\t\t\t        <tr class=\"table-header\">\n\t\t\t\t\t\t\t\t\t            <th class=\"\" id=\"\" colspan=\"\">\n\t\t\t\t\t\t\t\t\t\t\t\t\t\t<span class=\"data-table-header-text\">Punto focal<\/span><\/th>\n\t\t\t        \t\t\t\t            <th class=\"\" id=\"\" colspan=\"\">\n\t\t\t\t\t\t\t\t\t\t\t\t\t\t<span class=\"data-table-header-text\">Nome<\/span><\/th>\n\t\t\t        \t\t\t\t            <th class=\"\" id=\"\" colspan=\"\">\n\t\t\t\t\t\t\t\t\t\t\t\t\t\t<span class=\"data-table-header-text\">Entidade<\/span><\/th>\n\t\t\t        \t\t\t\t        <\/tr>\n\t\t\t    <\/thead>\n\t\t\t  \t<tbody>\n\t\t\t\t\t\t\t\t\t\t\t<tr>\n\t\t\t\t\t\t\t\t\t\t\t\t\t<\/tr>\n\t\t\t        \t\t\t\t\t\t<tr>\n\t\t\t\t\t\t\t\t\t\t\t\t\t\t\t\t   \t\t\t\t\t\t\t\t\t\t\t<td colspan=\"\" rowspan=\"\" class=\"\" id=\"\">\n\t\t\t\t\t\t\t\t\t\t\t\t<div class=\"td-content-wrapper\"><div class=\"td-content\">Brasil<\/div><\/div>\n\t\t\t\t\t\t\t\t\t\t\t<\/td>\n\t\t\t\t\t\t\t\t\t\t\t\t\t\t\t\t\t\t\t\t\t\t\t\t\t\t\t\t\t   \t\t\t\t\t\t\t\t\t\t\t<td colspan=\"\" rowspan=\"\" class=\"\" id=\"\">\n\t\t\t\t\t\t\t\t\t\t\t\t<div class=\"td-content-wrapper\"><div class=\"td-content\">Isadora Escalante<\/div><\/div>\n\t\t\t\t\t\t\t\t\t\t\t<\/td>\n\t\t\t\t\t\t\t\t\t\t\t\t\t\t\t\t\t\t\t\t\t\t\t\t\t\t\t\t\t   \t\t\t\t\t\t\t\t\t\t\t<td colspan=\"\" rowspan=\"\" class=\"\" id=\"\">\n\t\t\t\t\t\t\t\t\t\t\t\t<div class=\"td-content-wrapper\"><div class=\"td-content\">Bibliotecas Comunit\u00e1rias<\/div><\/div>\n\t\t\t\t\t\t\t\t\t\t\t<\/td>\n\t\t\t\t\t\t\t\t\t\t\t\t\t\t\t\t\t\t\t\t\t\t\t\t\t\t<\/tr>\n\t\t\t        \t\t\t\t\t\t<tr>\n\t\t\t\t\t\t\t\t\t\t\t\t\t<\/tr>\n\t\t\t        \t\t\t\t\t\t<tr>\n\t\t\t\t\t\t\t\t\t\t\t\t\t\t\t\t   \t\t\t\t\t\t\t\t\t\t\t<td colspan=\"\" rowspan=\"2\" class=\"\" id=\"\">\n\t\t\t\t\t\t\t\t\t\t\t\t<div class=\"td-content-wrapper\"><div class=\"td-content\">Brasil<\/div><\/div>\n\t\t\t\t\t\t\t\t\t\t\t<\/td>\n\t\t\t\t\t\t\t\t\t\t\t\t\t\t\t\t\t\t\t\t\t\t\t\t\t\t\t\t\t   \t\t\t\t\t\t\t\t\t\t\t<td colspan=\"\" rowspan=\"2\" class=\"\" id=\"\">\n\t\t\t\t\t\t\t\t\t\t\t\t<div class=\"td-content-wrapper\"><div class=\"td-content\">Maria Chocolate<\/div><\/div>\n\t\t\t\t\t\t\t\t\t\t\t<\/td>\n\t\t\t\t\t\t\t\t\t\t\t\t\t\t\t\t\t\t\t\t\t\t\t\t\t\t\t\t\t   \t\t\t\t\t\t\t\t\t\t\t<td colspan=\"\" rowspan=\"2\" class=\"\" id=\"\">\n\t\t\t\t\t\t\t\t\t\t\t\t<div class=\"td-content-wrapper\"><div class=\"td-content\">Bibliotecas Comunit\u00e1ria MANNS<br \/>\nMulheres Amorosas Necessitadas<br \/> de\nNavegar em Sonhos<\/div><\/div>\n\t\t\t\t\t\t\t\t\t\t\t<\/td>\n\t\t\t\t\t\t\t\t\t\t\t\t\t\t\t\t\t\t\t\t\t\t\t\t\t\t<\/tr>\n\t\t\t        \t\t\t\t\t\t<tr>\n\t\t\t\t\t\t\t\t\t\t\t\t\t<\/tr>\n\t\t\t        \t\t\t\t\t\t<tr>\n\t\t\t\t\t\t\t\t\t\t\t\t\t\t\t\t   \t\t\t\t\t\t\t\t\t\t\t<td colspan=\"\" rowspan=\"\" class=\"\" id=\"\">\n\t\t\t\t\t\t\t\t\t\t\t\t<div class=\"td-content-wrapper\"><div class=\"td-content\">Chile<\/div><\/div>\n\t\t\t\t\t\t\t\t\t\t\t<\/td>\n\t\t\t\t\t\t\t\t\t\t\t\t\t\t\t\t\t\t\t\t\t\t\t\t\t\t\t\t\t   \t\t\t\t\t\t\t\t\t\t\t<td colspan=\"\" rowspan=\"\" class=\"\" id=\"\">\n\t\t\t\t\t\t\t\t\t\t\t\t<div class=\"td-content-wrapper\"><div class=\"td-content\">Bernardita Riffo<\/div><\/div>\n\t\t\t\t\t\t\t\t\t\t\t<\/td>\n\t\t\t\t\t\t\t\t\t\t\t\t\t\t\t\t\t\t\t\t\t\t\t\t\t\t\t\t\t   \t\t\t\t\t\t\t\t\t\t\t<td colspan=\"\" rowspan=\"\" class=\"\" id=\"\">\n\t\t\t\t\t\t\t\t\t\t\t\t<div class=\"td-content-wrapper\"><div class=\"td-content\">Biblioteca V\u00edctor Villouta Sanhueza<\/div><\/div>\n\t\t\t\t\t\t\t\t\t\t\t<\/td>\n\t\t\t\t\t\t\t\t\t\t\t\t\t\t\t\t\t\t\t\t\t\t\t\t\t\t<\/tr>\n\t\t\t        \t\t\t\t\t\t<tr>\n\t\t\t\t\t\t\t\t\t\t\t\t\t<\/tr>\n\t\t\t        \t\t\t\t\t\t<tr>\n\t\t\t\t\t\t\t\t\t\t\t\t\t\t\t\t   \t\t\t\t\t\t\t\t\t\t\t<td colspan=\"\" rowspan=\"\" class=\"\" id=\"\">\n\t\t\t\t\t\t\t\t\t\t\t\t<div class=\"td-content-wrapper\"><div class=\"td-content\">Chile<\/div><\/div>\n\t\t\t\t\t\t\t\t\t\t\t<\/td>\n\t\t\t\t\t\t\t\t\t\t\t\t\t\t\t\t\t\t\t\t\t\t\t\t\t\t\t\t\t   \t\t\t\t\t\t\t\t\t\t\t<td colspan=\"\" rowspan=\"\" class=\"\" id=\"\">\n\t\t\t\t\t\t\t\t\t\t\t\t<div class=\"td-content-wrapper\"><div class=\"td-content\">Cristian Maturana<\/div><\/div>\n\t\t\t\t\t\t\t\t\t\t\t<\/td>\n\t\t\t\t\t\t\t\t\t\t\t\t\t\t\t\t\t\t\t\t\t\t\t\t\t\t\t\t\t   \t\t\t\t\t\t\t\t\t\t\t<td colspan=\"\" rowspan=\"\" class=\"\" id=\"\">\n\t\t\t\t\t\t\t\t\t\t\t\t<div class=\"td-content-wrapper\"><div class=\"td-content\">Biblioteca de Santiago<\/div><\/div>\n\t\t\t\t\t\t\t\t\t\t\t<\/td>\n\t\t\t\t\t\t\t\t\t\t\t\t\t\t\t\t\t\t\t\t\t\t\t\t\t\t<\/tr>\n\t\t\t        \t\t\t\t\t\t<tr>\n\t\t\t\t\t\t\t\t\t\t\t\t\t<\/tr>\n\t\t\t        \t\t\t\t\t\t<tr>\n\t\t\t\t\t\t\t\t\t\t\t\t\t\t\t\t   \t\t\t\t\t\t\t\t\t\t\t<td colspan=\"\" rowspan=\"\" class=\"\" id=\"\">\n\t\t\t\t\t\t\t\t\t\t\t\t<div class=\"td-content-wrapper\"><div class=\"td-content\">Col\u00f4mbia<\/div><\/div>\n\t\t\t\t\t\t\t\t\t\t\t<\/td>\n\t\t\t\t\t\t\t\t\t\t\t\t\t\t\t\t\t\t\t\t\t\t\t\t\t\t\t\t\t   \t\t\t\t\t\t\t\t\t\t\t<td colspan=\"\" rowspan=\"\" class=\"\" id=\"\">\n\t\t\t\t\t\t\t\t\t\t\t\t<div class=\"td-content-wrapper\"><div class=\"td-content\">Juan Sebasti\u00e1n Paco Monroy<\/div><\/div>\n\t\t\t\t\t\t\t\t\t\t\t<\/td>\n\t\t\t\t\t\t\t\t\t\t\t\t\t\t\t\t\t\t\t\t\t\t\t\t\t\t\t\t\t   \t\t\t\t\t\t\t\t\t\t\t<td colspan=\"\" rowspan=\"\" class=\"\" id=\"\">\n\t\t\t\t\t\t\t\t\t\t\t\t<div class=\"td-content-wrapper\"><div class=\"td-content\">Biblioteca P\u00fablica Municipal Zen\u00f3n<br \/>\nSolano Ricaurte<\/div><\/div>\n\t\t\t\t\t\t\t\t\t\t\t<\/td>\n\t\t\t\t\t\t\t\t\t\t\t\t\t\t\t\t\t\t\t\t\t\t\t\t\t\t<\/tr>\n\t\t\t        \t\t\t\t\t\t<tr>\n\t\t\t\t\t\t\t\t\t\t\t\t\t<\/tr>\n\t\t\t        \t\t\t\t\t\t<tr>\n\t\t\t\t\t\t\t\t\t\t\t\t\t\t\t\t   \t\t\t\t\t\t\t\t\t\t\t<td colspan=\"\" rowspan=\"\" class=\"\" id=\"\">\n\t\t\t\t\t\t\t\t\t\t\t\t<div class=\"td-content-wrapper\"><div class=\"td-content\">Col\u00f4mbia<\/div><\/div>\n\t\t\t\t\t\t\t\t\t\t\t<\/td>\n\t\t\t\t\t\t\t\t\t\t\t\t\t\t\t\t\t\t\t\t\t\t\t\t\t\t\t\t\t   \t\t\t\t\t\t\t\t\t\t\t<td colspan=\"\" rowspan=\"\" class=\"\" id=\"\">\n\t\t\t\t\t\t\t\t\t\t\t\t<div class=\"td-content-wrapper\"><div class=\"td-content\">Ritzy Katherine Medina Cuentas<\/div><\/div>\n\t\t\t\t\t\t\t\t\t\t\t<\/td>\n\t\t\t\t\t\t\t\t\t\t\t\t\t\t\t\t\t\t\t\t\t\t\t\t\t\t\t\t\t   \t\t\t\t\t\t\t\t\t\t\t<td colspan=\"\" rowspan=\"\" class=\"\" id=\"\">\n\t\t\t\t\t\t\t\t\t\t\t\t<div class=\"td-content-wrapper\"><div class=\"td-content\">Biblioteca comunitaria y club de\nlectura <br \/>LIBRO PLAYA: UN MAR DE\nSABERES<\/div><\/div>\n\t\t\t\t\t\t\t\t\t\t\t<\/td>\n\t\t\t\t\t\t\t\t\t\t\t\t\t\t\t\t\t\t\t\t\t\t\t\t\t\t<\/tr>\n\t\t\t        \t\t\t\t\t\t<tr>\n\t\t\t\t\t\t\t\t\t\t\t\t\t<\/tr>\n\t\t\t        \t\t\t\t\t\t<tr>\n\t\t\t\t\t\t\t\t\t\t\t\t\t\t\t\t   \t\t\t\t\t\t\t\t\t\t\t<td colspan=\"\" rowspan=\"\" class=\"\" id=\"\">\n\t\t\t\t\t\t\t\t\t\t\t\t<div class=\"td-content-wrapper\"><div class=\"td-content\">Costa Rica<\/div><\/div>\n\t\t\t\t\t\t\t\t\t\t\t<\/td>\n\t\t\t\t\t\t\t\t\t\t\t\t\t\t\t\t\t\t\t\t\t\t\t\t\t\t\t\t\t   \t\t\t\t\t\t\t\t\t\t\t<td colspan=\"\" rowspan=\"\" class=\"\" id=\"\">\n\t\t\t\t\t\t\t\t\t\t\t\t<div class=\"td-content-wrapper\"><div class=\"td-content\">Ana Liz Rojas<\/div><\/div>\n\t\t\t\t\t\t\t\t\t\t\t<\/td>\n\t\t\t\t\t\t\t\t\t\t\t\t\t\t\t\t\t\t\t\t\t\t\t\t\t\t\t\t\t   \t\t\t\t\t\t\t\t\t\t\t<td colspan=\"\" rowspan=\"\" class=\"\" id=\"\">\n\t\t\t\t\t\t\t\t\t\t\t\t<div class=\"td-content-wrapper\"><div class=\"td-content\">Biblioteca P\u00fablica de Sarch\u00ed<\/div><\/div>\n\t\t\t\t\t\t\t\t\t\t\t<\/td>\n\t\t\t\t\t\t\t\t\t\t\t\t\t\t\t\t\t\t\t\t\t\t\t\t\t\t<\/tr>\n\t\t\t        \t\t\t\t\t\t<tr>\n\t\t\t\t\t\t\t\t\t\t\t\t\t<\/tr>\n\t\t\t        \t\t\t\t\t\t<tr>\n\t\t\t\t\t\t\t\t\t\t\t\t\t\t\t\t   \t\t\t\t\t\t\t\t\t\t\t<td colspan=\"\" rowspan=\"\" class=\"\" id=\"\">\n\t\t\t\t\t\t\t\t\t\t\t\t<div class=\"td-content-wrapper\"><div class=\"td-content\">Costa Rica<\/div><\/div>\n\t\t\t\t\t\t\t\t\t\t\t<\/td>\n\t\t\t\t\t\t\t\t\t\t\t\t\t\t\t\t\t\t\t\t\t\t\t\t\t\t\t\t\t   \t\t\t\t\t\t\t\t\t\t\t<td colspan=\"\" rowspan=\"\" class=\"\" id=\"\">\n\t\t\t\t\t\t\t\t\t\t\t\t<div class=\"td-content-wrapper\"><div class=\"td-content\">Mar\u00eda Marta Valverde Berm\u00fadez<\/div><\/div>\n\t\t\t\t\t\t\t\t\t\t\t<\/td>\n\t\t\t\t\t\t\t\t\t\t\t\t\t\t\t\t\t\t\t\t\t\t\t\t\t\t\t\t\t   \t\t\t\t\t\t\t\t\t\t\t<td colspan=\"\" rowspan=\"\" class=\"\" id=\"\">\n\t\t\t\t\t\t\t\t\t\t\t\t<div class=\"td-content-wrapper\"><div class=\"td-content\">Biblioteca P\u00fablica de Santa Ana<\/div><\/div>\n\t\t\t\t\t\t\t\t\t\t\t<\/td>\n\t\t\t\t\t\t\t\t\t\t\t\t\t\t\t\t\t\t\t\t\t\t\t\t\t\t<\/tr>\n\t\t\t        \t\t\t\t\t\t<tr>\n\t\t\t\t\t\t\t\t\t\t\t\t\t<\/tr>\n\t\t\t        \t\t\t\t\t\t<tr>\n\t\t\t\t\t\t\t\t\t\t\t\t\t\t\t\t   \t\t\t\t\t\t\t\t\t\t\t<td colspan=\"\" rowspan=\"\" class=\"\" id=\"\">\n\t\t\t\t\t\t\t\t\t\t\t\t<div class=\"td-content-wrapper\"><div class=\"td-content\">Equador<\/div><\/div>\n\t\t\t\t\t\t\t\t\t\t\t<\/td>\n\t\t\t\t\t\t\t\t\t\t\t\t\t\t\t\t\t\t\t\t\t\t\t\t\t\t\t\t\t   \t\t\t\t\t\t\t\t\t\t\t<td colspan=\"\" rowspan=\"\" class=\"\" id=\"\">\n\t\t\t\t\t\t\t\t\t\t\t\t<div class=\"td-content-wrapper\"><div class=\"td-content\">Hern\u00e1n Rodr\u00edguez Gir\u00f3n<\/div><\/div>\n\t\t\t\t\t\t\t\t\t\t\t<\/td>\n\t\t\t\t\t\t\t\t\t\t\t\t\t\t\t\t\t\t\t\t\t\t\t\t\t\t\t\t\t   \t\t\t\t\t\t\t\t\t\t\t<td colspan=\"\" rowspan=\"\" class=\"\" id=\"\">\n\t\t\t\t\t\t\t\t\t\t\t\t<div class=\"td-content-wrapper\"><div class=\"td-content\">Biblioteca V\u00edctor Manuel Albornoz<\/div><\/div>\n\t\t\t\t\t\t\t\t\t\t\t<\/td>\n\t\t\t\t\t\t\t\t\t\t\t\t\t\t\t\t\t\t\t\t\t\t\t\t\t\t<\/tr>\n\t\t\t        \t\t\t\t\t\t<tr>\n\t\t\t\t\t\t\t\t\t\t\t\t\t<\/tr>\n\t\t\t        \t\t\t\t\t\t<tr>\n\t\t\t\t\t\t\t\t\t\t\t\t\t\t\t\t   \t\t\t\t\t\t\t\t\t\t\t<td colspan=\"\" rowspan=\"\" class=\"\" id=\"\">\n\t\t\t\t\t\t\t\t\t\t\t\t<div class=\"td-content-wrapper\"><div class=\"td-content\">Equador<\/div><\/div>\n\t\t\t\t\t\t\t\t\t\t\t<\/td>\n\t\t\t\t\t\t\t\t\t\t\t\t\t\t\t\t\t\t\t\t\t\t\t\t\t\t\t\t\t   \t\t\t\t\t\t\t\t\t\t\t<td colspan=\"\" rowspan=\"\" class=\"\" id=\"\">\n\t\t\t\t\t\t\t\t\t\t\t\t<div class=\"td-content-wrapper\"><div class=\"td-content\">Marily Rom\u00e1n Rebolledo<\/div><\/div>\n\t\t\t\t\t\t\t\t\t\t\t<\/td>\n\t\t\t\t\t\t\t\t\t\t\t\t\t\t\t\t\t\t\t\t\t\t\t\t\t\t\t\t\t   \t\t\t\t\t\t\t\t\t\t\t<td colspan=\"\" rowspan=\"\" class=\"\" id=\"\">\n\t\t\t\t\t\t\t\t\t\t\t\t<div class=\"td-content-wrapper\"><div class=\"td-content\">Casa de la Cultura Ecuatoriana<br \/>\nBenjam\u00edn Carri\u00f3n, n\u00facleo del Azuay<\/div><\/div>\n\t\t\t\t\t\t\t\t\t\t\t<\/td>\n\t\t\t\t\t\t\t\t\t\t\t\t\t\t\t\t\t\t\t\t\t\t\t\t\t\t<\/tr>\n\t\t\t        \t\t\t\t\t\t<tr>\n\t\t\t\t\t\t\t\t\t\t\t\t\t<\/tr>\n\t\t\t        \t\t\t\t\t\t<tr>\n\t\t\t\t\t\t\t\t\t\t\t\t\t\t\t\t   \t\t\t\t\t\t\t\t\t\t\t<td colspan=\"\" rowspan=\"\" class=\"\" id=\"\">\n\t\t\t\t\t\t\t\t\t\t\t\t<div class=\"td-content-wrapper\"><div class=\"td-content\">El Salvador<\/div><\/div>\n\t\t\t\t\t\t\t\t\t\t\t<\/td>\n\t\t\t\t\t\t\t\t\t\t\t\t\t\t\t\t\t\t\t\t\t\t\t\t\t\t\t\t\t   \t\t\t\t\t\t\t\t\t\t\t<td colspan=\"\" rowspan=\"\" class=\"\" id=\"\">\n\t\t\t\t\t\t\t\t\t\t\t\t<div class=\"td-content-wrapper\"><div class=\"td-content\">Daniel Trinidad Ramos<\/div><\/div>\n\t\t\t\t\t\t\t\t\t\t\t<\/td>\n\t\t\t\t\t\t\t\t\t\t\t\t\t\t\t\t\t\t\t\t\t\t\t\t\t\t\t\t\t   \t\t\t\t\t\t\t\t\t\t\t<td colspan=\"\" rowspan=\"\" class=\"\" id=\"\">\n\t\t\t\t\t\t\t\t\t\t\t\t<div class=\"td-content-wrapper\"><div class=\"td-content\">CUBO de la Comunidad Emanuel<\/div><\/div>\n\t\t\t\t\t\t\t\t\t\t\t<\/td>\n\t\t\t\t\t\t\t\t\t\t\t\t\t\t\t\t\t\t\t\t\t\t\t\t\t\t<\/tr>\n\t\t\t        \t\t\t\t\t\t<tr>\n\t\t\t\t\t\t\t\t\t\t\t\t\t<\/tr>\n\t\t\t        \t\t\t\t\t\t<tr>\n\t\t\t\t\t\t\t\t\t\t\t\t\t\t\t\t   \t\t\t\t\t\t\t\t\t\t\t<td colspan=\"\" rowspan=\"\" class=\"\" id=\"\">\n\t\t\t\t\t\t\t\t\t\t\t\t<div class=\"td-content-wrapper\"><div class=\"td-content\">El Salvador<\/div><\/div>\n\t\t\t\t\t\t\t\t\t\t\t<\/td>\n\t\t\t\t\t\t\t\t\t\t\t\t\t\t\t\t\t\t\t\t\t\t\t\t\t\t\t\t\t   \t\t\t\t\t\t\t\t\t\t\t<td colspan=\"\" rowspan=\"\" class=\"\" id=\"\">\n\t\t\t\t\t\t\t\t\t\t\t\t<div class=\"td-content-wrapper\"><div class=\"td-content\">Osmin Romero Campos<\/div><\/div>\n\t\t\t\t\t\t\t\t\t\t\t<\/td>\n\t\t\t\t\t\t\t\t\t\t\t\t\t\t\t\t\t\t\t\t\t\t\t\t\t\t\t\t\t   \t\t\t\t\t\t\t\t\t\t\t<td colspan=\"\" rowspan=\"\" class=\"\" id=\"\">\n\t\t\t\t\t\t\t\t\t\t\t\t<div class=\"td-content-wrapper\"><div class=\"td-content\">Biblioteca P\u00fablica Municipal de<br \/>\nMercedes Uma\u00f1a<\/div><\/div>\n\t\t\t\t\t\t\t\t\t\t\t<\/td>\n\t\t\t\t\t\t\t\t\t\t\t\t\t\t\t\t\t\t\t\t\t\t\t\t\t\t<\/tr>\n\t\t\t        \t\t\t\t\t\t<tr>\n\t\t\t\t\t\t\t\t\t\t\t\t\t<\/tr>\n\t\t\t        \t\t\t\t\t\t<tr>\n\t\t\t\t\t\t\t\t\t\t\t\t\t\t\t\t   \t\t\t\t\t\t\t\t\t\t\t<td colspan=\"\" rowspan=\"\" class=\"\" id=\"\">\n\t\t\t\t\t\t\t\t\t\t\t\t<div class=\"td-content-wrapper\"><div class=\"td-content\">Espanha<\/div><\/div>\n\t\t\t\t\t\t\t\t\t\t\t<\/td>\n\t\t\t\t\t\t\t\t\t\t\t\t\t\t\t\t\t\t\t\t\t\t\t\t\t\t\t\t\t   \t\t\t\t\t\t\t\t\t\t\t<td colspan=\"\" rowspan=\"\" class=\"\" id=\"\">\n\t\t\t\t\t\t\t\t\t\t\t\t<div class=\"td-content-wrapper\"><div class=\"td-content\">Mar\u00eda Jos\u00e9 Rufete<\/div><\/div>\n\t\t\t\t\t\t\t\t\t\t\t<\/td>\n\t\t\t\t\t\t\t\t\t\t\t\t\t\t\t\t\t\t\t\t\t\t\t\t\t\t\t\t\t   \t\t\t\t\t\t\t\t\t\t\t<td colspan=\"\" rowspan=\"\" class=\"\" id=\"\">\n\t\t\t\t\t\t\t\t\t\t\t\t<div class=\"td-content-wrapper\"><div class=\"td-content\">Biblioteca P\u00fablica Municipal de<br \/>\nCarboneras<\/div><\/div>\n\t\t\t\t\t\t\t\t\t\t\t<\/td>\n\t\t\t\t\t\t\t\t\t\t\t\t\t\t\t\t\t\t\t\t\t\t\t\t\t\t<\/tr>\n\t\t\t        \t\t\t\t\t\t<tr>\n\t\t\t\t\t\t\t\t\t\t\t\t\t<\/tr>\n\t\t\t        \t\t\t\t\t\t<tr>\n\t\t\t\t\t\t\t\t\t\t\t\t\t\t\t\t   \t\t\t\t\t\t\t\t\t\t\t<td colspan=\"\" rowspan=\"\" class=\"\" id=\"\">\n\t\t\t\t\t\t\t\t\t\t\t\t<div class=\"td-content-wrapper\"><div class=\"td-content\">Espanha<\/div><\/div>\n\t\t\t\t\t\t\t\t\t\t\t<\/td>\n\t\t\t\t\t\t\t\t\t\t\t\t\t\t\t\t\t\t\t\t\t\t\t\t\t\t\t\t\t   \t\t\t\t\t\t\t\t\t\t\t<td colspan=\"\" rowspan=\"\" class=\"\" id=\"\">\n\t\t\t\t\t\t\t\t\t\t\t\t<div class=\"td-content-wrapper\"><div class=\"td-content\">V\u00edctor Manuel Humanes Mart\u00edn<\/div><\/div>\n\t\t\t\t\t\t\t\t\t\t\t<\/td>\n\t\t\t\t\t\t\t\t\t\t\t\t\t\t\t\t\t\t\t\t\t\t\t\t\t\t\t\t\t   \t\t\t\t\t\t\t\t\t\t\t<td colspan=\"\" rowspan=\"\" class=\"\" id=\"\">\n\t\t\t\t\t\t\t\t\t\t\t\t<div class=\"td-content-wrapper\"><div class=\"td-content\">Bibliob\u00fas de zona de Talavera de la\nReina<\/div><\/div>\n\t\t\t\t\t\t\t\t\t\t\t<\/td>\n\t\t\t\t\t\t\t\t\t\t\t\t\t\t\t\t\t\t\t\t\t\t\t\t\t\t<\/tr>\n\t\t\t        \t\t\t\t\t\t<tr>\n\t\t\t\t\t\t\t\t\t\t\t\t\t<\/tr>\n\t\t\t        \t\t\t\t\t\t<tr>\n\t\t\t\t\t\t\t\t\t\t\t\t\t\t\t\t   \t\t\t\t\t\t\t\t\t\t\t<td colspan=\"\" rowspan=\"\" class=\"\" id=\"\">\n\t\t\t\t\t\t\t\t\t\t\t\t<div class=\"td-content-wrapper\"><div class=\"td-content\">Medellin<\/div><\/div>\n\t\t\t\t\t\t\t\t\t\t\t<\/td>\n\t\t\t\t\t\t\t\t\t\t\t\t\t\t\t\t\t\t\t\t\t\t\t\t\t\t\t\t\t   \t\t\t\t\t\t\t\t\t\t\t<td colspan=\"\" rowspan=\"\" class=\"\" id=\"\">\n\t\t\t\t\t\t\t\t\t\t\t\t<div class=\"td-content-wrapper\"><div class=\"td-content\">Alejandra Restrepo<\/div><\/div>\n\t\t\t\t\t\t\t\t\t\t\t<\/td>\n\t\t\t\t\t\t\t\t\t\t\t\t\t\t\t\t\t\t\t\t\t\t\t\t\t\t\t\t\t   \t\t\t\t\t\t\t\t\t\t\t<td colspan=\"\" rowspan=\"\" class=\"\" id=\"\">\n\t\t\t\t\t\t\t\t\t\t\t\t<div class=\"td-content-wrapper\"><div class=\"td-content\">Biblioteca P\u00fablica Corregimental El\nLimonar<\/div><\/div>\n\t\t\t\t\t\t\t\t\t\t\t<\/td>\n\t\t\t\t\t\t\t\t\t\t\t\t\t\t\t\t\t\t\t\t\t\t\t\t\t\t<\/tr>\n\t\t\t        \t\t\t\t\t\t<tr>\n\t\t\t\t\t\t\t\t\t\t\t\t\t<\/tr>\n\t\t\t        \t\t\t\t\t\t<tr>\n\t\t\t\t\t\t\t\t\t\t\t\t\t\t\t\t   \t\t\t\t\t\t\t\t\t\t\t<td colspan=\"\" rowspan=\"\" class=\"\" id=\"\">\n\t\t\t\t\t\t\t\t\t\t\t\t<div class=\"td-content-wrapper\"><div class=\"td-content\">Medellin<\/div><\/div>\n\t\t\t\t\t\t\t\t\t\t\t<\/td>\n\t\t\t\t\t\t\t\t\t\t\t\t\t\t\t\t\t\t\t\t\t\t\t\t\t\t\t\t\t   \t\t\t\t\t\t\t\t\t\t\t<td colspan=\"\" rowspan=\"\" class=\"\" id=\"\">\n\t\t\t\t\t\t\t\t\t\t\t\t<div class=\"td-content-wrapper\"><div class=\"td-content\">Sara Mar\u00eda Rueda Hern\u00e1ndez<\/div><\/div>\n\t\t\t\t\t\t\t\t\t\t\t<\/td>\n\t\t\t\t\t\t\t\t\t\t\t\t\t\t\t\t\t\t\t\t\t\t\t\t\t\t\t\t\t   \t\t\t\t\t\t\t\t\t\t\t<td colspan=\"\" rowspan=\"\" class=\"\" id=\"\">\n\t\t\t\t\t\t\t\t\t\t\t\t<div class=\"td-content-wrapper\"><div class=\"td-content\">Sistema de Bibliotecas P\u00fablicas de\nMedell\u00edn<\/div><\/div>\n\t\t\t\t\t\t\t\t\t\t\t<\/td>\n\t\t\t\t\t\t\t\t\t\t\t\t\t\t\t\t\t\t\t\t\t\t\t\t\t\t<\/tr>\n\t\t\t        \t\t\t\t\t\t<tr>\n\t\t\t\t\t\t\t\t\t\t\t\t\t<\/tr>\n\t\t\t        \t\t\t\t\t\t<tr>\n\t\t\t\t\t\t\t\t\t\t\t\t\t\t\t\t   \t\t\t\t\t\t\t\t\t\t\t<td colspan=\"\" rowspan=\"\" class=\"\" id=\"\">\n\t\t\t\t\t\t\t\t\t\t\t\t<div class=\"td-content-wrapper\"><div class=\"td-content\">Peru<\/div><\/div>\n\t\t\t\t\t\t\t\t\t\t\t<\/td>\n\t\t\t\t\t\t\t\t\t\t\t\t\t\t\t\t\t\t\t\t\t\t\t\t\t\t\t\t\t   \t\t\t\t\t\t\t\t\t\t\t<td colspan=\"\" rowspan=\"\" class=\"\" id=\"\">\n\t\t\t\t\t\t\t\t\t\t\t\t<div class=\"td-content-wrapper\"><div class=\"td-content\">Lesly Yoselin Espinoza Ticona<\/div><\/div>\n\t\t\t\t\t\t\t\t\t\t\t<\/td>\n\t\t\t\t\t\t\t\t\t\t\t\t\t\t\t\t\t\t\t\t\t\t\t\t\t\t\t\t\t   \t\t\t\t\t\t\t\t\t\t\t<td colspan=\"\" rowspan=\"\" class=\"\" id=\"\">\n\t\t\t\t\t\t\t\t\t\t\t\t<div class=\"td-content-wrapper\"><div class=\"td-content\">Centro Cultural Valle Colorete<\/div><\/div>\n\t\t\t\t\t\t\t\t\t\t\t<\/td>\n\t\t\t\t\t\t\t\t\t\t\t\t\t\t\t\t\t\t\t\t\t\t\t\t\t\t<\/tr>\n\t\t\t        \t\t\t\t\t\t<tr>\n\t\t\t\t\t\t\t\t\t\t\t\t\t<\/tr>\n\t\t\t        \t\t\t\t\t\t<tr>\n\t\t\t\t\t\t\t\t\t\t\t\t\t\t\t\t   \t\t\t\t\t\t\t\t\t\t\t<td colspan=\"\" rowspan=\"\" class=\"\" id=\"\">\n\t\t\t\t\t\t\t\t\t\t\t\t<div class=\"td-content-wrapper\"><div class=\"td-content\">Peru<\/div><\/div>\n\t\t\t\t\t\t\t\t\t\t\t<\/td>\n\t\t\t\t\t\t\t\t\t\t\t\t\t\t\t\t\t\t\t\t\t\t\t\t\t\t\t\t\t   \t\t\t\t\t\t\t\t\t\t\t<td colspan=\"\" rowspan=\"\" class=\"\" id=\"\">\n\t\t\t\t\t\t\t\t\t\t\t\t<div class=\"td-content-wrapper\"><div class=\"td-content\">Magaly Sabino La Torre<\/div><\/div>\n\t\t\t\t\t\t\t\t\t\t\t<\/td>\n\t\t\t\t\t\t\t\t\t\t\t\t\t\t\t\t\t\t\t\t\t\t\t\t\t\t\t\t\t   \t\t\t\t\t\t\t\t\t\t\t<td colspan=\"\" rowspan=\"\" class=\"\" id=\"\">\n\t\t\t\t\t\t\t\t\t\t\t\t<div class=\"td-content-wrapper\"><div class=\"td-content\">Fundaci\u00f3n Dispurse<\/div><\/div>\n\t\t\t\t\t\t\t\t\t\t\t<\/td>\n\t\t\t\t\t\t\t\t\t\t\t\t\t\t\t\t\t\t\t\t\t\t\t\t\t\t<\/tr>\n\t\t\t        \t\t\t\t\t\t<tr>\n\t\t\t\t\t\t\t\t\t\t\t\t\t<\/tr>\n\t\t\t        \t\t\t\t\t\t<tr>\n\t\t\t\t\t\t\t\t\t\t\t\t\t\t\t\t   \t\t\t\t\t\t\t\t\t\t\t<td colspan=\"\" rowspan=\"\" class=\"\" id=\"\">\n\t\t\t\t\t\t\t\t\t\t\t\t<div class=\"td-content-wrapper\"><div class=\"td-content\">Quito<\/div><\/div>\n\t\t\t\t\t\t\t\t\t\t\t<\/td>\n\t\t\t\t\t\t\t\t\t\t\t\t\t\t\t\t\t\t\t\t\t\t\t\t\t\t\t\t\t   \t\t\t\t\t\t\t\t\t\t\t<td colspan=\"\" rowspan=\"\" class=\"\" id=\"\">\n\t\t\t\t\t\t\t\t\t\t\t\t<div class=\"td-content-wrapper\"><div class=\"td-content\">Catalina Unigarro<\/div><\/div>\n\t\t\t\t\t\t\t\t\t\t\t<\/td>\n\t\t\t\t\t\t\t\t\t\t\t\t\t\t\t\t\t\t\t\t\t\t\t\t\t\t\t\t\t   \t\t\t\t\t\t\t\t\t\t\t<td colspan=\"\" rowspan=\"\" class=\"\" id=\"\">\n\t\t\t\t\t\t\t\t\t\t\t\t<div class=\"td-content-wrapper\"><div class=\"td-content\">Picnic de Palabras Ecuador,<br \/>\nBiblioteca comunitaria itinerante<\/div><\/div>\n\t\t\t\t\t\t\t\t\t\t\t<\/td>\n\t\t\t\t\t\t\t\t\t\t\t\t\t\t\t\t\t\t\t\t\t\t\t\t\t\t<\/tr>\n\t\t\t        \t\t\t\t\t\t<tr>\n\t\t\t\t\t\t\t\t\t\t\t\t\t<\/tr>\n\t\t\t        \t\t\t\t\t\t<tr>\n\t\t\t\t\t\t\t\t\t\t\t\t\t\t\t\t   \t\t\t\t\t\t\t\t\t\t\t<td colspan=\"\" rowspan=\"\" class=\"\" id=\"\">\n\t\t\t\t\t\t\t\t\t\t\t\t<div class=\"td-content-wrapper\"><div class=\"td-content\">Quito<\/div><\/div>\n\t\t\t\t\t\t\t\t\t\t\t<\/td>\n\t\t\t\t\t\t\t\t\t\t\t\t\t\t\t\t\t\t\t\t\t\t\t\t\t\t\t\t\t   \t\t\t\t\t\t\t\t\t\t\t<td colspan=\"\" rowspan=\"\" class=\"\" id=\"\">\n\t\t\t\t\t\t\t\t\t\t\t\t<div class=\"td-content-wrapper\"><div class=\"td-content\">Patricia Morocho Pilaguano<\/div><\/div>\n\t\t\t\t\t\t\t\t\t\t\t<\/td>\n\t\t\t\t\t\t\t\t\t\t\t\t\t\t\t\t\t\t\t\t\t\t\t\t\t\t\t\t\t   \t\t\t\t\t\t\t\t\t\t\t<td colspan=\"\" rowspan=\"\" class=\"\" id=\"\">\n\t\t\t\t\t\t\t\t\t\t\t\t<div class=\"td-content-wrapper\"><div class=\"td-content\">Biblioteca Comunitaria Turuteka<\/div><\/div>\n\t\t\t\t\t\t\t\t\t\t\t<\/td>\n\t\t\t\t\t\t\t\t\t\t\t\t\t\t\t\t\t\t\t\t\t\t\t\t\t\t<\/tr>\n\t\t\t        \t\t\t    <\/tbody>\n\t\t\t<\/table>\n\t\t<\/div>\n\t  \t\t\t<\/div>\n\t\t\t\t<\/div>\n\t\t\t\t\t\t<\/div>\n\t\t\t\t\t<\/div>\n\t\t<\/div>\n\t\t\t\t\t\t\t\t<\/div>\n\t\t\t\t\t<\/div>\n\t\t<\/section>\n\t\t\t\t\t\t\t\t\t<\/div>\n\t\t\t<\/div>\n\t\t\t\t\t<\/div>","protected":false},"excerpt":{"rendered":"<p>5\u00aa Pasant\u00eda Internacional Iberbibliotecas Nuestra 5\u00aa Pasant\u00eda Internacional 2023 se realiz\u00f3 en Bogot\u00e1, Colomfia, y fue un encuentro en el que participaron veinte personas pertenecientes a los equipos bibliotecarios de &hellip; <\/p>\n<p class=\"link-more\"><a href=\"https:\/\/www.iberbibliotecas.org\/por\/5a-pasantia-internacional-iberbibliotecas\/\" class=\"more-link\">Continue lendo<span class=\"screen-reader-text\"> &#8220;Concluy\u00f3 la 5\u00aa Pasant\u00eda Internacional Iberbibliotecas&#8221;<\/span><\/a><\/p>","protected":false},"author":1,"featured_media":17473,"comment_status":"closed","ping_status":"open","sticky":false,"template":"elementor_canvas","format":"standard","meta":{"_EventAllDay":false,"_EventTimezone":"","_EventStartDate":"","_EventEndDate":"","_EventStartDateUTC":"","_EventEndDateUTC":"","_EventShowMap":false,"_EventShowMapLink":false,"_EventURL":"","_EventCost":"","_EventCostDescription":"","_EventCurrencySymbol":"","_EventCurrencyCode":"","_EventCurrencyPosition":"","_EventDateTimeSeparator":"","_EventTimeRangeSeparator":"","_EventOrganizerID":[],"_EventVenueID":0,"_OrganizerEmail":"","_OrganizerPhone":"","_OrganizerWebsite":"","_VenueAddress":"","_VenueCity":"","_VenueCountry":"","_VenueProvince":"","_VenueZip":"","_VenuePhone":"","_VenueURL":"","_VenueStateProvince":"","_VenueLat":"","_VenueLng":""},"categories":[19],"tags":[],"yoast_head":"<!-- This site is optimized with the Yoast SEO plugin v20.11 - https:\/\/yoast.com\/wordpress\/plugins\/seo\/ -->\n<title>Concluy\u00f3 la 5\u00aa Pasant\u00eda Internacional Iberbibliotecas - Iberbibliotecas<\/title>\n<meta name=\"description\" content=\"Desde el lunes 28 de agosto y hasta el viernes 2 de septiembre se re\u00fanen en Bogot\u00e1, Colombia, veinte personas pertenecientes a los equipos bibliotecarios de bibliotecas p\u00fablicas, comunitarias y populares.\" \/>\n<meta name=\"robots\" content=\"index, follow, max-snippet:-1, max-image-preview:large, max-video-preview:-1\" \/>\n<link rel=\"canonical\" href=\"https:\/\/www.iberbibliotecas.org\/por\/5a-pasantia-internacional-iberbibliotecas\/\" \/>\n<meta property=\"og:locale\" content=\"pt_BR\" \/>\n<meta property=\"og:type\" content=\"article\" \/>\n<meta property=\"og:title\" content=\"Concluy\u00f3 la 5\u00aa Pasant\u00eda Internacional Iberbibliotecas - Iberbibliotecas\" \/>\n<meta property=\"og:description\" content=\"Desde el lunes 28 de agosto y hasta el viernes 2 de septiembre se re\u00fanen en Bogot\u00e1, Colombia, veinte personas pertenecientes a los equipos bibliotecarios de bibliotecas p\u00fablicas, comunitarias y populares.\" \/>\n<meta property=\"og:url\" content=\"https:\/\/www.iberbibliotecas.org\/por\/5a-pasantia-internacional-iberbibliotecas\/\" \/>\n<meta property=\"og:site_name\" content=\"Iberbibliotecas\" \/>\n<meta property=\"article:published_time\" content=\"2023-08-29T16:50:34+00:00\" \/>\n<meta property=\"article:modified_time\" content=\"2024-05-08T23:03:34+00:00\" \/>\n<meta property=\"og:image\" content=\"https:\/\/www.iberbibliotecas.org\/wp-content\/uploads\/2023\/08\/iberbibliotecas_dia1-15.jpg\" \/>\n\t<meta property=\"og:image:width\" content=\"2048\" \/>\n\t<meta property=\"og:image:height\" content=\"1152\" \/>\n\t<meta property=\"og:image:type\" content=\"image\/jpeg\" \/>\n<meta name=\"author\" content=\"admin\" \/>\n<meta name=\"twitter:card\" content=\"summary_large_image\" \/>\n<meta name=\"twitter:image\" content=\"https:\/\/www.iberbibliotecas.org\/wp-content\/uploads\/2023\/03\/Foto-Ministerio-de-Cultura-de-El-Salvador.jpeg\" \/>\n<meta name=\"twitter:label1\" content=\"Escrito por\" \/>\n\t<meta name=\"twitter:data1\" content=\"admin\" \/>\n\t<meta name=\"twitter:label2\" content=\"Est. tempo de leitura\" \/>\n\t<meta name=\"twitter:data2\" content=\"4 minutos\" \/>\n<script type=\"application\/ld+json\" class=\"yoast-schema-graph\">{\"@context\":\"https:\/\/schema.org\",\"@graph\":[{\"@type\":\"Article\",\"@id\":\"https:\/\/www.iberbibliotecas.org\/5a-pasantia-internacional-iberbibliotecas\/#article\",\"isPartOf\":{\"@id\":\"https:\/\/www.iberbibliotecas.org\/5a-pasantia-internacional-iberbibliotecas\/\"},\"author\":{\"name\":\"admin\",\"@id\":\"https:\/\/www.iberbibliotecas.org\/#\/schema\/person\/486ac82ad50c6a0a37e3b388a7f40012\"},\"headline\":\"Concluy\u00f3 la 5\u00aa Pasant\u00eda Internacional Iberbibliotecas\",\"datePublished\":\"2023-08-29T16:50:34+00:00\",\"dateModified\":\"2024-05-08T23:03:34+00:00\",\"mainEntityOfPage\":{\"@id\":\"https:\/\/www.iberbibliotecas.org\/5a-pasantia-internacional-iberbibliotecas\/\"},\"wordCount\":460,\"publisher\":{\"@id\":\"https:\/\/www.iberbibliotecas.org\/#organization\"},\"articleSection\":[\"DESTACADOS\"],\"inLanguage\":\"pt-BR\"},{\"@type\":\"WebPage\",\"@id\":\"https:\/\/www.iberbibliotecas.org\/5a-pasantia-internacional-iberbibliotecas\/\",\"url\":\"https:\/\/www.iberbibliotecas.org\/5a-pasantia-internacional-iberbibliotecas\/\",\"name\":\"Concluy\u00f3 la 5\u00aa Pasant\u00eda Internacional Iberbibliotecas - Iberbibliotecas\",\"isPartOf\":{\"@id\":\"https:\/\/www.iberbibliotecas.org\/#website\"},\"datePublished\":\"2023-08-29T16:50:34+00:00\",\"dateModified\":\"2024-05-08T23:03:34+00:00\",\"description\":\"Desde el lunes 28 de agosto y hasta el viernes 2 de septiembre se re\u00fanen en Bogot\u00e1, Colombia, veinte personas pertenecientes a los equipos bibliotecarios de bibliotecas p\u00fablicas, comunitarias y populares.\",\"breadcrumb\":{\"@id\":\"https:\/\/www.iberbibliotecas.org\/5a-pasantia-internacional-iberbibliotecas\/#breadcrumb\"},\"inLanguage\":\"pt-BR\",\"potentialAction\":[{\"@type\":\"ReadAction\",\"target\":[\"https:\/\/www.iberbibliotecas.org\/5a-pasantia-internacional-iberbibliotecas\/\"]}]},{\"@type\":\"BreadcrumbList\",\"@id\":\"https:\/\/www.iberbibliotecas.org\/5a-pasantia-internacional-iberbibliotecas\/#breadcrumb\",\"itemListElement\":[{\"@type\":\"ListItem\",\"position\":1,\"name\":\"Inicio\",\"item\":\"https:\/\/www.iberbibliotecas.org\/\"},{\"@type\":\"ListItem\",\"position\":2,\"name\":\"Concluy\u00f3 la 5\u00aa Pasant\u00eda Internacional Iberbibliotecas\"}]},{\"@type\":\"WebSite\",\"@id\":\"https:\/\/www.iberbibliotecas.org\/#website\",\"url\":\"https:\/\/www.iberbibliotecas.org\/\",\"name\":\"Iberbibliotecas\",\"description\":\"\",\"publisher\":{\"@id\":\"https:\/\/www.iberbibliotecas.org\/#organization\"},\"potentialAction\":[{\"@type\":\"SearchAction\",\"target\":{\"@type\":\"EntryPoint\",\"urlTemplate\":\"https:\/\/www.iberbibliotecas.org\/?s={search_term_string}\"},\"query-input\":\"required name=search_term_string\"}],\"inLanguage\":\"pt-BR\"},{\"@type\":\"Organization\",\"@id\":\"https:\/\/www.iberbibliotecas.org\/#organization\",\"name\":\"Iberbibliotecas\",\"url\":\"https:\/\/www.iberbibliotecas.org\/\",\"logo\":{\"@type\":\"ImageObject\",\"inLanguage\":\"pt-BR\",\"@id\":\"https:\/\/www.iberbibliotecas.org\/#\/schema\/logo\/image\/\",\"url\":\"https:\/\/www.iberbibliotecas.org\/wp-content\/uploads\/2021\/03\/logo_c_ib.png\",\"contentUrl\":\"https:\/\/www.iberbibliotecas.org\/wp-content\/uploads\/2021\/03\/logo_c_ib.png\",\"width\":289,\"height\":180,\"caption\":\"Iberbibliotecas\"},\"image\":{\"@id\":\"https:\/\/www.iberbibliotecas.org\/#\/schema\/logo\/image\/\"}},{\"@type\":\"Person\",\"@id\":\"https:\/\/www.iberbibliotecas.org\/#\/schema\/person\/486ac82ad50c6a0a37e3b388a7f40012\",\"name\":\"admin\",\"image\":{\"@type\":\"ImageObject\",\"inLanguage\":\"pt-BR\",\"@id\":\"https:\/\/www.iberbibliotecas.org\/#\/schema\/person\/image\/\",\"url\":\"https:\/\/secure.gravatar.com\/avatar\/bd32ff3442cc72b6eeb88993179a289a?s=96&d=mm&r=g\",\"contentUrl\":\"https:\/\/secure.gravatar.com\/avatar\/bd32ff3442cc72b6eeb88993179a289a?s=96&d=mm&r=g\",\"caption\":\"admin\"},\"sameAs\":[\"http:\/\/34.125.232.78\"],\"url\":\"https:\/\/www.iberbibliotecas.org\/por\/author\/admin\/\"}]}<\/script>\n<!-- \/ Yoast SEO plugin. -->","yoast_head_json":{"title":"Concluy\u00f3 la 5\u00aa Pasant\u00eda Internacional Iberbibliotecas - Iberbibliotecas","description":"Desde el lunes 28 de agosto y hasta el viernes 2 de septiembre se re\u00fanen en Bogot\u00e1, Colombia, veinte personas pertenecientes a los equipos bibliotecarios de bibliotecas p\u00fablicas, comunitarias y populares.","robots":{"index":"index","follow":"follow","max-snippet":"max-snippet:-1","max-image-preview":"max-image-preview:large","max-video-preview":"max-video-preview:-1"},"canonical":"https:\/\/www.iberbibliotecas.org\/por\/5a-pasantia-internacional-iberbibliotecas\/","og_locale":"pt_BR","og_type":"article","og_title":"Concluy\u00f3 la 5\u00aa Pasant\u00eda Internacional Iberbibliotecas - Iberbibliotecas","og_description":"Desde el lunes 28 de agosto y hasta el viernes 2 de septiembre se re\u00fanen en Bogot\u00e1, Colombia, veinte personas pertenecientes a los equipos bibliotecarios de bibliotecas p\u00fablicas, comunitarias y populares.","og_url":"https:\/\/www.iberbibliotecas.org\/por\/5a-pasantia-internacional-iberbibliotecas\/","og_site_name":"Iberbibliotecas","article_published_time":"2023-08-29T16:50:34+00:00","article_modified_time":"2024-05-08T23:03:34+00:00","og_image":[{"width":2048,"height":1152,"url":"https:\/\/www.iberbibliotecas.org\/wp-content\/uploads\/2023\/08\/iberbibliotecas_dia1-15.jpg","type":"image\/jpeg"}],"author":"admin","twitter_card":"summary_large_image","twitter_image":"https:\/\/www.iberbibliotecas.org\/wp-content\/uploads\/2023\/03\/Foto-Ministerio-de-Cultura-de-El-Salvador.jpeg","twitter_misc":{"Escrito por":"admin","Est. tempo de leitura":"4 minutos"},"schema":{"@context":"https:\/\/schema.org","@graph":[{"@type":"Article","@id":"https:\/\/www.iberbibliotecas.org\/5a-pasantia-internacional-iberbibliotecas\/#article","isPartOf":{"@id":"https:\/\/www.iberbibliotecas.org\/5a-pasantia-internacional-iberbibliotecas\/"},"author":{"name":"admin","@id":"https:\/\/www.iberbibliotecas.org\/#\/schema\/person\/486ac82ad50c6a0a37e3b388a7f40012"},"headline":"Concluy\u00f3 la 5\u00aa Pasant\u00eda Internacional Iberbibliotecas","datePublished":"2023-08-29T16:50:34+00:00","dateModified":"2024-05-08T23:03:34+00:00","mainEntityOfPage":{"@id":"https:\/\/www.iberbibliotecas.org\/5a-pasantia-internacional-iberbibliotecas\/"},"wordCount":460,"publisher":{"@id":"https:\/\/www.iberbibliotecas.org\/#organization"},"articleSection":["DESTACADOS"],"inLanguage":"pt-BR"},{"@type":"WebPage","@id":"https:\/\/www.iberbibliotecas.org\/5a-pasantia-internacional-iberbibliotecas\/","url":"https:\/\/www.iberbibliotecas.org\/5a-pasantia-internacional-iberbibliotecas\/","name":"Concluy\u00f3 la 5\u00aa Pasant\u00eda Internacional Iberbibliotecas - Iberbibliotecas","isPartOf":{"@id":"https:\/\/www.iberbibliotecas.org\/#website"},"datePublished":"2023-08-29T16:50:34+00:00","dateModified":"2024-05-08T23:03:34+00:00","description":"Desde el lunes 28 de agosto y hasta el viernes 2 de septiembre se re\u00fanen en Bogot\u00e1, Colombia, veinte personas pertenecientes a los equipos bibliotecarios de bibliotecas p\u00fablicas, comunitarias y populares.","breadcrumb":{"@id":"https:\/\/www.iberbibliotecas.org\/5a-pasantia-internacional-iberbibliotecas\/#breadcrumb"},"inLanguage":"pt-BR","potentialAction":[{"@type":"ReadAction","target":["https:\/\/www.iberbibliotecas.org\/5a-pasantia-internacional-iberbibliotecas\/"]}]},{"@type":"BreadcrumbList","@id":"https:\/\/www.iberbibliotecas.org\/5a-pasantia-internacional-iberbibliotecas\/#breadcrumb","itemListElement":[{"@type":"ListItem","position":1,"name":"Inicio","item":"https:\/\/www.iberbibliotecas.org\/"},{"@type":"ListItem","position":2,"name":"Concluy\u00f3 la 5\u00aa Pasant\u00eda Internacional Iberbibliotecas"}]},{"@type":"WebSite","@id":"https:\/\/www.iberbibliotecas.org\/#website","url":"https:\/\/www.iberbibliotecas.org\/","name":"Iberbibliotecas","description":"","publisher":{"@id":"https:\/\/www.iberbibliotecas.org\/#organization"},"potentialAction":[{"@type":"SearchAction","target":{"@type":"EntryPoint","urlTemplate":"https:\/\/www.iberbibliotecas.org\/?s={search_term_string}"},"query-input":"required name=search_term_string"}],"inLanguage":"pt-BR"},{"@type":"Organization","@id":"https:\/\/www.iberbibliotecas.org\/#organization","name":"Iberbibliotecas","url":"https:\/\/www.iberbibliotecas.org\/","logo":{"@type":"ImageObject","inLanguage":"pt-BR","@id":"https:\/\/www.iberbibliotecas.org\/#\/schema\/logo\/image\/","url":"https:\/\/www.iberbibliotecas.org\/wp-content\/uploads\/2021\/03\/logo_c_ib.png","contentUrl":"https:\/\/www.iberbibliotecas.org\/wp-content\/uploads\/2021\/03\/logo_c_ib.png","width":289,"height":180,"caption":"Iberbibliotecas"},"image":{"@id":"https:\/\/www.iberbibliotecas.org\/#\/schema\/logo\/image\/"}},{"@type":"Person","@id":"https:\/\/www.iberbibliotecas.org\/#\/schema\/person\/486ac82ad50c6a0a37e3b388a7f40012","name":"admin","image":{"@type":"ImageObject","inLanguage":"pt-BR","@id":"https:\/\/www.iberbibliotecas.org\/#\/schema\/person\/image\/","url":"https:\/\/secure.gravatar.com\/avatar\/bd32ff3442cc72b6eeb88993179a289a?s=96&d=mm&r=g","contentUrl":"https:\/\/secure.gravatar.com\/avatar\/bd32ff3442cc72b6eeb88993179a289a?s=96&d=mm&r=g","caption":"admin"},"sameAs":["http:\/\/34.125.232.78"],"url":"https:\/\/www.iberbibliotecas.org\/por\/author\/admin\/"}]}},"_links":{"self":[{"href":"https:\/\/www.iberbibliotecas.org\/por\/wp-json\/wp\/v2\/posts\/17472"}],"collection":[{"href":"https:\/\/www.iberbibliotecas.org\/por\/wp-json\/wp\/v2\/posts"}],"about":[{"href":"https:\/\/www.iberbibliotecas.org\/por\/wp-json\/wp\/v2\/types\/post"}],"author":[{"embeddable":true,"href":"https:\/\/www.iberbibliotecas.org\/por\/wp-json\/wp\/v2\/users\/1"}],"replies":[{"embeddable":true,"href":"https:\/\/www.iberbibliotecas.org\/por\/wp-json\/wp\/v2\/comments?post=17472"}],"version-history":[{"count":50,"href":"https:\/\/www.iberbibliotecas.org\/por\/wp-json\/wp\/v2\/posts\/17472\/revisions"}],"predecessor-version":[{"id":18019,"href":"https:\/\/www.iberbibliotecas.org\/por\/wp-json\/wp\/v2\/posts\/17472\/revisions\/18019"}],"wp:featuredmedia":[{"embeddable":true,"href":"https:\/\/www.iberbibliotecas.org\/por\/wp-json\/wp\/v2\/media\/17473"}],"wp:attachment":[{"href":"https:\/\/www.iberbibliotecas.org\/por\/wp-json\/wp\/v2\/media?parent=17472"}],"wp:term":[{"taxonomy":"category","embeddable":true,"href":"https:\/\/www.iberbibliotecas.org\/por\/wp-json\/wp\/v2\/categories?post=17472"},{"taxonomy":"post_tag","embeddable":true,"href":"https:\/\/www.iberbibliotecas.org\/por\/wp-json\/wp\/v2\/tags?post=17472"}],"curies":[{"name":"wp","href":"https:\/\/api.w.org\/{rel}","templated":true}]}}