{"id":19814,"date":"2024-09-09T08:59:26","date_gmt":"2024-09-09T13:59:26","guid":{"rendered":"https:\/\/www.iberbibliotecas.org\/?p=19814"},"modified":"2024-09-09T09:54:54","modified_gmt":"2024-09-09T14:54:54","slug":"bibliotecacostarricenseviajasaopablo","status":"publish","type":"post","link":"https:\/\/www.iberbibliotecas.org\/por\/bibliotecacostarricenseviajasaopablo\/","title":{"rendered":"Bibliotec\u00e1ria costarriquenha e estagi\u00e1ria do Iberbibliotecas viaja para S\u00e3o Paulo"},"content":{"rendered":"<div data-elementor-type=\"wp-post\" data-elementor-id=\"19814\" class=\"elementor elementor-19814\">\n\t\t\t\t\t\t<div class=\"elementor-inner\">\n\t\t\t\t<div class=\"elementor-section-wrap\">\n\t\t\t\t\t\t\t\t\t<section class=\"elementor-section elementor-top-section elementor-element elementor-element-fe72422 elementor-section-boxed elementor-section-height-default elementor-section-height-default\" data-id=\"fe72422\" data-element_type=\"section\">\n\t\t\t\t\t\t<div class=\"elementor-container elementor-column-gap-default\">\n\t\t\t\t\t\t\t<div class=\"elementor-row\">\n\t\t\t\t\t<div class=\"elementor-column elementor-col-100 elementor-top-column elementor-element elementor-element-66b7b31\" data-id=\"66b7b31\" data-element_type=\"column\">\n\t\t\t<div class=\"elementor-column-wrap elementor-element-populated\">\n\t\t\t\t\t\t\t<div class=\"elementor-widget-wrap\">\n\t\t\t\t\t\t<div class=\"elementor-element elementor-element-91394e9 elementor-widget elementor-widget-heading\" data-id=\"91394e9\" data-element_type=\"widget\" data-widget_type=\"heading.default\">\n\t\t\t\t<div class=\"elementor-widget-container\">\n\t\t\t<h1 class=\"elementor-heading-title elementor-size-default\">Bibliotec\u00e1ria costarriquenha e estagi\u00e1ria do Iberbibliotecas viaja para S\u00e3o Paulo<\/h1>\t\t<\/div>\n\t\t\t\t<\/div>\n\t\t\t\t\t\t<\/div>\n\t\t\t\t\t<\/div>\n\t\t<\/div>\n\t\t\t\t\t\t\t\t<\/div>\n\t\t\t\t\t<\/div>\n\t\t<\/section>\n\t\t\t\t<section class=\"elementor-section elementor-top-section elementor-element elementor-element-d6139df elementor-section-boxed elementor-section-height-default elementor-section-height-default\" data-id=\"d6139df\" data-element_type=\"section\">\n\t\t\t\t\t\t<div class=\"elementor-container elementor-column-gap-default\">\n\t\t\t\t\t\t\t<div class=\"elementor-row\">\n\t\t\t\t\t<div class=\"elementor-column elementor-col-33 elementor-top-column elementor-element elementor-element-93459e2 elementor-hidden-phone\" data-id=\"93459e2\" data-element_type=\"column\">\n\t\t\t<div class=\"elementor-column-wrap elementor-element-populated\">\n\t\t\t\t\t\t\t<div class=\"elementor-widget-wrap\">\n\t\t\t\t\t\t<div class=\"elementor-element elementor-element-b3814f1 elementor-hidden-desktop elementor-hidden-tablet elementor-widget elementor-widget-image\" data-id=\"b3814f1\" data-element_type=\"widget\" data-widget_type=\"image.default\">\n\t\t\t\t<div class=\"elementor-widget-container\">\n\t\t\t\t\t\t\t\t<div class=\"elementor-image\">\n\t\t\t\t\t\t\t\t\t\t\t\t<img decoding=\"async\" width=\"525\" height=\"304\" src=\"https:\/\/www.iberbibliotecas.org\/wp-content\/uploads\/2021\/02\/Consejo1..png\" class=\"attachment-medium_large size-medium_large\" alt=\"\" loading=\"lazy\" srcset=\"https:\/\/www.iberbibliotecas.org\/wp-content\/uploads\/2021\/02\/Consejo1..png 726w, https:\/\/www.iberbibliotecas.org\/wp-content\/uploads\/2021\/02\/Consejo1.-300x174.png 300w, https:\/\/www.iberbibliotecas.org\/wp-content\/uploads\/2021\/02\/Consejo1.-16x9.png 16w\" sizes=\"100vw\" \/>\t\t\t\t\t\t\t\t\t\t\t\t\t\t<\/div>\n\t\t\t\t\t\t<\/div>\n\t\t\t\t<\/div>\n\t\t\t\t<div class=\"elementor-element elementor-element-9fa1701 elementor-widget__width-initial elementor-hidden-desktop elementor-hidden-tablet elementor-widget-mobile__width-inherit elementor-widget elementor-widget-heading\" data-id=\"9fa1701\" data-element_type=\"widget\" data-widget_type=\"heading.default\">\n\t\t\t\t<div class=\"elementor-widget-container\">\n\t\t\t<h2 class=\"elementor-heading-title elementor-size-default\">Paraguai, novo membro do Iberbibliotecas <\/h2>\t\t<\/div>\n\t\t\t\t<\/div>\n\t\t\t\t<div class=\"elementor-element elementor-element-9a3367f elementor-share-buttons--view-icon elementor-share-buttons--skin-framed elementor-share-buttons--color-custom social-banco elementor-widget__width-initial elementor-hidden-desktop elementor-hidden-tablet elementor-share-buttons--shape-square elementor-grid-0 elementor-widget elementor-widget-share-buttons\" data-id=\"9a3367f\" data-element_type=\"widget\" data-widget_type=\"share-buttons.default\">\n\t\t\t\t<div class=\"elementor-widget-container\">\n\t\t\t\t\t<div class=\"elementor-grid\">\n\t\t\t\t\t\t\t\t<div class=\"elementor-grid-item\">\n\t\t\t\t\t\t<div class=\"elementor-share-btn elementor-share-btn_linkedin\">\n\t\t\t\t\t\t\t\t\t\t\t\t\t\t\t<span class=\"elementor-share-btn__icon\">\n\t\t\t\t\t\t\t\t<i class=\"fab fa-linkedin\" aria-hidden=\"true\"><\/i>\t\t\t\t\t\t\t\t<span\n\t\t\t\t\t\t\t\t\tclass=\"elementor-screen-only\">Compartilhar no linkedin<\/span>\n\t\t\t\t\t\t\t<\/span>\n\t\t\t\t\t\t\t\t\t\t\t\t\t\t\t\t\t\t\t\t<\/div>\n\t\t\t\t\t<\/div>\n\t\t\t\t\t\t\t\t\t<div class=\"elementor-grid-item\">\n\t\t\t\t\t\t<div class=\"elementor-share-btn elementor-share-btn_facebook\">\n\t\t\t\t\t\t\t\t\t\t\t\t\t\t\t<span class=\"elementor-share-btn__icon\">\n\t\t\t\t\t\t\t\t<i class=\"fab fa-facebook\" aria-hidden=\"true\"><\/i>\t\t\t\t\t\t\t\t<span\n\t\t\t\t\t\t\t\t\tclass=\"elementor-screen-only\">Compartilhar no facebook<\/span>\n\t\t\t\t\t\t\t<\/span>\n\t\t\t\t\t\t\t\t\t\t\t\t\t\t\t\t\t\t\t\t<\/div>\n\t\t\t\t\t<\/div>\n\t\t\t\t\t\t\t\t\t<div class=\"elementor-grid-item\">\n\t\t\t\t\t\t<div class=\"elementor-share-btn elementor-share-btn_twitter\">\n\t\t\t\t\t\t\t\t\t\t\t\t\t\t\t<span class=\"elementor-share-btn__icon\">\n\t\t\t\t\t\t\t\t<i class=\"fab fa-twitter\" aria-hidden=\"true\"><\/i>\t\t\t\t\t\t\t\t<span\n\t\t\t\t\t\t\t\t\tclass=\"elementor-screen-only\">Compartilhar no twitter<\/span>\n\t\t\t\t\t\t\t<\/span>\n\t\t\t\t\t\t\t\t\t\t\t\t\t\t\t\t\t\t\t\t<\/div>\n\t\t\t\t\t<\/div>\n\t\t\t\t\t\t<\/div>\n\t\t\t\t<\/div>\n\t\t\t\t<\/div>\n\t\t\t\t\t\t<\/div>\n\t\t\t\t\t<\/div>\n\t\t<\/div>\n\t\t\t\t<div class=\"elementor-column elementor-col-33 elementor-top-column elementor-element elementor-element-ff5e006\" data-id=\"ff5e006\" data-element_type=\"column\">\n\t\t\t<div class=\"elementor-column-wrap elementor-element-populated\">\n\t\t\t\t\t\t\t<div class=\"elementor-widget-wrap\">\n\t\t\t\t\t\t<div class=\"elementor-element elementor-element-2a7974d elementor-widget elementor-widget-text-editor\" data-id=\"2a7974d\" data-element_type=\"widget\" data-widget_type=\"text-editor.default\">\n\t\t\t\t<div class=\"elementor-widget-container\">\n\t\t\t\t\t\t\t\t<div class=\"elementor-text-editor elementor-clearfix\">\n\t\t\t\t<p>A <strong>5\u00aa Bolsa de assist\u00eancia a eventos internacionais.<\/strong> do Programa Ibero-Americano de Bibliotecas\nP\u00fablicas, Iberbibliotecas, \u00e9 uma linha que permite a participa\u00e7\u00e3o de pessoas de equipes de\nbibliotecas p\u00fablicas e comunit\u00e1rias em diferentes eventos culturais na Iberoam\u00e9rica. Este ano,\ndoze estagi\u00e1rios viajar\u00e3o para tr\u00eas eventos.<\/p><p>A primeira deste grupo a viajar \u00e9 <strong>Catalina Hern\u00e1ndez Salazar, bibliotec\u00e1ria da Costa Rica selecionada para participar do Semin\u00e1rio Internacional Biblioteca Viva,<\/strong>organizado pelo Sistema de Bibliotecas Estadual de P\u00fablicas de S\u00e3o Paulo, Brasil, que chega \u00e0 sua 15\u00aa edi\u00e7\u00e3o e ter\u00e1 como tema \u201cIntelig\u00eancia artificial: caminhos para inova\u00e7\u00e3o, colabora\u00e7\u00e3o e inclus\u00e3o\u201d.<\/p><p><strong>Catalina Hern\u00e1ndez Salazar atualmente coordena a Biblioteca P\u00fablica da Mor\u00e1via, pertencente\nao Sistema de Bibliotecas P\u00fablicas da Costa Rica, SINABI.<\/strong> Antes de sua participa\u00e7\u00e3o no Semin\u00e1rio,\nque acontecer\u00e1 de 10 a 12 de setembro, conversamos brevemente com ela para conhecer um pouco mais sobre seu trabalho.<\/p><ol><li><strong>Voc\u00ea \u00e9 a coordenadora da Biblioteca P\u00fablica da Mor\u00e1via, na Costa Rica. Como <\/strong><strong><strong>descreveria esse espa\u00e7o para quem n\u00e3o o conhece?<br \/><br \/><\/strong><\/strong><ul><li>A Biblioteca P\u00fablica da Mor\u00e1via \u00e9 um espa\u00e7o de desenvolvimento pessoal e cultural, nesta\nbiblioteca o nosso objetivo e raz\u00e3o de ser \u00e9 servir a comunidade. \u00c9 um exemplo de trabalho\nem equipe e que se nos unirmos somos mais fortes. Nossa popula\u00e7\u00e3o de usu\u00e1rios tem uma\nfaixa et\u00e1ria de 2 meses a 97 anos.<br \/><br \/><\/li><\/ul><\/li><li><strong><strong>Voc\u00ea participar\u00e1 do Semin\u00e1rio Internacional Biblioteca Viva, que ser\u00e1 realizado em S\u00e3o\nPaulo, Brasil, tendo a intelig\u00eancia artificial como tema central. Quais expectativas\nprofissionais voc\u00ea tem?<br \/><br \/><\/strong><\/strong><ul><li>Neste momento em que a intelig\u00eancia artificial est\u00e1 na nossa agenda di\u00e1ria, \u00e9 meu objetivo me\nassessorar e aprender mais sobre o assunto, analisar em que aspectos posso aplic\u00e1-la no nosso trabalho di\u00e1rio.<br \/><br \/><\/li><\/ul><\/li><li><strong>Conte-nos o projeto sobre mudan\u00e7as clim\u00e1ticas e intelig\u00eancia artificial <\/strong><strong><strong>realizado pela biblioteca.<br \/><br \/><\/strong><\/strong><ul><li>O Projeto Clima, C\u00e2mera, A\u00e7\u00e3o Mor\u00e1via foi realizado com 19 jovens entre 13 e 19 anos, junto com o Instituto Centroamericano de Extensi\u00f3n de la Cultura (ICECU), e consistiu em um estudo sobre mudan\u00e7as clim\u00e1ticas com a popula\u00e7\u00e3o adolescente, no qual eles pr\u00f3prios escreveram<br \/>os roteiros de tr\u00eas curtas-metragens relacionados ao tema. O projeto tamb\u00e9m teve como objetivo aproximar essa popula\u00e7\u00e3o da biblioteca e reduzir o cyberbullying presente nos centros  ducacionais. Este projeto n\u00e3o est\u00e1 relacionado \u00e0 intelig\u00eancia artificial.<br \/><br \/><\/li><\/ul><\/li><li><strong><strong>Qual \u00e9 o principal desafio do seu trabalho como bibliotec\u00e1rio atualmente?<br \/><br \/><\/strong><\/strong><ul><li>O maior desafio dentro da profiss\u00e3o \u00e9 se manter atualizado em um mundo repleto de tecnologia,\nse reinventar e oferecer o que os usu\u00e1rios desejam. Sem d\u00favida, a popula\u00e7\u00e3o que nos apresenta o maior desafio \u00e9 a adolescente.<br \/><br \/><\/li><\/ul><\/li><li><strong><strong>Finalmente, o que voc\u00ea acha desse tipo de bolsas, est\u00e1gios, convocat\u00f3rias do\nIberbibliotecas? Qual voc\u00ea acha que \u00e9 o seu valor para as bibliotecas e suas equipes?<br \/><br \/><\/strong><\/strong><ul><li>Este tipo de bolsa permite que n\u00f3s, profissionais da informa\u00e7\u00e3o, estejamos informados sobre as\nnovidades que outros colegas de outras partes do mundo desenvolvem e realizam, \u00e9 uma troca de\nideias e, acima de tudo, um feedback para aplicar o que aprendemos em nossos locais de trabalho.<\/li><\/ul><\/li><\/ol><p><strong>Notas:<\/strong><\/p><p>*Os demais bolsistas participar\u00e3o: sete do IX Congresso Nacional de Bibliotecas P\u00fablicas da\nCol\u00f4mbia, em Bogot\u00e1, de 23 a 26 de outubro; e quatro no Encontro de Promotores de Leitura da\nFeira Internacional do Livro de Guadalajara, M\u00e9xico, de 2 a 4 de dezembro de 2024.<\/p><p>*O Iberbibliotecas \u00e9 um programa de coopera\u00e7\u00e3o que inclui dez pa\u00edses e duas cidades: Brasil,\nChile, Col\u00f4mbia, Costa Rica, Equador, El Salvador, Espanha, Medell\u00edn, M\u00e9xico, Panam\u00e1, Peru e\nQuito.<\/p>\t\t\t\t\t<\/div>\n\t\t\t\t\t\t<\/div>\n\t\t\t\t<\/div>\n\t\t\t\t<div class=\"elementor-element elementor-element-e01ab29 elementor-align-center elementor-widget elementor-widget-button\" data-id=\"e01ab29\" data-element_type=\"widget\" data-widget_type=\"button.default\">\n\t\t\t\t<div class=\"elementor-widget-container\">\n\t\t\t\t\t<div class=\"elementor-button-wrapper\">\n\t\t\t<a href=\"https:\/\/www.iberbibliotecas.org\/por\/beca-internacional\/\" class=\"elementor-button-link elementor-button elementor-size-md\" role=\"button\">\n\t\t\t\t\t\t<span class=\"elementor-button-content-wrapper\">\n\t\t\t\t\t\t<span class=\"elementor-button-text\">Saiba mais sobre a Bolsa de assist\u00eancia a eventos internacionais aqui<\/span>\n\t\t<\/span>\n\t\t\t\t\t<\/a>\n\t\t<\/div>\n\t\t\t\t<\/div>\n\t\t\t\t<\/div>\n\t\t\t\t\t\t<\/div>\n\t\t\t\t\t<\/div>\n\t\t<\/div>\n\t\t\t\t<div class=\"elementor-column elementor-col-33 elementor-top-column elementor-element elementor-element-e4b35cd\" data-id=\"e4b35cd\" data-element_type=\"column\">\n\t\t\t<div class=\"elementor-column-wrap elementor-element-populated\">\n\t\t\t\t\t\t\t<div class=\"elementor-widget-wrap\">\n\t\t\t\t\t\t<div class=\"elementor-element elementor-element-40d41f8 elementor-hidden-phone elementor-widget elementor-widget-image\" data-id=\"40d41f8\" data-element_type=\"widget\" data-widget_type=\"image.default\">\n\t\t\t\t<div class=\"elementor-widget-container\">\n\t\t\t\t\t\t\t\t<div class=\"elementor-image\">\n\t\t\t\t\t\t\t\t\t<figure class=\"wp-caption\">\n\t\t\t\t\t\t\t\t\t\t<img decoding=\"async\" width=\"525\" height=\"698\" src=\"https:\/\/www.iberbibliotecas.org\/wp-content\/uploads\/2024\/09\/CatalinaHernandezSalazarBibliotecaPublicaMoravia-768x1021.jpeg\" class=\"attachment-medium_large size-medium_large\" alt=\"\" loading=\"lazy\" srcset=\"https:\/\/www.iberbibliotecas.org\/wp-content\/uploads\/2024\/09\/CatalinaHernandezSalazarBibliotecaPublicaMoravia-768x1021.jpeg 768w, https:\/\/www.iberbibliotecas.org\/wp-content\/uploads\/2024\/09\/CatalinaHernandezSalazarBibliotecaPublicaMoravia-226x300.jpeg 226w, https:\/\/www.iberbibliotecas.org\/wp-content\/uploads\/2024\/09\/CatalinaHernandezSalazarBibliotecaPublicaMoravia-770x1024.jpeg 770w, https:\/\/www.iberbibliotecas.org\/wp-content\/uploads\/2024\/09\/CatalinaHernandezSalazarBibliotecaPublicaMoravia-9x12.jpeg 9w, https:\/\/www.iberbibliotecas.org\/wp-content\/uploads\/2024\/09\/CatalinaHernandezSalazarBibliotecaPublicaMoravia.jpeg 963w\" sizes=\"100vw\" \/>\t\t\t\t\t\t\t\t\t\t\t<figcaption class=\"widget-image-caption wp-caption-text\">Catalina Hern\u00e1ndez Salazar - Coordinadora Biblioteca P\u00fablica de Moravia<\/figcaption>\n\t\t\t\t\t\t\t\t\t\t<\/figure>\n\t\t\t\t\t\t\t\t<\/div>\n\t\t\t\t\t\t<\/div>\n\t\t\t\t<\/div>\n\t\t\t\t<div class=\"elementor-element elementor-element-1f6a271 elementor-widget elementor-widget-image\" data-id=\"1f6a271\" data-element_type=\"widget\" data-widget_type=\"image.default\">\n\t\t\t\t<div class=\"elementor-widget-container\">\n\t\t\t\t\t\t\t\t<div class=\"elementor-image\">\n\t\t\t\t\t\t\t\t\t<figure class=\"wp-caption\">\n\t\t\t\t\t\t\t\t\t\t<img decoding=\"async\" width=\"525\" height=\"394\" src=\"https:\/\/www.iberbibliotecas.org\/wp-content\/uploads\/2024\/09\/Biblioteca-Publica-de-Moravia-1-1024x768.jpg\" class=\"attachment-large size-large\" alt=\"\" loading=\"lazy\" srcset=\"https:\/\/www.iberbibliotecas.org\/wp-content\/uploads\/2024\/09\/Biblioteca-Publica-de-Moravia-1-1024x768.jpg 1024w, https:\/\/www.iberbibliotecas.org\/wp-content\/uploads\/2024\/09\/Biblioteca-Publica-de-Moravia-1-300x225.jpg 300w, https:\/\/www.iberbibliotecas.org\/wp-content\/uploads\/2024\/09\/Biblioteca-Publica-de-Moravia-1-768x576.jpg 768w, https:\/\/www.iberbibliotecas.org\/wp-content\/uploads\/2024\/09\/Biblioteca-Publica-de-Moravia-1-1536x1152.jpg 1536w, https:\/\/www.iberbibliotecas.org\/wp-content\/uploads\/2024\/09\/Biblioteca-Publica-de-Moravia-1-16x12.jpg 16w, https:\/\/www.iberbibliotecas.org\/wp-content\/uploads\/2024\/09\/Biblioteca-Publica-de-Moravia-1.jpg 2048w\" sizes=\"100vw\" \/>\t\t\t\t\t\t\t\t\t\t\t<figcaption class=\"widget-image-caption wp-caption-text\">Biblioteca P\u00fablica de Moravia<\/figcaption>\n\t\t\t\t\t\t\t\t\t\t<\/figure>\n\t\t\t\t\t\t\t\t<\/div>\n\t\t\t\t\t\t<\/div>\n\t\t\t\t<\/div>\n\t\t\t\t<div class=\"elementor-element elementor-element-15c762a elementor-widget elementor-widget-image\" data-id=\"15c762a\" data-element_type=\"widget\" data-widget_type=\"image.default\">\n\t\t\t\t<div class=\"elementor-widget-container\">\n\t\t\t\t\t\t\t\t<div class=\"elementor-image\">\n\t\t\t\t\t\t\t\t\t<figure class=\"wp-caption\">\n\t\t\t\t\t\t\t\t\t\t<img decoding=\"async\" width=\"525\" height=\"394\" src=\"https:\/\/www.iberbibliotecas.org\/wp-content\/uploads\/2024\/09\/Biblioteca-Publica-de-Moravia-2-1024x768.jpg\" class=\"attachment-large size-large\" alt=\"\" loading=\"lazy\" srcset=\"https:\/\/www.iberbibliotecas.org\/wp-content\/uploads\/2024\/09\/Biblioteca-Publica-de-Moravia-2-1024x768.jpg 1024w, https:\/\/www.iberbibliotecas.org\/wp-content\/uploads\/2024\/09\/Biblioteca-Publica-de-Moravia-2-300x225.jpg 300w, https:\/\/www.iberbibliotecas.org\/wp-content\/uploads\/2024\/09\/Biblioteca-Publica-de-Moravia-2-768x576.jpg 768w, https:\/\/www.iberbibliotecas.org\/wp-content\/uploads\/2024\/09\/Biblioteca-Publica-de-Moravia-2-1536x1152.jpg 1536w, https:\/\/www.iberbibliotecas.org\/wp-content\/uploads\/2024\/09\/Biblioteca-Publica-de-Moravia-2-16x12.jpg 16w, https:\/\/www.iberbibliotecas.org\/wp-content\/uploads\/2024\/09\/Biblioteca-Publica-de-Moravia-2.jpg 2048w\" sizes=\"100vw\" \/>\t\t\t\t\t\t\t\t\t\t\t<figcaption class=\"widget-image-caption wp-caption-text\">Biblioteca P\u00fablica de Moravia<\/figcaption>\n\t\t\t\t\t\t\t\t\t\t<\/figure>\n\t\t\t\t\t\t\t\t<\/div>\n\t\t\t\t\t\t<\/div>\n\t\t\t\t<\/div>\n\t\t\t\t<div class=\"elementor-element elementor-element-52cc565 elementor-widget elementor-widget-image\" data-id=\"52cc565\" data-element_type=\"widget\" data-widget_type=\"image.default\">\n\t\t\t\t<div class=\"elementor-widget-container\">\n\t\t\t\t\t\t\t\t<div class=\"elementor-image\">\n\t\t\t\t\t\t\t\t\t<figure class=\"wp-caption\">\n\t\t\t\t\t\t\t\t\t\t<img decoding=\"async\" width=\"525\" height=\"394\" src=\"https:\/\/www.iberbibliotecas.org\/wp-content\/uploads\/2024\/09\/Biblioteca-Publica-de-Moravia-7-1024x768.jpg\" class=\"attachment-large size-large\" alt=\"\" loading=\"lazy\" srcset=\"https:\/\/www.iberbibliotecas.org\/wp-content\/uploads\/2024\/09\/Biblioteca-Publica-de-Moravia-7-1024x768.jpg 1024w, https:\/\/www.iberbibliotecas.org\/wp-content\/uploads\/2024\/09\/Biblioteca-Publica-de-Moravia-7-300x225.jpg 300w, https:\/\/www.iberbibliotecas.org\/wp-content\/uploads\/2024\/09\/Biblioteca-Publica-de-Moravia-7-768x576.jpg 768w, https:\/\/www.iberbibliotecas.org\/wp-content\/uploads\/2024\/09\/Biblioteca-Publica-de-Moravia-7-1536x1152.jpg 1536w, https:\/\/www.iberbibliotecas.org\/wp-content\/uploads\/2024\/09\/Biblioteca-Publica-de-Moravia-7-16x12.jpg 16w, https:\/\/www.iberbibliotecas.org\/wp-content\/uploads\/2024\/09\/Biblioteca-Publica-de-Moravia-7.jpg 1600w\" sizes=\"100vw\" \/>\t\t\t\t\t\t\t\t\t\t\t<figcaption class=\"widget-image-caption wp-caption-text\">Biblioteca P\u00fablica de Moravia<\/figcaption>\n\t\t\t\t\t\t\t\t\t\t<\/figure>\n\t\t\t\t\t\t\t\t<\/div>\n\t\t\t\t\t\t<\/div>\n\t\t\t\t<\/div>\n\t\t\t\t\t\t<\/div>\n\t\t\t\t\t<\/div>\n\t\t<\/div>\n\t\t\t\t\t\t\t\t<\/div>\n\t\t\t\t\t<\/div>\n\t\t<\/section>\n\t\t\t\t\t\t\t\t\t<\/div>\n\t\t\t<\/div>\n\t\t\t\t\t<\/div>","protected":false},"excerpt":{"rendered":"<p>Bibliotecaria costarricense y becaria de Iberbibliotecas viaja a S\u00e3o Paulo Paraguay, nuevo miembro de Iberbibliotecas Compartir en linkedin Compartir en facebook Compartir en twitter La Beca de asistencia a eventos &hellip; <\/p>\n<p class=\"link-more\"><a href=\"https:\/\/www.iberbibliotecas.org\/por\/bibliotecacostarricenseviajasaopablo\/\" class=\"more-link\">Continue lendo<span class=\"screen-reader-text\"> &#8220;Bibliotecaria costarricense y becaria de Iberbibliotecas viaja a S\u00e3o Paulo&#8221;<\/span><\/a><\/p>","protected":false},"author":1,"featured_media":19820,"comment_status":"open","ping_status":"open","sticky":false,"template":"elementor_canvas","format":"standard","meta":{"_EventAllDay":false,"_EventTimezone":"","_EventStartDate":"","_EventEndDate":"","_EventStartDateUTC":"","_EventEndDateUTC":"","_EventShowMap":false,"_EventShowMapLink":false,"_EventURL":"","_EventCost":"","_EventCostDescription":"","_EventCurrencySymbol":"","_EventCurrencyCode":"","_EventCurrencyPosition":"","_EventDateTimeSeparator":"","_EventTimeRangeSeparator":"","_EventOrganizerID":[],"_EventVenueID":0,"_OrganizerEmail":"","_OrganizerPhone":"","_OrganizerWebsite":"","_VenueAddress":"","_VenueCity":"","_VenueCountry":"","_VenueProvince":"","_VenueZip":"","_VenuePhone":"","_VenueURL":"","_VenueStateProvince":"","_VenueLat":"","_VenueLng":""},"categories":[34],"tags":[],"yoast_head":"<!-- This site is optimized with the Yoast SEO plugin v20.11 - https:\/\/yoast.com\/wordpress\/plugins\/seo\/ -->\n<title>Bibliotecaria costarricense y becaria de Iberbibliotecas viaja a S\u00e3o Paulo - Iberbibliotecas<\/title>\n<meta name=\"robots\" content=\"index, follow, max-snippet:-1, max-image-preview:large, max-video-preview:-1\" \/>\n<link rel=\"canonical\" href=\"https:\/\/www.iberbibliotecas.org\/por\/bibliotecacostarricenseviajasaopablo\/\" \/>\n<meta property=\"og:locale\" content=\"pt_BR\" \/>\n<meta property=\"og:type\" content=\"article\" \/>\n<meta property=\"og:title\" content=\"Bibliotecaria costarricense y becaria de Iberbibliotecas viaja a S\u00e3o Paulo - Iberbibliotecas\" \/>\n<meta property=\"og:description\" content=\"Bibliotecaria costarricense y becaria de Iberbibliotecas viaja a S\u00e3o Paulo Paraguay, nuevo miembro de Iberbibliotecas Compartir en linkedin Compartir en facebook Compartir en twitter La Beca de asistencia a eventos &hellip; Continue lendo &quot;Bibliotecaria costarricense y becaria de Iberbibliotecas viaja a S\u00e3o Paulo&quot;\" \/>\n<meta property=\"og:url\" content=\"https:\/\/www.iberbibliotecas.org\/por\/bibliotecacostarricenseviajasaopablo\/\" \/>\n<meta property=\"og:site_name\" content=\"Iberbibliotecas\" \/>\n<meta property=\"article:published_time\" content=\"2024-09-09T13:59:26+00:00\" \/>\n<meta property=\"article:modified_time\" content=\"2024-09-09T14:54:54+00:00\" \/>\n<meta property=\"og:image\" content=\"https:\/\/www.iberbibliotecas.org\/wp-content\/uploads\/2024\/09\/Biblioteca-Publica-de-Moravia-2.jpg\" \/>\n\t<meta property=\"og:image:width\" content=\"2048\" \/>\n\t<meta property=\"og:image:height\" content=\"1536\" \/>\n\t<meta property=\"og:image:type\" content=\"image\/jpeg\" \/>\n<meta name=\"author\" content=\"admin\" \/>\n<meta name=\"twitter:card\" content=\"summary_large_image\" \/>\n<meta name=\"twitter:image\" content=\"https:\/\/www.iberbibliotecas.org\/wp-content\/uploads\/2024\/09\/Biblioteca-Publica-de-Moravia-2.jpg\" \/>\n<meta name=\"twitter:label1\" content=\"Escrito por\" \/>\n\t<meta name=\"twitter:data1\" content=\"admin\" \/>\n\t<meta name=\"twitter:label2\" content=\"Est. tempo de leitura\" \/>\n\t<meta name=\"twitter:data2\" content=\"5 minutos\" \/>\n<script type=\"application\/ld+json\" class=\"yoast-schema-graph\">{\"@context\":\"https:\/\/schema.org\",\"@graph\":[{\"@type\":\"Article\",\"@id\":\"https:\/\/www.iberbibliotecas.org\/bibliotecacostarricenseviajasaopablo\/#article\",\"isPartOf\":{\"@id\":\"https:\/\/www.iberbibliotecas.org\/bibliotecacostarricenseviajasaopablo\/\"},\"author\":{\"name\":\"admin\",\"@id\":\"https:\/\/www.iberbibliotecas.org\/#\/schema\/person\/486ac82ad50c6a0a37e3b388a7f40012\"},\"headline\":\"Bibliotecaria costarricense y becaria de Iberbibliotecas viaja a S\u00e3o Paulo\",\"datePublished\":\"2024-09-09T13:59:26+00:00\",\"dateModified\":\"2024-09-09T14:54:54+00:00\",\"mainEntityOfPage\":{\"@id\":\"https:\/\/www.iberbibliotecas.org\/bibliotecacostarricenseviajasaopablo\/\"},\"wordCount\":729,\"commentCount\":0,\"publisher\":{\"@id\":\"https:\/\/www.iberbibliotecas.org\/#organization\"},\"articleSection\":[\"Comunicado\"],\"inLanguage\":\"pt-BR\",\"potentialAction\":[{\"@type\":\"CommentAction\",\"name\":\"Comment\",\"target\":[\"https:\/\/www.iberbibliotecas.org\/bibliotecacostarricenseviajasaopablo\/#respond\"]}]},{\"@type\":\"WebPage\",\"@id\":\"https:\/\/www.iberbibliotecas.org\/bibliotecacostarricenseviajasaopablo\/\",\"url\":\"https:\/\/www.iberbibliotecas.org\/bibliotecacostarricenseviajasaopablo\/\",\"name\":\"Bibliotecaria costarricense y becaria de Iberbibliotecas viaja a S\u00e3o Paulo - Iberbibliotecas\",\"isPartOf\":{\"@id\":\"https:\/\/www.iberbibliotecas.org\/#website\"},\"datePublished\":\"2024-09-09T13:59:26+00:00\",\"dateModified\":\"2024-09-09T14:54:54+00:00\",\"breadcrumb\":{\"@id\":\"https:\/\/www.iberbibliotecas.org\/bibliotecacostarricenseviajasaopablo\/#breadcrumb\"},\"inLanguage\":\"pt-BR\",\"potentialAction\":[{\"@type\":\"ReadAction\",\"target\":[\"https:\/\/www.iberbibliotecas.org\/bibliotecacostarricenseviajasaopablo\/\"]}]},{\"@type\":\"BreadcrumbList\",\"@id\":\"https:\/\/www.iberbibliotecas.org\/bibliotecacostarricenseviajasaopablo\/#breadcrumb\",\"itemListElement\":[{\"@type\":\"ListItem\",\"position\":1,\"name\":\"Inicio\",\"item\":\"https:\/\/www.iberbibliotecas.org\/\"},{\"@type\":\"ListItem\",\"position\":2,\"name\":\"Bibliotecaria costarricense y becaria de Iberbibliotecas viaja a S\u00e3o Paulo\"}]},{\"@type\":\"WebSite\",\"@id\":\"https:\/\/www.iberbibliotecas.org\/#website\",\"url\":\"https:\/\/www.iberbibliotecas.org\/\",\"name\":\"Iberbibliotecas\",\"description\":\"\",\"publisher\":{\"@id\":\"https:\/\/www.iberbibliotecas.org\/#organization\"},\"potentialAction\":[{\"@type\":\"SearchAction\",\"target\":{\"@type\":\"EntryPoint\",\"urlTemplate\":\"https:\/\/www.iberbibliotecas.org\/?s={search_term_string}\"},\"query-input\":\"required name=search_term_string\"}],\"inLanguage\":\"pt-BR\"},{\"@type\":\"Organization\",\"@id\":\"https:\/\/www.iberbibliotecas.org\/#organization\",\"name\":\"Iberbibliotecas\",\"url\":\"https:\/\/www.iberbibliotecas.org\/\",\"logo\":{\"@type\":\"ImageObject\",\"inLanguage\":\"pt-BR\",\"@id\":\"https:\/\/www.iberbibliotecas.org\/#\/schema\/logo\/image\/\",\"url\":\"https:\/\/www.iberbibliotecas.org\/wp-content\/uploads\/2021\/03\/logo_c_ib.png\",\"contentUrl\":\"https:\/\/www.iberbibliotecas.org\/wp-content\/uploads\/2021\/03\/logo_c_ib.png\",\"width\":289,\"height\":180,\"caption\":\"Iberbibliotecas\"},\"image\":{\"@id\":\"https:\/\/www.iberbibliotecas.org\/#\/schema\/logo\/image\/\"}},{\"@type\":\"Person\",\"@id\":\"https:\/\/www.iberbibliotecas.org\/#\/schema\/person\/486ac82ad50c6a0a37e3b388a7f40012\",\"name\":\"admin\",\"image\":{\"@type\":\"ImageObject\",\"inLanguage\":\"pt-BR\",\"@id\":\"https:\/\/www.iberbibliotecas.org\/#\/schema\/person\/image\/\",\"url\":\"https:\/\/secure.gravatar.com\/avatar\/bd32ff3442cc72b6eeb88993179a289a?s=96&d=mm&r=g\",\"contentUrl\":\"https:\/\/secure.gravatar.com\/avatar\/bd32ff3442cc72b6eeb88993179a289a?s=96&d=mm&r=g\",\"caption\":\"admin\"},\"sameAs\":[\"http:\/\/34.125.232.78\"],\"url\":\"https:\/\/www.iberbibliotecas.org\/por\/author\/admin\/\"}]}<\/script>\n<!-- \/ Yoast SEO plugin. -->","yoast_head_json":{"title":"Bibliotecaria costarricense y becaria de Iberbibliotecas viaja a S\u00e3o Paulo - Iberbibliotecas","robots":{"index":"index","follow":"follow","max-snippet":"max-snippet:-1","max-image-preview":"max-image-preview:large","max-video-preview":"max-video-preview:-1"},"canonical":"https:\/\/www.iberbibliotecas.org\/por\/bibliotecacostarricenseviajasaopablo\/","og_locale":"pt_BR","og_type":"article","og_title":"Bibliotecaria costarricense y becaria de Iberbibliotecas viaja a S\u00e3o Paulo - Iberbibliotecas","og_description":"Bibliotecaria costarricense y becaria de Iberbibliotecas viaja a S\u00e3o Paulo Paraguay, nuevo miembro de Iberbibliotecas Compartir en linkedin Compartir en facebook Compartir en twitter La Beca de asistencia a eventos &hellip; Continue lendo \"Bibliotecaria costarricense y becaria de Iberbibliotecas viaja a S\u00e3o Paulo\"","og_url":"https:\/\/www.iberbibliotecas.org\/por\/bibliotecacostarricenseviajasaopablo\/","og_site_name":"Iberbibliotecas","article_published_time":"2024-09-09T13:59:26+00:00","article_modified_time":"2024-09-09T14:54:54+00:00","og_image":[{"width":2048,"height":1536,"url":"https:\/\/www.iberbibliotecas.org\/wp-content\/uploads\/2024\/09\/Biblioteca-Publica-de-Moravia-2.jpg","type":"image\/jpeg"}],"author":"admin","twitter_card":"summary_large_image","twitter_image":"https:\/\/www.iberbibliotecas.org\/wp-content\/uploads\/2024\/09\/Biblioteca-Publica-de-Moravia-2.jpg","twitter_misc":{"Escrito por":"admin","Est. tempo de leitura":"5 minutos"},"schema":{"@context":"https:\/\/schema.org","@graph":[{"@type":"Article","@id":"https:\/\/www.iberbibliotecas.org\/bibliotecacostarricenseviajasaopablo\/#article","isPartOf":{"@id":"https:\/\/www.iberbibliotecas.org\/bibliotecacostarricenseviajasaopablo\/"},"author":{"name":"admin","@id":"https:\/\/www.iberbibliotecas.org\/#\/schema\/person\/486ac82ad50c6a0a37e3b388a7f40012"},"headline":"Bibliotecaria costarricense y becaria de Iberbibliotecas viaja a S\u00e3o Paulo","datePublished":"2024-09-09T13:59:26+00:00","dateModified":"2024-09-09T14:54:54+00:00","mainEntityOfPage":{"@id":"https:\/\/www.iberbibliotecas.org\/bibliotecacostarricenseviajasaopablo\/"},"wordCount":729,"commentCount":0,"publisher":{"@id":"https:\/\/www.iberbibliotecas.org\/#organization"},"articleSection":["Comunicado"],"inLanguage":"pt-BR","potentialAction":[{"@type":"CommentAction","name":"Comment","target":["https:\/\/www.iberbibliotecas.org\/bibliotecacostarricenseviajasaopablo\/#respond"]}]},{"@type":"WebPage","@id":"https:\/\/www.iberbibliotecas.org\/bibliotecacostarricenseviajasaopablo\/","url":"https:\/\/www.iberbibliotecas.org\/bibliotecacostarricenseviajasaopablo\/","name":"Bibliotecaria costarricense y becaria de Iberbibliotecas viaja a S\u00e3o Paulo - Iberbibliotecas","isPartOf":{"@id":"https:\/\/www.iberbibliotecas.org\/#website"},"datePublished":"2024-09-09T13:59:26+00:00","dateModified":"2024-09-09T14:54:54+00:00","breadcrumb":{"@id":"https:\/\/www.iberbibliotecas.org\/bibliotecacostarricenseviajasaopablo\/#breadcrumb"},"inLanguage":"pt-BR","potentialAction":[{"@type":"ReadAction","target":["https:\/\/www.iberbibliotecas.org\/bibliotecacostarricenseviajasaopablo\/"]}]},{"@type":"BreadcrumbList","@id":"https:\/\/www.iberbibliotecas.org\/bibliotecacostarricenseviajasaopablo\/#breadcrumb","itemListElement":[{"@type":"ListItem","position":1,"name":"Inicio","item":"https:\/\/www.iberbibliotecas.org\/"},{"@type":"ListItem","position":2,"name":"Bibliotecaria costarricense y becaria de Iberbibliotecas viaja a S\u00e3o Paulo"}]},{"@type":"WebSite","@id":"https:\/\/www.iberbibliotecas.org\/#website","url":"https:\/\/www.iberbibliotecas.org\/","name":"Iberbibliotecas","description":"","publisher":{"@id":"https:\/\/www.iberbibliotecas.org\/#organization"},"potentialAction":[{"@type":"SearchAction","target":{"@type":"EntryPoint","urlTemplate":"https:\/\/www.iberbibliotecas.org\/?s={search_term_string}"},"query-input":"required name=search_term_string"}],"inLanguage":"pt-BR"},{"@type":"Organization","@id":"https:\/\/www.iberbibliotecas.org\/#organization","name":"Iberbibliotecas","url":"https:\/\/www.iberbibliotecas.org\/","logo":{"@type":"ImageObject","inLanguage":"pt-BR","@id":"https:\/\/www.iberbibliotecas.org\/#\/schema\/logo\/image\/","url":"https:\/\/www.iberbibliotecas.org\/wp-content\/uploads\/2021\/03\/logo_c_ib.png","contentUrl":"https:\/\/www.iberbibliotecas.org\/wp-content\/uploads\/2021\/03\/logo_c_ib.png","width":289,"height":180,"caption":"Iberbibliotecas"},"image":{"@id":"https:\/\/www.iberbibliotecas.org\/#\/schema\/logo\/image\/"}},{"@type":"Person","@id":"https:\/\/www.iberbibliotecas.org\/#\/schema\/person\/486ac82ad50c6a0a37e3b388a7f40012","name":"admin","image":{"@type":"ImageObject","inLanguage":"pt-BR","@id":"https:\/\/www.iberbibliotecas.org\/#\/schema\/person\/image\/","url":"https:\/\/secure.gravatar.com\/avatar\/bd32ff3442cc72b6eeb88993179a289a?s=96&d=mm&r=g","contentUrl":"https:\/\/secure.gravatar.com\/avatar\/bd32ff3442cc72b6eeb88993179a289a?s=96&d=mm&r=g","caption":"admin"},"sameAs":["http:\/\/34.125.232.78"],"url":"https:\/\/www.iberbibliotecas.org\/por\/author\/admin\/"}]}},"_links":{"self":[{"href":"https:\/\/www.iberbibliotecas.org\/por\/wp-json\/wp\/v2\/posts\/19814"}],"collection":[{"href":"https:\/\/www.iberbibliotecas.org\/por\/wp-json\/wp\/v2\/posts"}],"about":[{"href":"https:\/\/www.iberbibliotecas.org\/por\/wp-json\/wp\/v2\/types\/post"}],"author":[{"embeddable":true,"href":"https:\/\/www.iberbibliotecas.org\/por\/wp-json\/wp\/v2\/users\/1"}],"replies":[{"embeddable":true,"href":"https:\/\/www.iberbibliotecas.org\/por\/wp-json\/wp\/v2\/comments?post=19814"}],"version-history":[{"count":34,"href":"https:\/\/www.iberbibliotecas.org\/por\/wp-json\/wp\/v2\/posts\/19814\/revisions"}],"predecessor-version":[{"id":19856,"href":"https:\/\/www.iberbibliotecas.org\/por\/wp-json\/wp\/v2\/posts\/19814\/revisions\/19856"}],"wp:featuredmedia":[{"embeddable":true,"href":"https:\/\/www.iberbibliotecas.org\/por\/wp-json\/wp\/v2\/media\/19820"}],"wp:attachment":[{"href":"https:\/\/www.iberbibliotecas.org\/por\/wp-json\/wp\/v2\/media?parent=19814"}],"wp:term":[{"taxonomy":"category","embeddable":true,"href":"https:\/\/www.iberbibliotecas.org\/por\/wp-json\/wp\/v2\/categories?post=19814"},{"taxonomy":"post_tag","embeddable":true,"href":"https:\/\/www.iberbibliotecas.org\/por\/wp-json\/wp\/v2\/tags?post=19814"}],"curies":[{"name":"wp","href":"https:\/\/api.w.org\/{rel}","templated":true}]}}