{"id":20433,"date":"2025-02-28T09:48:43","date_gmt":"2025-02-28T14:48:43","guid":{"rendered":"https:\/\/www.iberbibliotecas.org\/?p=20433"},"modified":"2025-03-07T08:56:25","modified_gmt":"2025-03-07T13:56:25","slug":"caletalectoradelmar","status":"publish","type":"post","link":"https:\/\/www.iberbibliotecas.org\/por\/caletalectoradelmar\/","title":{"rendered":"Caleta lectora del mar: um projeto de promo\u00e7\u00e3o da leitura"},"content":{"rendered":"<div data-elementor-type=\"wp-post\" data-elementor-id=\"20433\" class=\"elementor elementor-20433\">\n\t\t\t\t\t\t<div class=\"elementor-inner\">\n\t\t\t\t<div class=\"elementor-section-wrap\">\n\t\t\t\t\t\t\t\t\t<section class=\"elementor-section elementor-top-section elementor-element elementor-element-911709f elementor-section-boxed elementor-section-height-default elementor-section-height-default\" data-id=\"911709f\" data-element_type=\"section\">\n\t\t\t\t\t\t<div class=\"elementor-container elementor-column-gap-default\">\n\t\t\t\t\t\t\t<div class=\"elementor-row\">\n\t\t\t\t\t<div class=\"elementor-column elementor-col-100 elementor-top-column elementor-element elementor-element-3b9f446\" data-id=\"3b9f446\" data-element_type=\"column\">\n\t\t\t<div class=\"elementor-column-wrap elementor-element-populated\">\n\t\t\t\t\t\t\t<div class=\"elementor-widget-wrap\">\n\t\t\t\t\t\t<div class=\"elementor-element elementor-element-3e8a236 elementor-widget elementor-widget-heading\" data-id=\"3e8a236\" data-element_type=\"widget\" data-widget_type=\"heading.default\">\n\t\t\t\t<div class=\"elementor-widget-container\">\n\t\t\t<h3 class=\"elementor-heading-title elementor-size-default\">Caleta lectora del mar: um projeto de promo\u00e7\u00e3o da leitura<\/h3>\t\t<\/div>\n\t\t\t\t<\/div>\n\t\t\t\t<section class=\"elementor-section elementor-inner-section elementor-element elementor-element-3afeb01 elementor-section-boxed elementor-section-height-default elementor-section-height-default\" data-id=\"3afeb01\" data-element_type=\"section\">\n\t\t\t\t\t\t<div class=\"elementor-container elementor-column-gap-default\">\n\t\t\t\t\t\t\t<div class=\"elementor-row\">\n\t\t\t\t\t<div class=\"elementor-column elementor-col-100 elementor-inner-column elementor-element elementor-element-dd108e5\" data-id=\"dd108e5\" data-element_type=\"column\">\n\t\t\t<div class=\"elementor-column-wrap elementor-element-populated\">\n\t\t\t\t\t\t\t<div class=\"elementor-widget-wrap\">\n\t\t\t\t\t\t<div class=\"elementor-element elementor-element-453f08d elementor-widget elementor-widget-text-editor\" data-id=\"453f08d\" data-element_type=\"widget\" data-widget_type=\"text-editor.default\">\n\t\t\t\t<div class=\"elementor-widget-container\">\n\t\t\t\t\t\t\t\t<div class=\"elementor-text-editor elementor-clearfix\">\n\t\t\t\t<p>Desde fevereiro iniciaram-se as atividades dos projetos vencedores do 12\u00ba Concurso de Ajudas Iberbibliotecas 2024. No total, s\u00e3o vinte e uma iniciativas que come\u00e7ar\u00e3o a receber seus incentivos econ\u00f4micos e que ser\u00e3o desenvolvidas em nove dos doze membros do programa: Brasil, Chile, Col\u00f4mbia, Costa Rica, Equador, Espanha, M\u00e9xico, Peru e a cidade de Medell\u00edn.<\/p>\n<p>Um desses projetos \u00e9 <strong>Caleta lectora del mar<\/strong>, apresentado pela Educaci\u00f3n que Transforma EIRL, entidade que se dedica a prestar servi\u00e7os educacionais e culturais que impactam a comunidade ao promover a transforma\u00e7\u00e3o social. <strong>O projeto ser\u00e1 realizado na biblioteca comunit\u00e1ria La Bibliomar, localizada na comunidade de \u00d1uro, uma enseada de pescadores no distrito de Los \u00d3rganos, Piura, Peru.<\/strong><\/p>\n<p>La Bibliomar fue una respuesta a la excelente participaci\u00f3n de la comunidad en espacios educativos y de lectura, y se abri\u00f3 en 2023 con actividades enfocadas en el encuentro social, la construcci\u00f3n de sentido, el dialogo abierto y el fortalecimiento de la conciencia ciudadana. Desde este escenario bibliotecario <strong>busca-se a democratiza\u00e7\u00e3o do livro e da leitura, garantindo o acesso \u00e0 informa\u00e7\u00e3o e ao conhecimento a partir de uma abordagem inclusiva e de reconhecimento da diversidade.<\/strong><\/p>\n<p>O mar \u00e9 o cen\u00e1rio principal do La Bibliomar, um espa\u00e7o pouco convencional que busca uma abordagem agrad\u00e1vel \u00e0 leitura e ao livro. As atividades do projeto centram-se no trabalho com as fam\u00edlias, o voluntariado e a comunidade, atrav\u00e9s da gera\u00e7\u00e3o de encontros de leitores na biblioteca.<\/p>\n<p><strong>O p\u00fablico principal de Caleta lectora del mar s\u00e3o crian\u00e7as, com idades entre tr\u00eas e onze anos, beneficiando mais de quatrocentos meninos e meninas<\/strong>, pertencentes a lares vulner\u00e1veis, em extrema pobreza e, em muitos deles, com viol\u00eancia familiar, condi\u00e7\u00f5es que afetam a estabilidade e o bom desenvolvimento de suas rela\u00e7\u00f5es sociais. Al\u00e9m disso, muitas destas crian\u00e7as devem ajudar as suas fam\u00edlias nas actividades de pesca, o que priva as suas vidas de oportunidades para desenvolverem as suas compet\u00eancias e habilidades.<\/p>\n<p>Entre as atividades que o projeto j\u00e1 desenvolveu est\u00e3o:<\/p>\t\t\t\t\t<\/div>\n\t\t\t\t\t\t<\/div>\n\t\t\t\t<\/div>\n\t\t\t\t<div class=\"elementor-element elementor-element-df8d76e elementor-icon-list--layout-traditional elementor-list-item-link-full_width elementor-widget elementor-widget-icon-list\" data-id=\"df8d76e\" data-element_type=\"widget\" data-widget_type=\"icon-list.default\">\n\t\t\t\t<div class=\"elementor-widget-container\">\n\t\t\t\t\t<ul class=\"elementor-icon-list-items\">\n\t\t\t\t\t\t\t<li class=\"elementor-icon-list-item\">\n\t\t\t\t\t\t\t\t\t\t\t<span class=\"elementor-icon-list-icon\">\n\t\t\t\t\t\t\t<i aria-hidden=\"true\" class=\"fas fa-circle\"><\/i>\t\t\t\t\t\t<\/span>\n\t\t\t\t\t\t\t\t\t\t<span class=\"elementor-icon-list-text\">Reuni\u00f5es com a comunidade.<\/span>\n\t\t\t\t\t\t\t\t\t<\/li>\n\t\t\t\t\t\t\t\t<li class=\"elementor-icon-list-item\">\n\t\t\t\t\t\t\t\t\t\t\t<span class=\"elementor-icon-list-icon\">\n\t\t\t\t\t\t\t<i aria-hidden=\"true\" class=\"fas fa-circle\"><\/i>\t\t\t\t\t\t<\/span>\n\t\t\t\t\t\t\t\t\t\t<span class=\"elementor-icon-list-text\">Chamada para realiza\u00e7\u00e3o de atividades de promo\u00e7\u00e3o da leitura.<\/span>\n\t\t\t\t\t\t\t\t\t<\/li>\n\t\t\t\t\t\t\t\t<li class=\"elementor-icon-list-item\">\n\t\t\t\t\t\t\t\t\t\t\t<span class=\"elementor-icon-list-icon\">\n\t\t\t\t\t\t\t<i aria-hidden=\"true\" class=\"fas fa-circle\"><\/i>\t\t\t\t\t\t<\/span>\n\t\t\t\t\t\t\t\t\t\t<span class=\"elementor-icon-list-text\">Reuni\u00f5es de primeira leitura.<\/span>\n\t\t\t\t\t\t\t\t\t<\/li>\n\t\t\t\t\t\t<\/ul>\n\t\t\t\t<\/div>\n\t\t\t\t<\/div>\n\t\t\t\t\t\t<\/div>\n\t\t\t\t\t<\/div>\n\t\t<\/div>\n\t\t\t\t\t\t\t\t<\/div>\n\t\t\t\t\t<\/div>\n\t\t<\/section>\n\t\t\t\t\t\t<\/div>\n\t\t\t\t\t<\/div>\n\t\t<\/div>\n\t\t\t\t\t\t\t\t<\/div>\n\t\t\t\t\t<\/div>\n\t\t<\/section>\n\t\t\t\t<section class=\"elementor-section elementor-top-section elementor-element elementor-element-eabb115 elementor-section-boxed elementor-section-height-default elementor-section-height-default\" data-id=\"eabb115\" data-element_type=\"section\">\n\t\t\t\t\t\t<div class=\"elementor-container elementor-column-gap-default\">\n\t\t\t\t\t\t\t<div class=\"elementor-row\">\n\t\t\t\t\t<div class=\"elementor-column elementor-col-100 elementor-top-column elementor-element elementor-element-a0135a6\" data-id=\"a0135a6\" data-element_type=\"column\">\n\t\t\t<div class=\"elementor-column-wrap elementor-element-populated\">\n\t\t\t\t\t\t\t<div class=\"elementor-widget-wrap\">\n\t\t\t\t\t\t<div class=\"elementor-element elementor-element-f776039 elementor-arrows-position-inside elementor-pagination-position-outside elementor-widget elementor-widget-image-carousel\" data-id=\"f776039\" data-element_type=\"widget\" data-settings=\"{&quot;image_spacing_custom&quot;:{&quot;unit&quot;:&quot;px&quot;,&quot;size&quot;:7,&quot;sizes&quot;:[]},&quot;navigation&quot;:&quot;both&quot;,&quot;autoplay&quot;:&quot;yes&quot;,&quot;pause_on_hover&quot;:&quot;yes&quot;,&quot;pause_on_interaction&quot;:&quot;yes&quot;,&quot;autoplay_speed&quot;:5000,&quot;infinite&quot;:&quot;yes&quot;,&quot;speed&quot;:500}\" data-widget_type=\"image-carousel.default\">\n\t\t\t\t<div class=\"elementor-widget-container\">\n\t\t\t\t\t<div class=\"elementor-image-carousel-wrapper swiper-container\" dir=\"ltr\">\n\t\t\t<div class=\"elementor-image-carousel swiper-wrapper\">\n\t\t\t\t\t\t\t\t<div class=\"swiper-slide\"><figure class=\"swiper-slide-inner\"><img decoding=\"async\" class=\"swiper-slide-image\" src=\"https:\/\/www.iberbibliotecas.org\/wp-content\/uploads\/2025\/03\/480964085_1207487871186932_6133409499360353459_n-768x576.jpg\" alt=\"480964085_1207487871186932_6133409499360353459_n\" \/><\/figure><\/div><div class=\"swiper-slide\"><figure class=\"swiper-slide-inner\"><img decoding=\"async\" class=\"swiper-slide-image\" src=\"https:\/\/www.iberbibliotecas.org\/wp-content\/uploads\/2025\/03\/480598569_1207487711186948_1450045669683158298_n-768x576.jpg\" alt=\"480598569_1207487711186948_1450045669683158298_n\" \/><\/figure><\/div><div class=\"swiper-slide\"><figure class=\"swiper-slide-inner\"><img decoding=\"async\" class=\"swiper-slide-image\" src=\"https:\/\/www.iberbibliotecas.org\/wp-content\/uploads\/2025\/03\/480212451_1207488047853581_7804984746579039031_n-768x576.jpg\" alt=\"480212451_1207488047853581_7804984746579039031_n\" \/><\/figure><\/div><div class=\"swiper-slide\"><figure class=\"swiper-slide-inner\"><img decoding=\"async\" class=\"swiper-slide-image\" src=\"https:\/\/www.iberbibliotecas.org\/wp-content\/uploads\/2025\/03\/480164659_1207488094520243_631483982043915500_n-768x576.jpg\" alt=\"480164659_1207488094520243_631483982043915500_n\" \/><\/figure><\/div><div class=\"swiper-slide\"><figure class=\"swiper-slide-inner\"><img decoding=\"async\" class=\"swiper-slide-image\" src=\"https:\/\/www.iberbibliotecas.org\/wp-content\/uploads\/2025\/03\/449316072_1027548002514254_5474661597236719754_n-768x576.jpg\" alt=\"449316072_1027548002514254_5474661597236719754_n\" \/><\/figure><\/div><div class=\"swiper-slide\"><figure class=\"swiper-slide-inner\"><img decoding=\"async\" class=\"swiper-slide-image\" src=\"https:\/\/www.iberbibliotecas.org\/wp-content\/uploads\/2025\/03\/449204687_1027548289180892_1687584882579781348_n-768x1024.jpg\" alt=\"449204687_1027548289180892_1687584882579781348_n\" \/><\/figure><\/div><div class=\"swiper-slide\"><figure class=\"swiper-slide-inner\"><img decoding=\"async\" class=\"swiper-slide-image\" src=\"https:\/\/www.iberbibliotecas.org\/wp-content\/uploads\/2025\/03\/448953013_1027548622514192_3213385842447493110_n-768x1024.jpg\" alt=\"448953013_1027548622514192_3213385842447493110_n\" \/><\/figure><\/div><div class=\"swiper-slide\"><figure class=\"swiper-slide-inner\"><img decoding=\"async\" class=\"swiper-slide-image\" src=\"https:\/\/www.iberbibliotecas.org\/wp-content\/uploads\/2025\/03\/415220201_901161611819561_6711275411257113836_n-768x512.jpg\" alt=\"415220201_901161611819561_6711275411257113836_n\" \/><\/figure><\/div><div class=\"swiper-slide\"><figure class=\"swiper-slide-inner\"><img decoding=\"async\" class=\"swiper-slide-image\" src=\"https:\/\/www.iberbibliotecas.org\/wp-content\/uploads\/2025\/03\/480928305_1207487937853592_5900163478199219034_n-768x1024.jpg\" alt=\"480928305_1207487937853592_5900163478199219034_n\" \/><\/figure><\/div>\t\t\t<\/div>\n\t\t\t\t\t\t\t\t\t\t\t\t<div class=\"swiper-pagination\"><\/div>\n\t\t\t\t\t\t\t\t\t\t\t\t\t<div class=\"elementor-swiper-button elementor-swiper-button-prev\">\n\t\t\t\t\t\t<i aria-hidden=\"true\" class=\"eicon-chevron-left\"><\/i>\t\t\t\t\t\t<span class=\"elementor-screen-only\">Anterior<\/span>\n\t\t\t\t\t<\/div>\n\t\t\t\t\t<div class=\"elementor-swiper-button elementor-swiper-button-next\">\n\t\t\t\t\t\t<i aria-hidden=\"true\" class=\"eicon-chevron-right\"><\/i>\t\t\t\t\t\t<span class=\"elementor-screen-only\">Pr\u00f3ximo<\/span>\n\t\t\t\t\t<\/div>\n\t\t\t\t\t\t\t\t\t<\/div>\n\t\t\t\t<\/div>\n\t\t\t\t<\/div>\n\t\t\t\t\t\t<\/div>\n\t\t\t\t\t<\/div>\n\t\t<\/div>\n\t\t\t\t\t\t\t\t<\/div>\n\t\t\t\t\t<\/div>\n\t\t<\/section>\n\t\t\t\t\t\t\t\t\t<\/div>\n\t\t\t<\/div>\n\t\t\t\t\t<\/div>","protected":false},"excerpt":{"rendered":"<p>Caleta lectora del mar: un proyecto de fomento lector Desde febrero comenzaron las actividades de los proyectos ganadores de la 12\u00aa Convocatoria de Ayudas de Iberbibliotecas. En total, son veinti\u00fan &hellip; <\/p>\n<p class=\"link-more\"><a href=\"https:\/\/www.iberbibliotecas.org\/por\/caletalectoradelmar\/\" class=\"more-link\">Continue lendo<span class=\"screen-reader-text\"> &#8220;Caleta lectora del mar: un proyecto de fomento lector&#8221;<\/span><\/a><\/p>","protected":false},"author":1,"featured_media":20434,"comment_status":"closed","ping_status":"open","sticky":false,"template":"elementor_header_footer","format":"standard","meta":{"_EventAllDay":false,"_EventTimezone":"","_EventStartDate":"","_EventEndDate":"","_EventStartDateUTC":"","_EventEndDateUTC":"","_EventShowMap":false,"_EventShowMapLink":false,"_EventURL":"","_EventCost":"","_EventCostDescription":"","_EventCurrencySymbol":"","_EventCurrencyCode":"","_EventCurrencyPosition":"","_EventDateTimeSeparator":"","_EventTimeRangeSeparator":"","_EventOrganizerID":[],"_EventVenueID":0,"_OrganizerEmail":"","_OrganizerPhone":"","_OrganizerWebsite":"","_VenueAddress":"","_VenueCity":"","_VenueCountry":"","_VenueProvince":"","_VenueZip":"","_VenuePhone":"","_VenueURL":"","_VenueStateProvince":"","_VenueLat":"","_VenueLng":""},"categories":[34],"tags":[],"yoast_head":"<!-- This site is optimized with the Yoast SEO plugin v20.11 - https:\/\/yoast.com\/wordpress\/plugins\/seo\/ -->\n<title>Caleta lectora del mar: un proyecto de fomento lector - Iberbibliotecas<\/title>\n<meta name=\"robots\" content=\"index, follow, max-snippet:-1, max-image-preview:large, max-video-preview:-1\" \/>\n<link rel=\"canonical\" href=\"https:\/\/www.iberbibliotecas.org\/por\/caletalectoradelmar\/\" \/>\n<meta property=\"og:locale\" content=\"pt_BR\" \/>\n<meta property=\"og:type\" content=\"article\" \/>\n<meta property=\"og:title\" content=\"Caleta lectora del mar: un proyecto de fomento lector - Iberbibliotecas\" \/>\n<meta property=\"og:description\" content=\"Caleta lectora del mar: un proyecto de fomento lector Desde febrero comenzaron las actividades de los proyectos ganadores de la 12\u00aa Convocatoria de Ayudas de Iberbibliotecas. En total, son veinti\u00fan &hellip; Continue lendo &quot;Caleta lectora del mar: un proyecto de fomento lector&quot;\" \/>\n<meta property=\"og:url\" content=\"https:\/\/www.iberbibliotecas.org\/por\/caletalectoradelmar\/\" \/>\n<meta property=\"og:site_name\" content=\"Iberbibliotecas\" \/>\n<meta property=\"article:published_time\" content=\"2025-02-28T14:48:43+00:00\" \/>\n<meta property=\"article:modified_time\" content=\"2025-03-07T13:56:25+00:00\" \/>\n<meta property=\"og:image\" content=\"https:\/\/www.iberbibliotecas.org\/wp-content\/uploads\/2025\/03\/Foto-principal.jpg\" \/>\n\t<meta property=\"og:image:width\" content=\"2048\" \/>\n\t<meta property=\"og:image:height\" content=\"1536\" \/>\n\t<meta property=\"og:image:type\" content=\"image\/jpeg\" \/>\n<meta name=\"author\" content=\"admin\" \/>\n<meta name=\"twitter:card\" content=\"summary_large_image\" \/>\n<meta name=\"twitter:label1\" content=\"Escrito por\" \/>\n\t<meta name=\"twitter:data1\" content=\"admin\" \/>\n\t<meta name=\"twitter:label2\" content=\"Est. tempo de leitura\" \/>\n\t<meta name=\"twitter:data2\" content=\"5 minutos\" \/>\n<script type=\"application\/ld+json\" class=\"yoast-schema-graph\">{\"@context\":\"https:\/\/schema.org\",\"@graph\":[{\"@type\":\"Article\",\"@id\":\"https:\/\/www.iberbibliotecas.org\/caletalectoradelmar\/#article\",\"isPartOf\":{\"@id\":\"https:\/\/www.iberbibliotecas.org\/caletalectoradelmar\/\"},\"author\":{\"name\":\"admin\",\"@id\":\"https:\/\/www.iberbibliotecas.org\/#\/schema\/person\/486ac82ad50c6a0a37e3b388a7f40012\"},\"headline\":\"Caleta lectora del mar: un proyecto de fomento lector\",\"datePublished\":\"2025-02-28T14:48:43+00:00\",\"dateModified\":\"2025-03-07T13:56:25+00:00\",\"mainEntityOfPage\":{\"@id\":\"https:\/\/www.iberbibliotecas.org\/caletalectoradelmar\/\"},\"wordCount\":395,\"publisher\":{\"@id\":\"https:\/\/www.iberbibliotecas.org\/#organization\"},\"articleSection\":[\"Comunicado\"],\"inLanguage\":\"pt-BR\"},{\"@type\":\"WebPage\",\"@id\":\"https:\/\/www.iberbibliotecas.org\/caletalectoradelmar\/\",\"url\":\"https:\/\/www.iberbibliotecas.org\/caletalectoradelmar\/\",\"name\":\"Caleta lectora del mar: un proyecto de fomento lector - Iberbibliotecas\",\"isPartOf\":{\"@id\":\"https:\/\/www.iberbibliotecas.org\/#website\"},\"datePublished\":\"2025-02-28T14:48:43+00:00\",\"dateModified\":\"2025-03-07T13:56:25+00:00\",\"breadcrumb\":{\"@id\":\"https:\/\/www.iberbibliotecas.org\/caletalectoradelmar\/#breadcrumb\"},\"inLanguage\":\"pt-BR\",\"potentialAction\":[{\"@type\":\"ReadAction\",\"target\":[\"https:\/\/www.iberbibliotecas.org\/caletalectoradelmar\/\"]}]},{\"@type\":\"BreadcrumbList\",\"@id\":\"https:\/\/www.iberbibliotecas.org\/caletalectoradelmar\/#breadcrumb\",\"itemListElement\":[{\"@type\":\"ListItem\",\"position\":1,\"name\":\"Inicio\",\"item\":\"https:\/\/www.iberbibliotecas.org\/\"},{\"@type\":\"ListItem\",\"position\":2,\"name\":\"Caleta lectora del mar: un proyecto de fomento lector\"}]},{\"@type\":\"WebSite\",\"@id\":\"https:\/\/www.iberbibliotecas.org\/#website\",\"url\":\"https:\/\/www.iberbibliotecas.org\/\",\"name\":\"Iberbibliotecas\",\"description\":\"\",\"publisher\":{\"@id\":\"https:\/\/www.iberbibliotecas.org\/#organization\"},\"potentialAction\":[{\"@type\":\"SearchAction\",\"target\":{\"@type\":\"EntryPoint\",\"urlTemplate\":\"https:\/\/www.iberbibliotecas.org\/?s={search_term_string}\"},\"query-input\":\"required name=search_term_string\"}],\"inLanguage\":\"pt-BR\"},{\"@type\":\"Organization\",\"@id\":\"https:\/\/www.iberbibliotecas.org\/#organization\",\"name\":\"Iberbibliotecas\",\"url\":\"https:\/\/www.iberbibliotecas.org\/\",\"logo\":{\"@type\":\"ImageObject\",\"inLanguage\":\"pt-BR\",\"@id\":\"https:\/\/www.iberbibliotecas.org\/#\/schema\/logo\/image\/\",\"url\":\"https:\/\/www.iberbibliotecas.org\/wp-content\/uploads\/2021\/03\/logo_c_ib.png\",\"contentUrl\":\"https:\/\/www.iberbibliotecas.org\/wp-content\/uploads\/2021\/03\/logo_c_ib.png\",\"width\":289,\"height\":180,\"caption\":\"Iberbibliotecas\"},\"image\":{\"@id\":\"https:\/\/www.iberbibliotecas.org\/#\/schema\/logo\/image\/\"}},{\"@type\":\"Person\",\"@id\":\"https:\/\/www.iberbibliotecas.org\/#\/schema\/person\/486ac82ad50c6a0a37e3b388a7f40012\",\"name\":\"admin\",\"image\":{\"@type\":\"ImageObject\",\"inLanguage\":\"pt-BR\",\"@id\":\"https:\/\/www.iberbibliotecas.org\/#\/schema\/person\/image\/\",\"url\":\"https:\/\/secure.gravatar.com\/avatar\/bd32ff3442cc72b6eeb88993179a289a?s=96&d=mm&r=g\",\"contentUrl\":\"https:\/\/secure.gravatar.com\/avatar\/bd32ff3442cc72b6eeb88993179a289a?s=96&d=mm&r=g\",\"caption\":\"admin\"},\"sameAs\":[\"http:\/\/34.125.232.78\"],\"url\":\"https:\/\/www.iberbibliotecas.org\/por\/author\/admin\/\"}]}<\/script>\n<!-- \/ Yoast SEO plugin. -->","yoast_head_json":{"title":"Caleta lectora del mar: un proyecto de fomento lector - Iberbibliotecas","robots":{"index":"index","follow":"follow","max-snippet":"max-snippet:-1","max-image-preview":"max-image-preview:large","max-video-preview":"max-video-preview:-1"},"canonical":"https:\/\/www.iberbibliotecas.org\/por\/caletalectoradelmar\/","og_locale":"pt_BR","og_type":"article","og_title":"Caleta lectora del mar: un proyecto de fomento lector - Iberbibliotecas","og_description":"Caleta lectora del mar: un proyecto de fomento lector Desde febrero comenzaron las actividades de los proyectos ganadores de la 12\u00aa Convocatoria de Ayudas de Iberbibliotecas. En total, son veinti\u00fan &hellip; Continue lendo \"Caleta lectora del mar: un proyecto de fomento lector\"","og_url":"https:\/\/www.iberbibliotecas.org\/por\/caletalectoradelmar\/","og_site_name":"Iberbibliotecas","article_published_time":"2025-02-28T14:48:43+00:00","article_modified_time":"2025-03-07T13:56:25+00:00","og_image":[{"width":2048,"height":1536,"url":"https:\/\/www.iberbibliotecas.org\/wp-content\/uploads\/2025\/03\/Foto-principal.jpg","type":"image\/jpeg"}],"author":"admin","twitter_card":"summary_large_image","twitter_misc":{"Escrito por":"admin","Est. tempo de leitura":"5 minutos"},"schema":{"@context":"https:\/\/schema.org","@graph":[{"@type":"Article","@id":"https:\/\/www.iberbibliotecas.org\/caletalectoradelmar\/#article","isPartOf":{"@id":"https:\/\/www.iberbibliotecas.org\/caletalectoradelmar\/"},"author":{"name":"admin","@id":"https:\/\/www.iberbibliotecas.org\/#\/schema\/person\/486ac82ad50c6a0a37e3b388a7f40012"},"headline":"Caleta lectora del mar: un proyecto de fomento lector","datePublished":"2025-02-28T14:48:43+00:00","dateModified":"2025-03-07T13:56:25+00:00","mainEntityOfPage":{"@id":"https:\/\/www.iberbibliotecas.org\/caletalectoradelmar\/"},"wordCount":395,"publisher":{"@id":"https:\/\/www.iberbibliotecas.org\/#organization"},"articleSection":["Comunicado"],"inLanguage":"pt-BR"},{"@type":"WebPage","@id":"https:\/\/www.iberbibliotecas.org\/caletalectoradelmar\/","url":"https:\/\/www.iberbibliotecas.org\/caletalectoradelmar\/","name":"Caleta lectora del mar: un proyecto de fomento lector - Iberbibliotecas","isPartOf":{"@id":"https:\/\/www.iberbibliotecas.org\/#website"},"datePublished":"2025-02-28T14:48:43+00:00","dateModified":"2025-03-07T13:56:25+00:00","breadcrumb":{"@id":"https:\/\/www.iberbibliotecas.org\/caletalectoradelmar\/#breadcrumb"},"inLanguage":"pt-BR","potentialAction":[{"@type":"ReadAction","target":["https:\/\/www.iberbibliotecas.org\/caletalectoradelmar\/"]}]},{"@type":"BreadcrumbList","@id":"https:\/\/www.iberbibliotecas.org\/caletalectoradelmar\/#breadcrumb","itemListElement":[{"@type":"ListItem","position":1,"name":"Inicio","item":"https:\/\/www.iberbibliotecas.org\/"},{"@type":"ListItem","position":2,"name":"Caleta lectora del mar: un proyecto de fomento lector"}]},{"@type":"WebSite","@id":"https:\/\/www.iberbibliotecas.org\/#website","url":"https:\/\/www.iberbibliotecas.org\/","name":"Iberbibliotecas","description":"","publisher":{"@id":"https:\/\/www.iberbibliotecas.org\/#organization"},"potentialAction":[{"@type":"SearchAction","target":{"@type":"EntryPoint","urlTemplate":"https:\/\/www.iberbibliotecas.org\/?s={search_term_string}"},"query-input":"required name=search_term_string"}],"inLanguage":"pt-BR"},{"@type":"Organization","@id":"https:\/\/www.iberbibliotecas.org\/#organization","name":"Iberbibliotecas","url":"https:\/\/www.iberbibliotecas.org\/","logo":{"@type":"ImageObject","inLanguage":"pt-BR","@id":"https:\/\/www.iberbibliotecas.org\/#\/schema\/logo\/image\/","url":"https:\/\/www.iberbibliotecas.org\/wp-content\/uploads\/2021\/03\/logo_c_ib.png","contentUrl":"https:\/\/www.iberbibliotecas.org\/wp-content\/uploads\/2021\/03\/logo_c_ib.png","width":289,"height":180,"caption":"Iberbibliotecas"},"image":{"@id":"https:\/\/www.iberbibliotecas.org\/#\/schema\/logo\/image\/"}},{"@type":"Person","@id":"https:\/\/www.iberbibliotecas.org\/#\/schema\/person\/486ac82ad50c6a0a37e3b388a7f40012","name":"admin","image":{"@type":"ImageObject","inLanguage":"pt-BR","@id":"https:\/\/www.iberbibliotecas.org\/#\/schema\/person\/image\/","url":"https:\/\/secure.gravatar.com\/avatar\/bd32ff3442cc72b6eeb88993179a289a?s=96&d=mm&r=g","contentUrl":"https:\/\/secure.gravatar.com\/avatar\/bd32ff3442cc72b6eeb88993179a289a?s=96&d=mm&r=g","caption":"admin"},"sameAs":["http:\/\/34.125.232.78"],"url":"https:\/\/www.iberbibliotecas.org\/por\/author\/admin\/"}]}},"_links":{"self":[{"href":"https:\/\/www.iberbibliotecas.org\/por\/wp-json\/wp\/v2\/posts\/20433"}],"collection":[{"href":"https:\/\/www.iberbibliotecas.org\/por\/wp-json\/wp\/v2\/posts"}],"about":[{"href":"https:\/\/www.iberbibliotecas.org\/por\/wp-json\/wp\/v2\/types\/post"}],"author":[{"embeddable":true,"href":"https:\/\/www.iberbibliotecas.org\/por\/wp-json\/wp\/v2\/users\/1"}],"replies":[{"embeddable":true,"href":"https:\/\/www.iberbibliotecas.org\/por\/wp-json\/wp\/v2\/comments?post=20433"}],"version-history":[{"count":14,"href":"https:\/\/www.iberbibliotecas.org\/por\/wp-json\/wp\/v2\/posts\/20433\/revisions"}],"predecessor-version":[{"id":20514,"href":"https:\/\/www.iberbibliotecas.org\/por\/wp-json\/wp\/v2\/posts\/20433\/revisions\/20514"}],"wp:featuredmedia":[{"embeddable":true,"href":"https:\/\/www.iberbibliotecas.org\/por\/wp-json\/wp\/v2\/media\/20434"}],"wp:attachment":[{"href":"https:\/\/www.iberbibliotecas.org\/por\/wp-json\/wp\/v2\/media?parent=20433"}],"wp:term":[{"taxonomy":"category","embeddable":true,"href":"https:\/\/www.iberbibliotecas.org\/por\/wp-json\/wp\/v2\/categories?post=20433"},{"taxonomy":"post_tag","embeddable":true,"href":"https:\/\/www.iberbibliotecas.org\/por\/wp-json\/wp\/v2\/tags?post=20433"}],"curies":[{"name":"wp","href":"https:\/\/api.w.org\/{rel}","templated":true}]}}