{"id":20456,"date":"2025-03-03T10:22:12","date_gmt":"2025-03-03T15:22:12","guid":{"rendered":"https:\/\/www.iberbibliotecas.org\/?p=20456"},"modified":"2025-03-14T09:06:23","modified_gmt":"2025-03-14T14:06:23","slug":"nuevodirectorbibliotecanacionalecuador","status":"publish","type":"post","link":"https:\/\/www.iberbibliotecas.org\/por\/nuevodirectorbibliotecanacionalecuador\/","title":{"rendered":"Entrevista com Alfonso Espinosa, novo diretor da Biblioteca Nacional do Equador"},"content":{"rendered":"<div data-elementor-type=\"wp-post\" data-elementor-id=\"20456\" class=\"elementor elementor-20456\">\n\t\t\t\t\t\t<div class=\"elementor-inner\">\n\t\t\t\t<div class=\"elementor-section-wrap\">\n\t\t\t\t\t\t\t\t\t<section class=\"elementor-section elementor-top-section elementor-element elementor-element-fbac5ef elementor-section-boxed elementor-section-height-default elementor-section-height-default\" data-id=\"fbac5ef\" data-element_type=\"section\">\n\t\t\t\t\t\t<div class=\"elementor-container elementor-column-gap-default\">\n\t\t\t\t\t\t\t<div class=\"elementor-row\">\n\t\t\t\t\t<div class=\"elementor-column elementor-col-100 elementor-top-column elementor-element elementor-element-65fd10d\" data-id=\"65fd10d\" data-element_type=\"column\">\n\t\t\t<div class=\"elementor-column-wrap elementor-element-populated\">\n\t\t\t\t\t\t\t<div class=\"elementor-widget-wrap\">\n\t\t\t\t\t\t<div class=\"elementor-element elementor-element-3673417 elementor-widget elementor-widget-heading\" data-id=\"3673417\" data-element_type=\"widget\" data-widget_type=\"heading.default\">\n\t\t\t\t<div class=\"elementor-widget-container\">\n\t\t\t<h3 class=\"elementor-heading-title elementor-size-default\">Entrevista com Alfonso Espinosa, novo diretor da Biblioteca Nacional do Equador<\/h3>\t\t<\/div>\n\t\t\t\t<\/div>\n\t\t\t\t\t\t<\/div>\n\t\t\t\t\t<\/div>\n\t\t<\/div>\n\t\t\t\t\t\t\t\t<\/div>\n\t\t\t\t\t<\/div>\n\t\t<\/section>\n\t\t\t\t<section class=\"elementor-section elementor-top-section elementor-element elementor-element-24a1add elementor-section-boxed elementor-section-height-default elementor-section-height-default\" data-id=\"24a1add\" data-element_type=\"section\">\n\t\t\t\t\t\t<div class=\"elementor-container elementor-column-gap-default\">\n\t\t\t\t\t\t\t<div class=\"elementor-row\">\n\t\t\t\t\t<div class=\"elementor-column elementor-col-100 elementor-top-column elementor-element elementor-element-70a7779\" data-id=\"70a7779\" data-element_type=\"column\">\n\t\t\t<div class=\"elementor-column-wrap elementor-element-populated\">\n\t\t\t\t\t\t\t<div class=\"elementor-widget-wrap\">\n\t\t\t\t\t\t<section class=\"elementor-section elementor-inner-section elementor-element elementor-element-4081984 elementor-section-boxed elementor-section-height-default elementor-section-height-default\" data-id=\"4081984\" data-element_type=\"section\">\n\t\t\t\t\t\t<div class=\"elementor-container elementor-column-gap-default\">\n\t\t\t\t\t\t\t<div class=\"elementor-row\">\n\t\t\t\t\t<div class=\"elementor-column elementor-col-50 elementor-inner-column elementor-element elementor-element-15ba035\" data-id=\"15ba035\" data-element_type=\"column\">\n\t\t\t<div class=\"elementor-column-wrap elementor-element-populated\">\n\t\t\t\t\t\t\t<div class=\"elementor-widget-wrap\">\n\t\t\t\t\t\t<div class=\"elementor-element elementor-element-65f107b elementor-widget elementor-widget-text-editor\" data-id=\"65f107b\" data-element_type=\"widget\" data-widget_type=\"text-editor.default\">\n\t\t\t\t<div class=\"elementor-widget-container\">\n\t\t\t\t\t\t\t\t<div class=\"elementor-text-editor elementor-clearfix\">\n\t\t\t\t<p>Alfonso Espinosa \u00e9 um escritor, jornalista e editor equatoriano que acaba de assumir a dire\u00e7\u00e3o da Biblioteca Nacional do Equador \u201cEugenio Espejo\u201d. Estudou literatura em Quito, sua cidade natal, e jornalismo em Barcelona, e publicou diversas colet\u00e2neas de poesia. Ele tamb\u00e9m foi professor universit\u00e1rio e editor em v\u00e1rios ve\u00edculos de comunica\u00e7\u00e3o em seu pa\u00eds<\/p><p><strong>Como l\u00edder da Biblioteca Nacional, ele se torna o representante do Equador perante Iberbibliotecas,<\/strong> como membro do Conselho Intergovernamental do programa. Conversamos com ele sobre essa nova etapa, suas propostas e desafios. E sobre o presente das bibliotecas e do trabalho bibliotec\u00e1rio no pa\u00eds.<\/p><ol><li style=\"list-style-type: none;\"><ol><li style=\"list-style-type: none;\"><ul><li><strong>\u2022 Agora que voc\u00ea assumiu o cargo de diretor da biblioteca mais importante do pa\u00eds, quais s\u00e3o seus desafios imediatos?\u00a0<\/strong><\/li><\/ul><\/li><\/ol><\/li><\/ol><p>O Equador \u00e9 um pa\u00eds com pouca cultura bibliotec\u00e1ria e baixos \u00edndices de leitura: fortalecer ambos os aspectos a n\u00edvel nacional \u00e9 o maior e principal desafio que temos, e que devemos enfrentar junto com todas as bibliotecas do pa\u00eds, entre outros atores-chave. Depois, \u00e9 preciso melhorar a gest\u00e3o do acervo, afinando os mecanismos de Dep\u00f3sito Legal, que muitos editores infelizmente n\u00e3o cumprem, talvez por desconhecerem a regulamenta\u00e7\u00e3o. Finalmente, acreditamos que \u00e9 essencial avan\u00e7ar o mais r\u00e1pido poss\u00edvel no caminho para oferecer aos cidad\u00e3os uma plataforma digital poderosa atrav\u00e9s da qual possam acessar o material da Biblioteca Nacional Eugenio Espejo.\u00a0<\/p>\t\t\t\t\t<\/div>\n\t\t\t\t\t\t<\/div>\n\t\t\t\t<\/div>\n\t\t\t\t\t\t<\/div>\n\t\t\t\t\t<\/div>\n\t\t<\/div>\n\t\t\t\t<div class=\"elementor-column elementor-col-50 elementor-inner-column elementor-element elementor-element-4b99e03\" data-id=\"4b99e03\" data-element_type=\"column\">\n\t\t\t<div class=\"elementor-column-wrap elementor-element-populated\">\n\t\t\t\t\t\t\t<div class=\"elementor-widget-wrap\">\n\t\t\t\t\t\t<div class=\"elementor-element elementor-element-24fd4e5 elementor-widget elementor-widget-image\" data-id=\"24fd4e5\" data-element_type=\"widget\" data-widget_type=\"image.default\">\n\t\t\t\t<div class=\"elementor-widget-container\">\n\t\t\t\t\t\t\t\t<div class=\"elementor-image\">\n\t\t\t\t\t\t\t\t\t\t\t\t<img decoding=\"async\" width=\"525\" height=\"792\" src=\"https:\/\/www.iberbibliotecas.org\/wp-content\/uploads\/2025\/03\/Foto-retrato-679x1024.jpg\" class=\"attachment-large size-large\" alt=\"Alfonso Espinosa. Director Biblioteca Nacional de Ecuador\" loading=\"lazy\" srcset=\"https:\/\/www.iberbibliotecas.org\/wp-content\/uploads\/2025\/03\/Foto-retrato-679x1024.jpg 679w, https:\/\/www.iberbibliotecas.org\/wp-content\/uploads\/2025\/03\/Foto-retrato-199x300.jpg 199w, https:\/\/www.iberbibliotecas.org\/wp-content\/uploads\/2025\/03\/Foto-retrato-768x1158.jpg 768w, https:\/\/www.iberbibliotecas.org\/wp-content\/uploads\/2025\/03\/Foto-retrato-1018x1536.jpg 1018w, https:\/\/www.iberbibliotecas.org\/wp-content\/uploads\/2025\/03\/Foto-retrato-1358x2048.jpg 1358w, https:\/\/www.iberbibliotecas.org\/wp-content\/uploads\/2025\/03\/Foto-retrato-8x12.jpg 8w, https:\/\/www.iberbibliotecas.org\/wp-content\/uploads\/2025\/03\/Foto-retrato-scaled.jpg 1697w\" sizes=\"100vw\" \/>\t\t\t\t\t\t\t\t\t\t\t\t\t\t<\/div>\n\t\t\t\t\t\t<\/div>\n\t\t\t\t<\/div>\n\t\t\t\t\t\t<\/div>\n\t\t\t\t\t<\/div>\n\t\t<\/div>\n\t\t\t\t\t\t\t\t<\/div>\n\t\t\t\t\t<\/div>\n\t\t<\/section>\n\t\t\t\t\t\t<\/div>\n\t\t\t\t\t<\/div>\n\t\t<\/div>\n\t\t\t\t\t\t\t\t<\/div>\n\t\t\t\t\t<\/div>\n\t\t<\/section>\n\t\t\t\t<section class=\"elementor-section elementor-top-section elementor-element elementor-element-a48063c elementor-section-boxed elementor-section-height-default elementor-section-height-default\" data-id=\"a48063c\" data-element_type=\"section\">\n\t\t\t\t\t\t<div class=\"elementor-container elementor-column-gap-default\">\n\t\t\t\t\t\t\t<div class=\"elementor-row\">\n\t\t\t\t\t<div class=\"elementor-column elementor-col-100 elementor-top-column elementor-element elementor-element-deab97f\" data-id=\"deab97f\" data-element_type=\"column\">\n\t\t\t<div class=\"elementor-column-wrap elementor-element-populated\">\n\t\t\t\t\t\t\t<div class=\"elementor-widget-wrap\">\n\t\t\t\t\t\t<section class=\"elementor-section elementor-inner-section elementor-element elementor-element-45d5a98 elementor-section-boxed elementor-section-height-default elementor-section-height-default\" data-id=\"45d5a98\" data-element_type=\"section\">\n\t\t\t\t\t\t<div class=\"elementor-container elementor-column-gap-default\">\n\t\t\t\t\t\t\t<div class=\"elementor-row\">\n\t\t\t\t\t<div class=\"elementor-column elementor-col-100 elementor-inner-column elementor-element elementor-element-b4f70cf\" data-id=\"b4f70cf\" data-element_type=\"column\">\n\t\t\t<div class=\"elementor-column-wrap elementor-element-populated\">\n\t\t\t\t\t\t\t<div class=\"elementor-widget-wrap\">\n\t\t\t\t\t\t<div class=\"elementor-element elementor-element-361fe80 elementor-widget elementor-widget-text-editor\" data-id=\"361fe80\" data-element_type=\"widget\" data-widget_type=\"text-editor.default\">\n\t\t\t\t<div class=\"elementor-widget-container\">\n\t\t\t\t\t\t\t\t<div class=\"elementor-text-editor elementor-clearfix\">\n\t\t\t\t<ol><li style=\"list-style-type: none;\"><ol><li style=\"list-style-type: none;\"><ul><li><strong>\u2022 A Biblioteca Nacional gerencia e coordena muitos processos para o benef\u00edcio de todas as bibliotecas do pa\u00eds. Como voc\u00ea v\u00ea a rede nacional de bibliotecas, seus pontos fortes e fracos?<\/strong><\/li><\/ul><\/li><\/ol><\/li><\/ol><p>No dia 21 de fevereiro, por ocasi\u00e3o do Dia do Bibliotec\u00e1rio Equatoriano, pude discutir com v\u00e1rios colegas de outras bibliotecas e sistemas locais do pa\u00eds: concordamos com a urg\u00eancia de ativar a Rede de Bibliotecas, que, embora esteja contemplada na lei e na regulamenta\u00e7\u00e3o, n\u00e3o se concretizou na pr\u00e1tica e n\u00e3o atingiu seu objetivo de dar visibilidade ao setor, facilitar a troca de experi\u00eancias e permitir o desenvolvimento de a\u00e7\u00f5es conjuntas nas quais somamos for\u00e7as. \u00a0<\/p><ol><li style=\"list-style-type: none;\"><ol><li style=\"list-style-type: none;\"><ul><li><strong>\u2022 A profiss\u00e3o de biblioteconomia enfrenta muitos desafios atuais. Quais quest\u00f5es voc\u00ea considera fundamentais no treinamento e na gest\u00e3o de bibliotecas para receber o apoio da Biblioteca Nacional?\u00a0<\/strong><\/li><\/ul><\/li><\/ol><\/li><\/ol><p>A Biblioteca Eugenio Espejo \u00e9 um espa\u00e7o excepcional para a forma\u00e7\u00e3o de qualquer bibliotec\u00e1rio: desde o manejo de livros antigos dos s\u00e9culos XV ou XVI at\u00e9 uma hemeroteca com mais de um milh\u00e3o de exemplares, tudo isso localizado em um edif\u00edcio patrimonial de grande significado social e hist\u00f3rico... Os bibliotec\u00e1rios podem aqui aprofundar-se nas ra\u00edzes da sua profiss\u00e3o, j\u00e1 que muito do material que precisa ser catalogado e sobre o qual somos solicitados a fornecer refer\u00eancia \u00e9 altamente complexo; por outro lado, fazemos um esfor\u00e7o permanente para estarmos atualizados com as novas tecnologias e m\u00eddias, com novos formatos e linguagens.\u00a0<\/p><ol><li style=\"list-style-type: none;\"><ol><li style=\"list-style-type: none;\"><ul><li><strong>\u2022 O Equador participa do programa de coopera\u00e7\u00e3o internacional Iberbibliotecas, que permite acesso a convocat\u00f3rias, bolsas de estudo, est\u00e1gios, apoio a projetos e assessoria t\u00e9cnica a funcion\u00e1rios e bibliotecas p\u00fablicas e comunit\u00e1rias do pa\u00eds. Por que a participa\u00e7\u00e3o no nosso programa \u00e9 importante?\u00a0<\/strong><\/li><\/ul><\/li><\/ol><\/li><\/ol><p>Como mencionei no in\u00edcio da entrevista, no pa\u00eds, al\u00e9m de uma excelente corpora\u00e7\u00e3o profissional, ainda est\u00e1 pendente o verdadeiro desenvolvimento de uma cultura que coloque a biblioteca p\u00fablica como um elemento que agrega valor \u00e0 vida social, que contribui para o fortalecimento e a reconstru\u00e7\u00e3o do tecido social, que contribui para o di\u00e1logo entre gera\u00e7\u00f5es e permite o interc\u00e2mbio racional e civilizado de diferentes vis\u00f5es de mundo. O Equador, meu pa\u00eds, vem enfrentando uma terr\u00edvel escalada de viol\u00eancia com consequ\u00eancias muito s\u00e9rias h\u00e1 v\u00e1rios anos. Quero acreditar que mais e melhores bibliotecas, conectadas com a sua pr\u00f3pria comunidade e atentas ao seu contexto, podem ser fatores de mudan\u00e7a social.\u00a0<\/p><ol><li style=\"list-style-type: none;\"><ol><li style=\"list-style-type: none;\"><ul><li><strong>\u2022 Finalmente, que outros assuntos e projetos gerais voc\u00ea poderia compartilhar conosco desde o in\u00edcio de sua gest\u00e3o na Biblioteca Nacional?\u00a0<\/strong><\/li><\/ul><\/li><\/ol><\/li><\/ol><p>Acredito que precisamos fortalecer nosso trabalho fora dos muros, retomar um di\u00e1logo permanente com o bairro que nos rodeia e ouvir atentamente as necessidades dos diversos p\u00fablicos aos quais nos devemos: do pesquisador especializado de alto n\u00edvel ao estudante que est\u00e1 come\u00e7ando a se fascinar pelo conhecimento. Depois, h\u00e1 coisas imediatas que ser\u00e3o feitas, aquelas que n\u00e3o s\u00e3o vistas mas que permitem que tudo flua, como atualizar servidores e vers\u00f5es de computadores; assuntos que, talvez por sermos bibliotec\u00e1rios, alegram o nosso dia.\u00a0<\/p>\t\t\t\t\t<\/div>\n\t\t\t\t\t\t<\/div>\n\t\t\t\t<\/div>\n\t\t\t\t\t\t<\/div>\n\t\t\t\t\t<\/div>\n\t\t<\/div>\n\t\t\t\t\t\t\t\t<\/div>\n\t\t\t\t\t<\/div>\n\t\t<\/section>\n\t\t\t\t\t\t<\/div>\n\t\t\t\t\t<\/div>\n\t\t<\/div>\n\t\t\t\t\t\t\t\t<\/div>\n\t\t\t\t\t<\/div>\n\t\t<\/section>\n\t\t\t\t\t\t\t\t\t<\/div>\n\t\t\t<\/div>\n\t\t\t\t\t<\/div>","protected":false},"excerpt":{"rendered":"<p>Entrevista con Alfonso Espinosa, nuevo director Biblioteca Nacional de Ecuador Alfonso Espinosa es un escritor, periodista y editor ecuatoriano que acaba de asumir la direcci\u00f3n de la Biblioteca Nacional de &hellip; <\/p>\n<p class=\"link-more\"><a href=\"https:\/\/www.iberbibliotecas.org\/por\/nuevodirectorbibliotecanacionalecuador\/\" class=\"more-link\">Continue lendo<span class=\"screen-reader-text\"> &#8220;Entrevista con Alfonso Espinosa, nuevo director Biblioteca Nacional de Ecuador&#8221;<\/span><\/a><\/p>","protected":false},"author":1,"featured_media":20457,"comment_status":"closed","ping_status":"open","sticky":false,"template":"elementor_canvas","format":"standard","meta":{"_EventAllDay":false,"_EventTimezone":"","_EventStartDate":"","_EventEndDate":"","_EventStartDateUTC":"","_EventEndDateUTC":"","_EventShowMap":false,"_EventShowMapLink":false,"_EventURL":"","_EventCost":"","_EventCostDescription":"","_EventCurrencySymbol":"","_EventCurrencyCode":"","_EventCurrencyPosition":"","_EventDateTimeSeparator":"","_EventTimeRangeSeparator":"","_EventOrganizerID":[],"_EventVenueID":0,"_OrganizerEmail":"","_OrganizerPhone":"","_OrganizerWebsite":"","_VenueAddress":"","_VenueCity":"","_VenueCountry":"","_VenueProvince":"","_VenueZip":"","_VenuePhone":"","_VenueURL":"","_VenueStateProvince":"","_VenueLat":"","_VenueLng":""},"categories":[34],"tags":[],"yoast_head":"<!-- This site is optimized with the Yoast SEO plugin v20.11 - https:\/\/yoast.com\/wordpress\/plugins\/seo\/ -->\n<title>Entrevista con Alfonso Espinosa, nuevo director Biblioteca Nacional de Ecuador - Iberbibliotecas<\/title>\n<meta name=\"robots\" content=\"index, follow, max-snippet:-1, max-image-preview:large, max-video-preview:-1\" \/>\n<link rel=\"canonical\" href=\"https:\/\/www.iberbibliotecas.org\/por\/nuevodirectorbibliotecanacionalecuador\/\" \/>\n<meta property=\"og:locale\" content=\"pt_BR\" \/>\n<meta property=\"og:type\" content=\"article\" \/>\n<meta property=\"og:title\" content=\"Entrevista con Alfonso Espinosa, nuevo director Biblioteca Nacional de Ecuador - Iberbibliotecas\" \/>\n<meta property=\"og:description\" content=\"Entrevista con Alfonso Espinosa, nuevo director Biblioteca Nacional de Ecuador Alfonso Espinosa es un escritor, periodista y editor ecuatoriano que acaba de asumir la direcci\u00f3n de la Biblioteca Nacional de &hellip; Continue lendo &quot;Entrevista con Alfonso Espinosa, nuevo director Biblioteca Nacional de Ecuador&quot;\" \/>\n<meta property=\"og:url\" content=\"https:\/\/www.iberbibliotecas.org\/por\/nuevodirectorbibliotecanacionalecuador\/\" \/>\n<meta property=\"og:site_name\" content=\"Iberbibliotecas\" \/>\n<meta property=\"article:published_time\" content=\"2025-03-03T15:22:12+00:00\" \/>\n<meta property=\"article:modified_time\" content=\"2025-03-14T14:06:23+00:00\" \/>\n<meta property=\"og:image\" content=\"https:\/\/www.iberbibliotecas.org\/wp-content\/uploads\/2025\/03\/Foto-principal-nota.jpeg\" \/>\n\t<meta property=\"og:image:width\" content=\"1280\" \/>\n\t<meta property=\"og:image:height\" content=\"960\" \/>\n\t<meta property=\"og:image:type\" content=\"image\/jpeg\" \/>\n<meta name=\"author\" content=\"admin\" \/>\n<meta name=\"twitter:card\" content=\"summary_large_image\" \/>\n<meta name=\"twitter:label1\" content=\"Escrito por\" \/>\n\t<meta name=\"twitter:data1\" content=\"admin\" \/>\n\t<meta name=\"twitter:label2\" content=\"Est. tempo de leitura\" \/>\n\t<meta name=\"twitter:data2\" content=\"4 minutos\" \/>\n<script type=\"application\/ld+json\" class=\"yoast-schema-graph\">{\"@context\":\"https:\/\/schema.org\",\"@graph\":[{\"@type\":\"Article\",\"@id\":\"https:\/\/www.iberbibliotecas.org\/nuevodirectorbibliotecanacionalecuador\/#article\",\"isPartOf\":{\"@id\":\"https:\/\/www.iberbibliotecas.org\/nuevodirectorbibliotecanacionalecuador\/\"},\"author\":{\"name\":\"admin\",\"@id\":\"https:\/\/www.iberbibliotecas.org\/#\/schema\/person\/486ac82ad50c6a0a37e3b388a7f40012\"},\"headline\":\"Entrevista con Alfonso Espinosa, nuevo director Biblioteca Nacional de Ecuador\",\"datePublished\":\"2025-03-03T15:22:12+00:00\",\"dateModified\":\"2025-03-14T14:06:23+00:00\",\"mainEntityOfPage\":{\"@id\":\"https:\/\/www.iberbibliotecas.org\/nuevodirectorbibliotecanacionalecuador\/\"},\"wordCount\":805,\"publisher\":{\"@id\":\"https:\/\/www.iberbibliotecas.org\/#organization\"},\"articleSection\":[\"Comunicado\"],\"inLanguage\":\"pt-BR\"},{\"@type\":\"WebPage\",\"@id\":\"https:\/\/www.iberbibliotecas.org\/nuevodirectorbibliotecanacionalecuador\/\",\"url\":\"https:\/\/www.iberbibliotecas.org\/nuevodirectorbibliotecanacionalecuador\/\",\"name\":\"Entrevista con Alfonso Espinosa, nuevo director Biblioteca Nacional de Ecuador - Iberbibliotecas\",\"isPartOf\":{\"@id\":\"https:\/\/www.iberbibliotecas.org\/#website\"},\"datePublished\":\"2025-03-03T15:22:12+00:00\",\"dateModified\":\"2025-03-14T14:06:23+00:00\",\"breadcrumb\":{\"@id\":\"https:\/\/www.iberbibliotecas.org\/nuevodirectorbibliotecanacionalecuador\/#breadcrumb\"},\"inLanguage\":\"pt-BR\",\"potentialAction\":[{\"@type\":\"ReadAction\",\"target\":[\"https:\/\/www.iberbibliotecas.org\/nuevodirectorbibliotecanacionalecuador\/\"]}]},{\"@type\":\"BreadcrumbList\",\"@id\":\"https:\/\/www.iberbibliotecas.org\/nuevodirectorbibliotecanacionalecuador\/#breadcrumb\",\"itemListElement\":[{\"@type\":\"ListItem\",\"position\":1,\"name\":\"Inicio\",\"item\":\"https:\/\/www.iberbibliotecas.org\/\"},{\"@type\":\"ListItem\",\"position\":2,\"name\":\"Entrevista con Alfonso Espinosa, nuevo director Biblioteca Nacional de Ecuador\"}]},{\"@type\":\"WebSite\",\"@id\":\"https:\/\/www.iberbibliotecas.org\/#website\",\"url\":\"https:\/\/www.iberbibliotecas.org\/\",\"name\":\"Iberbibliotecas\",\"description\":\"\",\"publisher\":{\"@id\":\"https:\/\/www.iberbibliotecas.org\/#organization\"},\"potentialAction\":[{\"@type\":\"SearchAction\",\"target\":{\"@type\":\"EntryPoint\",\"urlTemplate\":\"https:\/\/www.iberbibliotecas.org\/?s={search_term_string}\"},\"query-input\":\"required name=search_term_string\"}],\"inLanguage\":\"pt-BR\"},{\"@type\":\"Organization\",\"@id\":\"https:\/\/www.iberbibliotecas.org\/#organization\",\"name\":\"Iberbibliotecas\",\"url\":\"https:\/\/www.iberbibliotecas.org\/\",\"logo\":{\"@type\":\"ImageObject\",\"inLanguage\":\"pt-BR\",\"@id\":\"https:\/\/www.iberbibliotecas.org\/#\/schema\/logo\/image\/\",\"url\":\"https:\/\/www.iberbibliotecas.org\/wp-content\/uploads\/2021\/03\/logo_c_ib.png\",\"contentUrl\":\"https:\/\/www.iberbibliotecas.org\/wp-content\/uploads\/2021\/03\/logo_c_ib.png\",\"width\":289,\"height\":180,\"caption\":\"Iberbibliotecas\"},\"image\":{\"@id\":\"https:\/\/www.iberbibliotecas.org\/#\/schema\/logo\/image\/\"}},{\"@type\":\"Person\",\"@id\":\"https:\/\/www.iberbibliotecas.org\/#\/schema\/person\/486ac82ad50c6a0a37e3b388a7f40012\",\"name\":\"admin\",\"image\":{\"@type\":\"ImageObject\",\"inLanguage\":\"pt-BR\",\"@id\":\"https:\/\/www.iberbibliotecas.org\/#\/schema\/person\/image\/\",\"url\":\"https:\/\/secure.gravatar.com\/avatar\/bd32ff3442cc72b6eeb88993179a289a?s=96&d=mm&r=g\",\"contentUrl\":\"https:\/\/secure.gravatar.com\/avatar\/bd32ff3442cc72b6eeb88993179a289a?s=96&d=mm&r=g\",\"caption\":\"admin\"},\"sameAs\":[\"http:\/\/34.125.232.78\"],\"url\":\"https:\/\/www.iberbibliotecas.org\/por\/author\/admin\/\"}]}<\/script>\n<!-- \/ Yoast SEO plugin. -->","yoast_head_json":{"title":"Entrevista con Alfonso Espinosa, nuevo director Biblioteca Nacional de Ecuador - Iberbibliotecas","robots":{"index":"index","follow":"follow","max-snippet":"max-snippet:-1","max-image-preview":"max-image-preview:large","max-video-preview":"max-video-preview:-1"},"canonical":"https:\/\/www.iberbibliotecas.org\/por\/nuevodirectorbibliotecanacionalecuador\/","og_locale":"pt_BR","og_type":"article","og_title":"Entrevista con Alfonso Espinosa, nuevo director Biblioteca Nacional de Ecuador - Iberbibliotecas","og_description":"Entrevista con Alfonso Espinosa, nuevo director Biblioteca Nacional de Ecuador Alfonso Espinosa es un escritor, periodista y editor ecuatoriano que acaba de asumir la direcci\u00f3n de la Biblioteca Nacional de &hellip; Continue lendo \"Entrevista con Alfonso Espinosa, nuevo director Biblioteca Nacional de Ecuador\"","og_url":"https:\/\/www.iberbibliotecas.org\/por\/nuevodirectorbibliotecanacionalecuador\/","og_site_name":"Iberbibliotecas","article_published_time":"2025-03-03T15:22:12+00:00","article_modified_time":"2025-03-14T14:06:23+00:00","og_image":[{"width":1280,"height":960,"url":"https:\/\/www.iberbibliotecas.org\/wp-content\/uploads\/2025\/03\/Foto-principal-nota.jpeg","type":"image\/jpeg"}],"author":"admin","twitter_card":"summary_large_image","twitter_misc":{"Escrito por":"admin","Est. tempo de leitura":"4 minutos"},"schema":{"@context":"https:\/\/schema.org","@graph":[{"@type":"Article","@id":"https:\/\/www.iberbibliotecas.org\/nuevodirectorbibliotecanacionalecuador\/#article","isPartOf":{"@id":"https:\/\/www.iberbibliotecas.org\/nuevodirectorbibliotecanacionalecuador\/"},"author":{"name":"admin","@id":"https:\/\/www.iberbibliotecas.org\/#\/schema\/person\/486ac82ad50c6a0a37e3b388a7f40012"},"headline":"Entrevista con Alfonso Espinosa, nuevo director Biblioteca Nacional de Ecuador","datePublished":"2025-03-03T15:22:12+00:00","dateModified":"2025-03-14T14:06:23+00:00","mainEntityOfPage":{"@id":"https:\/\/www.iberbibliotecas.org\/nuevodirectorbibliotecanacionalecuador\/"},"wordCount":805,"publisher":{"@id":"https:\/\/www.iberbibliotecas.org\/#organization"},"articleSection":["Comunicado"],"inLanguage":"pt-BR"},{"@type":"WebPage","@id":"https:\/\/www.iberbibliotecas.org\/nuevodirectorbibliotecanacionalecuador\/","url":"https:\/\/www.iberbibliotecas.org\/nuevodirectorbibliotecanacionalecuador\/","name":"Entrevista con Alfonso Espinosa, nuevo director Biblioteca Nacional de Ecuador - Iberbibliotecas","isPartOf":{"@id":"https:\/\/www.iberbibliotecas.org\/#website"},"datePublished":"2025-03-03T15:22:12+00:00","dateModified":"2025-03-14T14:06:23+00:00","breadcrumb":{"@id":"https:\/\/www.iberbibliotecas.org\/nuevodirectorbibliotecanacionalecuador\/#breadcrumb"},"inLanguage":"pt-BR","potentialAction":[{"@type":"ReadAction","target":["https:\/\/www.iberbibliotecas.org\/nuevodirectorbibliotecanacionalecuador\/"]}]},{"@type":"BreadcrumbList","@id":"https:\/\/www.iberbibliotecas.org\/nuevodirectorbibliotecanacionalecuador\/#breadcrumb","itemListElement":[{"@type":"ListItem","position":1,"name":"Inicio","item":"https:\/\/www.iberbibliotecas.org\/"},{"@type":"ListItem","position":2,"name":"Entrevista con Alfonso Espinosa, nuevo director Biblioteca Nacional de Ecuador"}]},{"@type":"WebSite","@id":"https:\/\/www.iberbibliotecas.org\/#website","url":"https:\/\/www.iberbibliotecas.org\/","name":"Iberbibliotecas","description":"","publisher":{"@id":"https:\/\/www.iberbibliotecas.org\/#organization"},"potentialAction":[{"@type":"SearchAction","target":{"@type":"EntryPoint","urlTemplate":"https:\/\/www.iberbibliotecas.org\/?s={search_term_string}"},"query-input":"required name=search_term_string"}],"inLanguage":"pt-BR"},{"@type":"Organization","@id":"https:\/\/www.iberbibliotecas.org\/#organization","name":"Iberbibliotecas","url":"https:\/\/www.iberbibliotecas.org\/","logo":{"@type":"ImageObject","inLanguage":"pt-BR","@id":"https:\/\/www.iberbibliotecas.org\/#\/schema\/logo\/image\/","url":"https:\/\/www.iberbibliotecas.org\/wp-content\/uploads\/2021\/03\/logo_c_ib.png","contentUrl":"https:\/\/www.iberbibliotecas.org\/wp-content\/uploads\/2021\/03\/logo_c_ib.png","width":289,"height":180,"caption":"Iberbibliotecas"},"image":{"@id":"https:\/\/www.iberbibliotecas.org\/#\/schema\/logo\/image\/"}},{"@type":"Person","@id":"https:\/\/www.iberbibliotecas.org\/#\/schema\/person\/486ac82ad50c6a0a37e3b388a7f40012","name":"admin","image":{"@type":"ImageObject","inLanguage":"pt-BR","@id":"https:\/\/www.iberbibliotecas.org\/#\/schema\/person\/image\/","url":"https:\/\/secure.gravatar.com\/avatar\/bd32ff3442cc72b6eeb88993179a289a?s=96&d=mm&r=g","contentUrl":"https:\/\/secure.gravatar.com\/avatar\/bd32ff3442cc72b6eeb88993179a289a?s=96&d=mm&r=g","caption":"admin"},"sameAs":["http:\/\/34.125.232.78"],"url":"https:\/\/www.iberbibliotecas.org\/por\/author\/admin\/"}]}},"_links":{"self":[{"href":"https:\/\/www.iberbibliotecas.org\/por\/wp-json\/wp\/v2\/posts\/20456"}],"collection":[{"href":"https:\/\/www.iberbibliotecas.org\/por\/wp-json\/wp\/v2\/posts"}],"about":[{"href":"https:\/\/www.iberbibliotecas.org\/por\/wp-json\/wp\/v2\/types\/post"}],"author":[{"embeddable":true,"href":"https:\/\/www.iberbibliotecas.org\/por\/wp-json\/wp\/v2\/users\/1"}],"replies":[{"embeddable":true,"href":"https:\/\/www.iberbibliotecas.org\/por\/wp-json\/wp\/v2\/comments?post=20456"}],"version-history":[{"count":8,"href":"https:\/\/www.iberbibliotecas.org\/por\/wp-json\/wp\/v2\/posts\/20456\/revisions"}],"predecessor-version":[{"id":20523,"href":"https:\/\/www.iberbibliotecas.org\/por\/wp-json\/wp\/v2\/posts\/20456\/revisions\/20523"}],"wp:featuredmedia":[{"embeddable":true,"href":"https:\/\/www.iberbibliotecas.org\/por\/wp-json\/wp\/v2\/media\/20457"}],"wp:attachment":[{"href":"https:\/\/www.iberbibliotecas.org\/por\/wp-json\/wp\/v2\/media?parent=20456"}],"wp:term":[{"taxonomy":"category","embeddable":true,"href":"https:\/\/www.iberbibliotecas.org\/por\/wp-json\/wp\/v2\/categories?post=20456"},{"taxonomy":"post_tag","embeddable":true,"href":"https:\/\/www.iberbibliotecas.org\/por\/wp-json\/wp\/v2\/tags?post=20456"}],"curies":[{"name":"wp","href":"https:\/\/api.w.org\/{rel}","templated":true}]}}