{"id":20464,"date":"2025-03-05T10:50:02","date_gmt":"2025-03-05T15:50:02","guid":{"rendered":"https:\/\/www.iberbibliotecas.org\/?p=20464"},"modified":"2025-03-07T12:51:13","modified_gmt":"2025-03-07T17:51:13","slug":"iberbibliotecas-trabaja-en-su-proximo-plan-estrategico","status":"publish","type":"post","link":"https:\/\/www.iberbibliotecas.org\/por\/iberbibliotecas-trabaja-en-su-proximo-plan-estrategico\/","title":{"rendered":"Iberbibliotecas trabalha no seu pr\u00f3ximo plano estrat\u00e9gico"},"content":{"rendered":"<div data-elementor-type=\"wp-post\" data-elementor-id=\"20464\" class=\"elementor elementor-20464\">\n\t\t\t\t\t\t<div class=\"elementor-inner\">\n\t\t\t\t<div class=\"elementor-section-wrap\">\n\t\t\t\t\t\t\t\t\t<section class=\"elementor-section elementor-top-section elementor-element elementor-element-2d91a08 elementor-section-boxed elementor-section-height-default elementor-section-height-default\" data-id=\"2d91a08\" data-element_type=\"section\">\n\t\t\t\t\t\t<div class=\"elementor-container elementor-column-gap-default\">\n\t\t\t\t\t\t\t<div class=\"elementor-row\">\n\t\t\t\t\t<div class=\"elementor-column elementor-col-100 elementor-top-column elementor-element elementor-element-5f3dd27\" data-id=\"5f3dd27\" data-element_type=\"column\">\n\t\t\t<div class=\"elementor-column-wrap elementor-element-populated\">\n\t\t\t\t\t\t\t<div class=\"elementor-widget-wrap\">\n\t\t\t\t\t\t<div class=\"elementor-element elementor-element-96eea8c elementor-widget elementor-widget-heading\" data-id=\"96eea8c\" data-element_type=\"widget\" data-widget_type=\"heading.default\">\n\t\t\t\t<div class=\"elementor-widget-container\">\n\t\t\t<h3 class=\"elementor-heading-title elementor-size-default\">Iberbibliotecas trabalha no seu pr\u00f3ximo plano estrat\u00e9gico<\/h3>\t\t<\/div>\n\t\t\t\t<\/div>\n\t\t\t\t\t\t<\/div>\n\t\t\t\t\t<\/div>\n\t\t<\/div>\n\t\t\t\t\t\t\t\t<\/div>\n\t\t\t\t\t<\/div>\n\t\t<\/section>\n\t\t\t\t<section class=\"elementor-section elementor-top-section elementor-element elementor-element-1b4a39a elementor-section-boxed elementor-section-height-default elementor-section-height-default\" data-id=\"1b4a39a\" data-element_type=\"section\">\n\t\t\t\t\t\t<div class=\"elementor-container elementor-column-gap-default\">\n\t\t\t\t\t\t\t<div class=\"elementor-row\">\n\t\t\t\t\t<div class=\"elementor-column elementor-col-100 elementor-top-column elementor-element elementor-element-dd90bae\" data-id=\"dd90bae\" data-element_type=\"column\">\n\t\t\t<div class=\"elementor-column-wrap elementor-element-populated\">\n\t\t\t\t\t\t\t<div class=\"elementor-widget-wrap\">\n\t\t\t\t\t\t<section class=\"elementor-section elementor-inner-section elementor-element elementor-element-4ea09d9 elementor-section-boxed elementor-section-height-default elementor-section-height-default\" data-id=\"4ea09d9\" data-element_type=\"section\">\n\t\t\t\t\t\t<div class=\"elementor-container elementor-column-gap-default\">\n\t\t\t\t\t\t\t<div class=\"elementor-row\">\n\t\t\t\t\t<div class=\"elementor-column elementor-col-50 elementor-inner-column elementor-element elementor-element-f7fcdf2\" data-id=\"f7fcdf2\" data-element_type=\"column\">\n\t\t\t<div class=\"elementor-column-wrap elementor-element-populated\">\n\t\t\t\t\t\t\t<div class=\"elementor-widget-wrap\">\n\t\t\t\t\t\t<div class=\"elementor-element elementor-element-b6ece33 elementor-widget elementor-widget-text-editor\" data-id=\"b6ece33\" data-element_type=\"widget\" data-widget_type=\"text-editor.default\">\n\t\t\t\t<div class=\"elementor-widget-container\">\n\t\t\t\t\t\t\t\t<div class=\"elementor-text-editor elementor-clearfix\">\n\t\t\t\t<p>Nos dias 26 e 27 de fevereiro de 2025<strong>, uma delega\u00e7\u00e3o da Secretaria Geral Ibero-Americana \u2013 Segib visitou o Centro Regional de Promo\u00e7\u00e3o do Livro da Am\u00e9rica Latina e do Caribe \u2013 Cerlalc, entidade respons\u00e1vel pela Unidade T\u00e9cnica do Iberbibliotecas, <\/strong>com o objetivo de iniciar a constru\u00e7\u00e3o do plano estrat\u00e9gico do programa para os pr\u00f3ximos anos<strong>.<\/strong>\u00a0 A visita foi integrada por Adela Maestre, diretora do Escrit\u00f3rio Sub-regional da Segib para os Pa\u00edses Andinos, com sede em Lima, e Adriana Osset, especialista em planejamento estrat\u00e9gico e integrante da equipe da sede em Madri.<\/p><p>No primeiro dia, foi realizada uma reuni\u00e3o com parte da equipe do Cerlalc, liderada por Jeimy Hern\u00e1ndez, Diretora T\u00e9cnica de Leitura, Escrita e Bibliotecas do centro, na qual discutiram aspectos estrat\u00e9gicos da coopera\u00e7\u00e3o e do trabalho do Cerlalc e Iberbibliotecas.<\/p><p>No segundo dia,<strong>\u00a0foi realizada uma reuni\u00e3o entre Adriana Osset e toda a equipe da Unidade T\u00e9cnica do Iberbibliotecas, formada por seis pessoas:<\/strong> Lina Trujillo, secret\u00e1ria t\u00e9cnica; Paulina Casta\u00f1eda, coordenadora geral e de chamadas; Yined Rodr\u00edguez, coordenador de treinamento; Ana Milena Carre\u00f1o; apoio \u00e0 forma\u00e7\u00e3o; Oscar Tejada, suporte geral e de chamadas; e Juan de Frono, coordenador de comunica\u00e7\u00f5es e publica\u00e7\u00f5es.<\/p>\t\t\t\t\t<\/div>\n\t\t\t\t\t\t<\/div>\n\t\t\t\t<\/div>\n\t\t\t\t\t\t<\/div>\n\t\t\t\t\t<\/div>\n\t\t<\/div>\n\t\t\t\t<div class=\"elementor-column elementor-col-50 elementor-inner-column elementor-element elementor-element-3390468\" data-id=\"3390468\" data-element_type=\"column\">\n\t\t\t<div class=\"elementor-column-wrap elementor-element-populated\">\n\t\t\t\t\t\t\t<div class=\"elementor-widget-wrap\">\n\t\t\t\t\t\t<div class=\"elementor-element elementor-element-0c83f0f elementor-widget elementor-widget-image\" data-id=\"0c83f0f\" data-element_type=\"widget\" data-widget_type=\"image.default\">\n\t\t\t\t<div class=\"elementor-widget-container\">\n\t\t\t\t\t\t\t\t<div class=\"elementor-image\">\n\t\t\t\t\t\t\t\t\t\t\t\t<img decoding=\"async\" width=\"525\" height=\"394\" src=\"https:\/\/www.iberbibliotecas.org\/wp-content\/uploads\/2025\/03\/WhatsApp-Image-2025-02-27-at-5.34.06-PM-1024x768.jpeg\" class=\"attachment-large size-large\" alt=\"\" loading=\"lazy\" srcset=\"https:\/\/www.iberbibliotecas.org\/wp-content\/uploads\/2025\/03\/WhatsApp-Image-2025-02-27-at-5.34.06-PM-1024x768.jpeg 1024w, https:\/\/www.iberbibliotecas.org\/wp-content\/uploads\/2025\/03\/WhatsApp-Image-2025-02-27-at-5.34.06-PM-300x225.jpeg 300w, https:\/\/www.iberbibliotecas.org\/wp-content\/uploads\/2025\/03\/WhatsApp-Image-2025-02-27-at-5.34.06-PM-768x576.jpeg 768w, https:\/\/www.iberbibliotecas.org\/wp-content\/uploads\/2025\/03\/WhatsApp-Image-2025-02-27-at-5.34.06-PM-1536x1152.jpeg 1536w, https:\/\/www.iberbibliotecas.org\/wp-content\/uploads\/2025\/03\/WhatsApp-Image-2025-02-27-at-5.34.06-PM-16x12.jpeg 16w, https:\/\/www.iberbibliotecas.org\/wp-content\/uploads\/2025\/03\/WhatsApp-Image-2025-02-27-at-5.34.06-PM.jpeg 1600w\" sizes=\"100vw\" \/>\t\t\t\t\t\t\t\t\t\t\t\t\t\t<\/div>\n\t\t\t\t\t\t<\/div>\n\t\t\t\t<\/div>\n\t\t\t\t\t\t<\/div>\n\t\t\t\t\t<\/div>\n\t\t<\/div>\n\t\t\t\t\t\t\t\t<\/div>\n\t\t\t\t\t<\/div>\n\t\t<\/section>\n\t\t\t\t<section class=\"elementor-section elementor-inner-section elementor-element elementor-element-bc16c4d elementor-section-boxed elementor-section-height-default elementor-section-height-default\" data-id=\"bc16c4d\" data-element_type=\"section\">\n\t\t\t\t\t\t<div class=\"elementor-container elementor-column-gap-default\">\n\t\t\t\t\t\t\t<div class=\"elementor-row\">\n\t\t\t\t\t<div class=\"elementor-column elementor-col-50 elementor-inner-column elementor-element elementor-element-a69b4d0\" data-id=\"a69b4d0\" data-element_type=\"column\">\n\t\t\t<div class=\"elementor-column-wrap elementor-element-populated\">\n\t\t\t\t\t\t\t<div class=\"elementor-widget-wrap\">\n\t\t\t\t\t\t<div class=\"elementor-element elementor-element-11949c6 elementor-widget elementor-widget-image\" data-id=\"11949c6\" data-element_type=\"widget\" data-widget_type=\"image.default\">\n\t\t\t\t<div class=\"elementor-widget-container\">\n\t\t\t\t\t\t\t\t<div class=\"elementor-image\">\n\t\t\t\t\t\t\t\t\t\t\t\t<img decoding=\"async\" width=\"525\" height=\"394\" src=\"https:\/\/www.iberbibliotecas.org\/wp-content\/uploads\/2025\/03\/WhatsApp-Image-2025-02-28-at-8.04.45-AM-1024x768.jpeg\" class=\"attachment-large size-large\" alt=\"\" loading=\"lazy\" srcset=\"https:\/\/www.iberbibliotecas.org\/wp-content\/uploads\/2025\/03\/WhatsApp-Image-2025-02-28-at-8.04.45-AM-1024x768.jpeg 1024w, https:\/\/www.iberbibliotecas.org\/wp-content\/uploads\/2025\/03\/WhatsApp-Image-2025-02-28-at-8.04.45-AM-300x225.jpeg 300w, https:\/\/www.iberbibliotecas.org\/wp-content\/uploads\/2025\/03\/WhatsApp-Image-2025-02-28-at-8.04.45-AM-768x576.jpeg 768w, https:\/\/www.iberbibliotecas.org\/wp-content\/uploads\/2025\/03\/WhatsApp-Image-2025-02-28-at-8.04.45-AM-16x12.jpeg 16w, https:\/\/www.iberbibliotecas.org\/wp-content\/uploads\/2025\/03\/WhatsApp-Image-2025-02-28-at-8.04.45-AM.jpeg 1280w\" sizes=\"100vw\" \/>\t\t\t\t\t\t\t\t\t\t\t\t\t\t<\/div>\n\t\t\t\t\t\t<\/div>\n\t\t\t\t<\/div>\n\t\t\t\t\t\t<\/div>\n\t\t\t\t\t<\/div>\n\t\t<\/div>\n\t\t\t\t<div class=\"elementor-column elementor-col-50 elementor-inner-column elementor-element elementor-element-a3e371f\" data-id=\"a3e371f\" data-element_type=\"column\">\n\t\t\t<div class=\"elementor-column-wrap elementor-element-populated\">\n\t\t\t\t\t\t\t<div class=\"elementor-widget-wrap\">\n\t\t\t\t\t\t<div class=\"elementor-element elementor-element-85d8533 elementor-widget elementor-widget-text-editor\" data-id=\"85d8533\" data-element_type=\"widget\" data-widget_type=\"text-editor.default\">\n\t\t\t\t<div class=\"elementor-widget-container\">\n\t\t\t\t\t\t\t\t<div class=\"elementor-text-editor elementor-clearfix\">\n\t\t\t\t<p>Neste \u00faltimo dia <strong>foi realizado um workshop para dar in\u00edcio ao plano estrat\u00e9gico do Iberbibliotecas para os pr\u00f3ximos anos. <\/strong>Orientado por Adriana Ossett, o workshop permitiu conhecer e estabelecer as prioridades atuais do programa, com o objetivo de definir metas, objetivos estrat\u00e9gicos, linhas de a\u00e7\u00e3o e resultados.<strong>. Entre os pontos a destacar est\u00e1 a avalia\u00e7\u00e3o positiva, por parte do especialista, do trabalho de crescimento do programa nos \u00faltimos anos<\/strong>, que hoje permite oferecer n\u00e3o apenas editais de apoio a projetos de bibliotecas, mas tamb\u00e9m est\u00e1gios, bolsas, incentivos \u00e0 pesquisa, publica\u00e7\u00f5es, apoio a processos t\u00e9cnicos e pol\u00edticos e cursos para funcion\u00e1rios de bibliotecas na Ibero-Am\u00e9rica. \u00a0<\/p><p>Outro aspecto relevante que se destacou \u00e9 o extenso trabalho que o programa tem realizado para realizar todas as suas atividades e produtos nas duas l\u00ednguas oficiais da regi\u00e3o: espanhol e portugu\u00eas. Isto inclui um trabalho criterioso com tradutores, revisores culturais e tutores em ambas as l\u00ednguas, sempre com o acompanhamento dos pontos focais dos pa\u00eds.<\/p><p>Durante 2025, ser\u00e3o realizadas mais reuni\u00f5es para aperfei\u00e7oar o plano, incluindo grupos de trabalho com o Conselho Intergovernamental, formado pelos REPPIs (representantes de cada pa\u00eds membro do Iberbibliotecas), entidade encarregada de aprovar o roteiro de trabalho para os anos seguintes.<\/p>\t\t\t\t\t<\/div>\n\t\t\t\t\t\t<\/div>\n\t\t\t\t<\/div>\n\t\t\t\t\t\t<\/div>\n\t\t\t\t\t<\/div>\n\t\t<\/div>\n\t\t\t\t\t\t\t\t<\/div>\n\t\t\t\t\t<\/div>\n\t\t<\/section>\n\t\t\t\t\t\t<\/div>\n\t\t\t\t\t<\/div>\n\t\t<\/div>\n\t\t\t\t\t\t\t\t<\/div>\n\t\t\t\t\t<\/div>\n\t\t<\/section>\n\t\t\t\t\t\t\t\t\t<\/div>\n\t\t\t<\/div>\n\t\t\t\t\t<\/div>","protected":false},"excerpt":{"rendered":"<p>Iberbibliotecas trabaja en su pr\u00f3ximo plan estrat\u00e9gico Los d\u00edas 26 y 27 de febrero de 2025, una comitiva de la Secretar\u00eda General Iberoamericana \u2013 Segib realiz\u00f3 una visita al Centro &hellip; <\/p>\n<p class=\"link-more\"><a href=\"https:\/\/www.iberbibliotecas.org\/por\/iberbibliotecas-trabaja-en-su-proximo-plan-estrategico\/\" class=\"more-link\">Continue lendo<span class=\"screen-reader-text\"> &#8220;Iberbibliotecas trabaja en su pr\u00f3ximo plan estrat\u00e9gico&#8221;<\/span><\/a><\/p>","protected":false},"author":1,"featured_media":20465,"comment_status":"closed","ping_status":"open","sticky":false,"template":"elementor_header_footer","format":"standard","meta":{"_EventAllDay":false,"_EventTimezone":"","_EventStartDate":"","_EventEndDate":"","_EventStartDateUTC":"","_EventEndDateUTC":"","_EventShowMap":false,"_EventShowMapLink":false,"_EventURL":"","_EventCost":"","_EventCostDescription":"","_EventCurrencySymbol":"","_EventCurrencyCode":"","_EventCurrencyPosition":"","_EventDateTimeSeparator":"","_EventTimeRangeSeparator":"","_EventOrganizerID":[],"_EventVenueID":0,"_OrganizerEmail":"","_OrganizerPhone":"","_OrganizerWebsite":"","_VenueAddress":"","_VenueCity":"","_VenueCountry":"","_VenueProvince":"","_VenueZip":"","_VenuePhone":"","_VenueURL":"","_VenueStateProvince":"","_VenueLat":"","_VenueLng":""},"categories":[34],"tags":[],"yoast_head":"<!-- This site is optimized with the Yoast SEO plugin v20.11 - https:\/\/yoast.com\/wordpress\/plugins\/seo\/ -->\n<title>Iberbibliotecas trabaja en su pr\u00f3ximo plan estrat\u00e9gico - Iberbibliotecas<\/title>\n<meta name=\"robots\" content=\"index, follow, max-snippet:-1, max-image-preview:large, max-video-preview:-1\" \/>\n<link rel=\"canonical\" href=\"https:\/\/www.iberbibliotecas.org\/por\/iberbibliotecas-trabaja-en-su-proximo-plan-estrategico\/\" \/>\n<meta property=\"og:locale\" content=\"pt_BR\" \/>\n<meta property=\"og:type\" content=\"article\" \/>\n<meta property=\"og:title\" content=\"Iberbibliotecas trabaja en su pr\u00f3ximo plan estrat\u00e9gico - Iberbibliotecas\" \/>\n<meta property=\"og:description\" content=\"Iberbibliotecas trabaja en su pr\u00f3ximo plan estrat\u00e9gico Los d\u00edas 26 y 27 de febrero de 2025, una comitiva de la Secretar\u00eda General Iberoamericana \u2013 Segib realiz\u00f3 una visita al Centro &hellip; Continue lendo &quot;Iberbibliotecas trabaja en su pr\u00f3ximo plan estrat\u00e9gico&quot;\" \/>\n<meta property=\"og:url\" content=\"https:\/\/www.iberbibliotecas.org\/por\/iberbibliotecas-trabaja-en-su-proximo-plan-estrategico\/\" \/>\n<meta property=\"og:site_name\" content=\"Iberbibliotecas\" \/>\n<meta property=\"article:published_time\" content=\"2025-03-05T15:50:02+00:00\" \/>\n<meta property=\"article:modified_time\" content=\"2025-03-07T17:51:13+00:00\" \/>\n<meta property=\"og:image\" content=\"https:\/\/www.iberbibliotecas.org\/wp-content\/uploads\/2025\/03\/Foto-principal.jpeg\" \/>\n\t<meta property=\"og:image:width\" content=\"1600\" \/>\n\t<meta property=\"og:image:height\" content=\"1200\" \/>\n\t<meta property=\"og:image:type\" content=\"image\/jpeg\" \/>\n<meta name=\"author\" content=\"admin\" \/>\n<meta name=\"twitter:card\" content=\"summary_large_image\" \/>\n<meta name=\"twitter:label1\" content=\"Escrito por\" \/>\n\t<meta name=\"twitter:data1\" content=\"admin\" \/>\n\t<meta name=\"twitter:label2\" content=\"Est. tempo de leitura\" \/>\n\t<meta name=\"twitter:data2\" content=\"3 minutos\" \/>\n<script type=\"application\/ld+json\" class=\"yoast-schema-graph\">{\"@context\":\"https:\/\/schema.org\",\"@graph\":[{\"@type\":\"Article\",\"@id\":\"https:\/\/www.iberbibliotecas.org\/iberbibliotecas-trabaja-en-su-proximo-plan-estrategico\/#article\",\"isPartOf\":{\"@id\":\"https:\/\/www.iberbibliotecas.org\/iberbibliotecas-trabaja-en-su-proximo-plan-estrategico\/\"},\"author\":{\"name\":\"admin\",\"@id\":\"https:\/\/www.iberbibliotecas.org\/#\/schema\/person\/486ac82ad50c6a0a37e3b388a7f40012\"},\"headline\":\"Iberbibliotecas trabaja en su pr\u00f3ximo plan estrat\u00e9gico\",\"datePublished\":\"2025-03-05T15:50:02+00:00\",\"dateModified\":\"2025-03-07T17:51:13+00:00\",\"mainEntityOfPage\":{\"@id\":\"https:\/\/www.iberbibliotecas.org\/iberbibliotecas-trabaja-en-su-proximo-plan-estrategico\/\"},\"wordCount\":472,\"publisher\":{\"@id\":\"https:\/\/www.iberbibliotecas.org\/#organization\"},\"articleSection\":[\"Comunicado\"],\"inLanguage\":\"pt-BR\"},{\"@type\":\"WebPage\",\"@id\":\"https:\/\/www.iberbibliotecas.org\/iberbibliotecas-trabaja-en-su-proximo-plan-estrategico\/\",\"url\":\"https:\/\/www.iberbibliotecas.org\/iberbibliotecas-trabaja-en-su-proximo-plan-estrategico\/\",\"name\":\"Iberbibliotecas trabaja en su pr\u00f3ximo plan estrat\u00e9gico - Iberbibliotecas\",\"isPartOf\":{\"@id\":\"https:\/\/www.iberbibliotecas.org\/#website\"},\"datePublished\":\"2025-03-05T15:50:02+00:00\",\"dateModified\":\"2025-03-07T17:51:13+00:00\",\"breadcrumb\":{\"@id\":\"https:\/\/www.iberbibliotecas.org\/iberbibliotecas-trabaja-en-su-proximo-plan-estrategico\/#breadcrumb\"},\"inLanguage\":\"pt-BR\",\"potentialAction\":[{\"@type\":\"ReadAction\",\"target\":[\"https:\/\/www.iberbibliotecas.org\/iberbibliotecas-trabaja-en-su-proximo-plan-estrategico\/\"]}]},{\"@type\":\"BreadcrumbList\",\"@id\":\"https:\/\/www.iberbibliotecas.org\/iberbibliotecas-trabaja-en-su-proximo-plan-estrategico\/#breadcrumb\",\"itemListElement\":[{\"@type\":\"ListItem\",\"position\":1,\"name\":\"Inicio\",\"item\":\"https:\/\/www.iberbibliotecas.org\/\"},{\"@type\":\"ListItem\",\"position\":2,\"name\":\"Iberbibliotecas trabaja en su pr\u00f3ximo plan estrat\u00e9gico\"}]},{\"@type\":\"WebSite\",\"@id\":\"https:\/\/www.iberbibliotecas.org\/#website\",\"url\":\"https:\/\/www.iberbibliotecas.org\/\",\"name\":\"Iberbibliotecas\",\"description\":\"\",\"publisher\":{\"@id\":\"https:\/\/www.iberbibliotecas.org\/#organization\"},\"potentialAction\":[{\"@type\":\"SearchAction\",\"target\":{\"@type\":\"EntryPoint\",\"urlTemplate\":\"https:\/\/www.iberbibliotecas.org\/?s={search_term_string}\"},\"query-input\":\"required name=search_term_string\"}],\"inLanguage\":\"pt-BR\"},{\"@type\":\"Organization\",\"@id\":\"https:\/\/www.iberbibliotecas.org\/#organization\",\"name\":\"Iberbibliotecas\",\"url\":\"https:\/\/www.iberbibliotecas.org\/\",\"logo\":{\"@type\":\"ImageObject\",\"inLanguage\":\"pt-BR\",\"@id\":\"https:\/\/www.iberbibliotecas.org\/#\/schema\/logo\/image\/\",\"url\":\"https:\/\/www.iberbibliotecas.org\/wp-content\/uploads\/2021\/03\/logo_c_ib.png\",\"contentUrl\":\"https:\/\/www.iberbibliotecas.org\/wp-content\/uploads\/2021\/03\/logo_c_ib.png\",\"width\":289,\"height\":180,\"caption\":\"Iberbibliotecas\"},\"image\":{\"@id\":\"https:\/\/www.iberbibliotecas.org\/#\/schema\/logo\/image\/\"}},{\"@type\":\"Person\",\"@id\":\"https:\/\/www.iberbibliotecas.org\/#\/schema\/person\/486ac82ad50c6a0a37e3b388a7f40012\",\"name\":\"admin\",\"image\":{\"@type\":\"ImageObject\",\"inLanguage\":\"pt-BR\",\"@id\":\"https:\/\/www.iberbibliotecas.org\/#\/schema\/person\/image\/\",\"url\":\"https:\/\/secure.gravatar.com\/avatar\/bd32ff3442cc72b6eeb88993179a289a?s=96&d=mm&r=g\",\"contentUrl\":\"https:\/\/secure.gravatar.com\/avatar\/bd32ff3442cc72b6eeb88993179a289a?s=96&d=mm&r=g\",\"caption\":\"admin\"},\"sameAs\":[\"http:\/\/34.125.232.78\"],\"url\":\"https:\/\/www.iberbibliotecas.org\/por\/author\/admin\/\"}]}<\/script>\n<!-- \/ Yoast SEO plugin. -->","yoast_head_json":{"title":"Iberbibliotecas trabaja en su pr\u00f3ximo plan estrat\u00e9gico - Iberbibliotecas","robots":{"index":"index","follow":"follow","max-snippet":"max-snippet:-1","max-image-preview":"max-image-preview:large","max-video-preview":"max-video-preview:-1"},"canonical":"https:\/\/www.iberbibliotecas.org\/por\/iberbibliotecas-trabaja-en-su-proximo-plan-estrategico\/","og_locale":"pt_BR","og_type":"article","og_title":"Iberbibliotecas trabaja en su pr\u00f3ximo plan estrat\u00e9gico - Iberbibliotecas","og_description":"Iberbibliotecas trabaja en su pr\u00f3ximo plan estrat\u00e9gico Los d\u00edas 26 y 27 de febrero de 2025, una comitiva de la Secretar\u00eda General Iberoamericana \u2013 Segib realiz\u00f3 una visita al Centro &hellip; Continue lendo \"Iberbibliotecas trabaja en su pr\u00f3ximo plan estrat\u00e9gico\"","og_url":"https:\/\/www.iberbibliotecas.org\/por\/iberbibliotecas-trabaja-en-su-proximo-plan-estrategico\/","og_site_name":"Iberbibliotecas","article_published_time":"2025-03-05T15:50:02+00:00","article_modified_time":"2025-03-07T17:51:13+00:00","og_image":[{"width":1600,"height":1200,"url":"https:\/\/www.iberbibliotecas.org\/wp-content\/uploads\/2025\/03\/Foto-principal.jpeg","type":"image\/jpeg"}],"author":"admin","twitter_card":"summary_large_image","twitter_misc":{"Escrito por":"admin","Est. tempo de leitura":"3 minutos"},"schema":{"@context":"https:\/\/schema.org","@graph":[{"@type":"Article","@id":"https:\/\/www.iberbibliotecas.org\/iberbibliotecas-trabaja-en-su-proximo-plan-estrategico\/#article","isPartOf":{"@id":"https:\/\/www.iberbibliotecas.org\/iberbibliotecas-trabaja-en-su-proximo-plan-estrategico\/"},"author":{"name":"admin","@id":"https:\/\/www.iberbibliotecas.org\/#\/schema\/person\/486ac82ad50c6a0a37e3b388a7f40012"},"headline":"Iberbibliotecas trabaja en su pr\u00f3ximo plan estrat\u00e9gico","datePublished":"2025-03-05T15:50:02+00:00","dateModified":"2025-03-07T17:51:13+00:00","mainEntityOfPage":{"@id":"https:\/\/www.iberbibliotecas.org\/iberbibliotecas-trabaja-en-su-proximo-plan-estrategico\/"},"wordCount":472,"publisher":{"@id":"https:\/\/www.iberbibliotecas.org\/#organization"},"articleSection":["Comunicado"],"inLanguage":"pt-BR"},{"@type":"WebPage","@id":"https:\/\/www.iberbibliotecas.org\/iberbibliotecas-trabaja-en-su-proximo-plan-estrategico\/","url":"https:\/\/www.iberbibliotecas.org\/iberbibliotecas-trabaja-en-su-proximo-plan-estrategico\/","name":"Iberbibliotecas trabaja en su pr\u00f3ximo plan estrat\u00e9gico - Iberbibliotecas","isPartOf":{"@id":"https:\/\/www.iberbibliotecas.org\/#website"},"datePublished":"2025-03-05T15:50:02+00:00","dateModified":"2025-03-07T17:51:13+00:00","breadcrumb":{"@id":"https:\/\/www.iberbibliotecas.org\/iberbibliotecas-trabaja-en-su-proximo-plan-estrategico\/#breadcrumb"},"inLanguage":"pt-BR","potentialAction":[{"@type":"ReadAction","target":["https:\/\/www.iberbibliotecas.org\/iberbibliotecas-trabaja-en-su-proximo-plan-estrategico\/"]}]},{"@type":"BreadcrumbList","@id":"https:\/\/www.iberbibliotecas.org\/iberbibliotecas-trabaja-en-su-proximo-plan-estrategico\/#breadcrumb","itemListElement":[{"@type":"ListItem","position":1,"name":"Inicio","item":"https:\/\/www.iberbibliotecas.org\/"},{"@type":"ListItem","position":2,"name":"Iberbibliotecas trabaja en su pr\u00f3ximo plan estrat\u00e9gico"}]},{"@type":"WebSite","@id":"https:\/\/www.iberbibliotecas.org\/#website","url":"https:\/\/www.iberbibliotecas.org\/","name":"Iberbibliotecas","description":"","publisher":{"@id":"https:\/\/www.iberbibliotecas.org\/#organization"},"potentialAction":[{"@type":"SearchAction","target":{"@type":"EntryPoint","urlTemplate":"https:\/\/www.iberbibliotecas.org\/?s={search_term_string}"},"query-input":"required name=search_term_string"}],"inLanguage":"pt-BR"},{"@type":"Organization","@id":"https:\/\/www.iberbibliotecas.org\/#organization","name":"Iberbibliotecas","url":"https:\/\/www.iberbibliotecas.org\/","logo":{"@type":"ImageObject","inLanguage":"pt-BR","@id":"https:\/\/www.iberbibliotecas.org\/#\/schema\/logo\/image\/","url":"https:\/\/www.iberbibliotecas.org\/wp-content\/uploads\/2021\/03\/logo_c_ib.png","contentUrl":"https:\/\/www.iberbibliotecas.org\/wp-content\/uploads\/2021\/03\/logo_c_ib.png","width":289,"height":180,"caption":"Iberbibliotecas"},"image":{"@id":"https:\/\/www.iberbibliotecas.org\/#\/schema\/logo\/image\/"}},{"@type":"Person","@id":"https:\/\/www.iberbibliotecas.org\/#\/schema\/person\/486ac82ad50c6a0a37e3b388a7f40012","name":"admin","image":{"@type":"ImageObject","inLanguage":"pt-BR","@id":"https:\/\/www.iberbibliotecas.org\/#\/schema\/person\/image\/","url":"https:\/\/secure.gravatar.com\/avatar\/bd32ff3442cc72b6eeb88993179a289a?s=96&d=mm&r=g","contentUrl":"https:\/\/secure.gravatar.com\/avatar\/bd32ff3442cc72b6eeb88993179a289a?s=96&d=mm&r=g","caption":"admin"},"sameAs":["http:\/\/34.125.232.78"],"url":"https:\/\/www.iberbibliotecas.org\/por\/author\/admin\/"}]}},"_links":{"self":[{"href":"https:\/\/www.iberbibliotecas.org\/por\/wp-json\/wp\/v2\/posts\/20464"}],"collection":[{"href":"https:\/\/www.iberbibliotecas.org\/por\/wp-json\/wp\/v2\/posts"}],"about":[{"href":"https:\/\/www.iberbibliotecas.org\/por\/wp-json\/wp\/v2\/types\/post"}],"author":[{"embeddable":true,"href":"https:\/\/www.iberbibliotecas.org\/por\/wp-json\/wp\/v2\/users\/1"}],"replies":[{"embeddable":true,"href":"https:\/\/www.iberbibliotecas.org\/por\/wp-json\/wp\/v2\/comments?post=20464"}],"version-history":[{"count":7,"href":"https:\/\/www.iberbibliotecas.org\/por\/wp-json\/wp\/v2\/posts\/20464\/revisions"}],"predecessor-version":[{"id":20517,"href":"https:\/\/www.iberbibliotecas.org\/por\/wp-json\/wp\/v2\/posts\/20464\/revisions\/20517"}],"wp:featuredmedia":[{"embeddable":true,"href":"https:\/\/www.iberbibliotecas.org\/por\/wp-json\/wp\/v2\/media\/20465"}],"wp:attachment":[{"href":"https:\/\/www.iberbibliotecas.org\/por\/wp-json\/wp\/v2\/media?parent=20464"}],"wp:term":[{"taxonomy":"category","embeddable":true,"href":"https:\/\/www.iberbibliotecas.org\/por\/wp-json\/wp\/v2\/categories?post=20464"},{"taxonomy":"post_tag","embeddable":true,"href":"https:\/\/www.iberbibliotecas.org\/por\/wp-json\/wp\/v2\/tags?post=20464"}],"curies":[{"name":"wp","href":"https:\/\/api.w.org\/{rel}","templated":true}]}}