{"id":21388,"date":"2025-07-01T15:51:23","date_gmt":"2025-07-01T20:51:23","guid":{"rendered":"https:\/\/www.iberbibliotecas.org\/?p=21388"},"modified":"2025-07-01T16:30:02","modified_gmt":"2025-07-01T21:30:02","slug":"iberbibliotecas-y-el-nuevo-programa-de-cooperacion","status":"publish","type":"post","link":"https:\/\/www.iberbibliotecas.org\/por\/iberbibliotecas-y-el-nuevo-programa-de-cooperacion\/","title":{"rendered":"O Iberbibliotecas e o novo programa de coopera\u00e7\u00e3o"},"content":{"rendered":"<div data-elementor-type=\"wp-post\" data-elementor-id=\"21388\" class=\"elementor elementor-21388\">\n\t\t\t\t\t\t<div class=\"elementor-inner\">\n\t\t\t\t<div class=\"elementor-section-wrap\">\n\t\t\t\t\t\t\t\t\t<section class=\"elementor-section elementor-top-section elementor-element elementor-element-2d91a08 elementor-section-boxed elementor-section-height-default elementor-section-height-default\" data-id=\"2d91a08\" data-element_type=\"section\">\n\t\t\t\t\t\t<div class=\"elementor-container elementor-column-gap-default\">\n\t\t\t\t\t\t\t<div class=\"elementor-row\">\n\t\t\t\t\t<div class=\"elementor-column elementor-col-100 elementor-top-column elementor-element elementor-element-5f3dd27\" data-id=\"5f3dd27\" data-element_type=\"column\">\n\t\t\t<div class=\"elementor-column-wrap elementor-element-populated\">\n\t\t\t\t\t\t\t<div class=\"elementor-widget-wrap\">\n\t\t\t\t\t\t<div class=\"elementor-element elementor-element-96eea8c elementor-widget elementor-widget-heading\" data-id=\"96eea8c\" data-element_type=\"widget\" data-widget_type=\"heading.default\">\n\t\t\t\t<div class=\"elementor-widget-container\">\n\t\t\t<h3 class=\"elementor-heading-title elementor-size-default\">O Iberbibliotecas e o novo programa de coopera\u00e7\u00e3o<\/h3>\t\t<\/div>\n\t\t\t\t<\/div>\n\t\t\t\t\t\t<\/div>\n\t\t\t\t\t<\/div>\n\t\t<\/div>\n\t\t\t\t\t\t\t\t<\/div>\n\t\t\t\t\t<\/div>\n\t\t<\/section>\n\t\t\t\t<section class=\"elementor-section elementor-top-section elementor-element elementor-element-1b4a39a elementor-section-boxed elementor-section-height-default elementor-section-height-default\" data-id=\"1b4a39a\" data-element_type=\"section\">\n\t\t\t\t\t\t<div class=\"elementor-container elementor-column-gap-default\">\n\t\t\t\t\t\t\t<div class=\"elementor-row\">\n\t\t\t\t\t<div class=\"elementor-column elementor-col-100 elementor-top-column elementor-element elementor-element-dd90bae\" data-id=\"dd90bae\" data-element_type=\"column\">\n\t\t\t<div class=\"elementor-column-wrap elementor-element-populated\">\n\t\t\t\t\t\t\t<div class=\"elementor-widget-wrap\">\n\t\t\t\t\t\t<section class=\"elementor-section elementor-inner-section elementor-element elementor-element-4ea09d9 elementor-section-boxed elementor-section-height-default elementor-section-height-default\" data-id=\"4ea09d9\" data-element_type=\"section\">\n\t\t\t\t\t\t<div class=\"elementor-container elementor-column-gap-default\">\n\t\t\t\t\t\t\t<div class=\"elementor-row\">\n\t\t\t\t\t<div class=\"elementor-column elementor-col-50 elementor-inner-column elementor-element elementor-element-f7fcdf2\" data-id=\"f7fcdf2\" data-element_type=\"column\">\n\t\t\t<div class=\"elementor-column-wrap elementor-element-populated\">\n\t\t\t\t\t\t\t<div class=\"elementor-widget-wrap\">\n\t\t\t\t\t\t<div class=\"elementor-element elementor-element-b6ece33 elementor-widget elementor-widget-text-editor\" data-id=\"b6ece33\" data-element_type=\"widget\" data-widget_type=\"text-editor.default\">\n\t\t\t\t<div class=\"elementor-widget-container\">\n\t\t\t\t\t\t\t\t<div class=\"elementor-text-editor elementor-clearfix\">\n\t\t\t\t<p>Na \u00faltima quinta-feira, 26 de julho, foi apresentado o Programa de Cidadania Global para o\nDesenvolvimento Sustent\u00e1vel (CGpDS). Este programa se soma a outros programas e iniciativas de coopera\u00e7\u00e3o da Secretaria-Geral Ibero-Americana (SEGIB), incluindo o Programa Ibero-Americano de Bibliotecas P\u00fablicas (Iberbibliotecas).<\/p><p>Nosso programa contou com a presen\u00e7a de Ana Pe\u00f1a, chefe institucional da Biblioteca Nacional do\nPeru, pa\u00eds e entidade respons\u00e1vel pela presid\u00eancia. Tamb\u00e9m estiveram presentes Lina Trujillo, secret\u00e1ria t\u00e9cnica, e Juan de Frono, coordenador de comunica\u00e7\u00e3o.<\/p><p>Durante a apresenta\u00e7\u00e3o, foi explicada a origem do novo programa: a 27\u00aa C\u00fapula Ibero-Americana\nde Chefes de Estado e de Governo, realizada em Andorra em 2021. Esta iniciativa visa contribuir\npara a conscientiza\u00e7\u00e3o dos cidad\u00e3os ibero-americanos sobre seu papel no desenvolvimento\nsustent\u00e1vel e o valor da coopera\u00e7\u00e3o internacional para a implementa\u00e7\u00e3o dos ODS em escala\nglobal.<br \/>implementaci\u00f3n de los ODS a escala global.<\/p>\t\t\t\t\t<\/div>\n\t\t\t\t\t\t<\/div>\n\t\t\t\t<\/div>\n\t\t\t\t\t\t<\/div>\n\t\t\t\t\t<\/div>\n\t\t<\/div>\n\t\t\t\t<div class=\"elementor-column elementor-col-50 elementor-inner-column elementor-element elementor-element-3390468\" data-id=\"3390468\" data-element_type=\"column\">\n\t\t\t<div class=\"elementor-column-wrap elementor-element-populated\">\n\t\t\t\t\t\t\t<div class=\"elementor-widget-wrap\">\n\t\t\t\t\t\t<div class=\"elementor-element elementor-element-4cc6702 elementor-arrows-position-inside elementor-pagination-position-outside elementor-widget elementor-widget-image-carousel\" data-id=\"4cc6702\" data-element_type=\"widget\" data-settings=\"{&quot;slides_to_show&quot;:&quot;1&quot;,&quot;navigation&quot;:&quot;both&quot;,&quot;autoplay&quot;:&quot;yes&quot;,&quot;pause_on_hover&quot;:&quot;yes&quot;,&quot;pause_on_interaction&quot;:&quot;yes&quot;,&quot;autoplay_speed&quot;:5000,&quot;infinite&quot;:&quot;yes&quot;,&quot;effect&quot;:&quot;slide&quot;,&quot;speed&quot;:500}\" data-widget_type=\"image-carousel.default\">\n\t\t\t\t<div class=\"elementor-widget-container\">\n\t\t\t\t\t<div class=\"elementor-image-carousel-wrapper swiper-container\" dir=\"ltr\">\n\t\t\t<div class=\"elementor-image-carousel swiper-wrapper swiper-image-stretch\">\n\t\t\t\t\t\t\t\t<div class=\"swiper-slide\"><figure class=\"swiper-slide-inner\"><img decoding=\"async\" class=\"swiper-slide-image\" src=\"https:\/\/www.iberbibliotecas.org\/wp-content\/uploads\/2025\/07\/Nuevo-programa_4.png\" alt=\"Nuevo programa_4\" \/><\/figure><\/div><div class=\"swiper-slide\"><figure class=\"swiper-slide-inner\"><img decoding=\"async\" class=\"swiper-slide-image\" src=\"https:\/\/www.iberbibliotecas.org\/wp-content\/uploads\/2025\/07\/Nuevo-programa_5-1.png\" alt=\"Nuevo programa_5\" \/><\/figure><\/div>\t\t\t<\/div>\n\t\t\t\t\t\t\t\t\t\t\t\t<div class=\"swiper-pagination\"><\/div>\n\t\t\t\t\t\t\t\t\t\t\t\t\t<div class=\"elementor-swiper-button elementor-swiper-button-prev\">\n\t\t\t\t\t\t<i aria-hidden=\"true\" class=\"eicon-chevron-left\"><\/i>\t\t\t\t\t\t<span class=\"elementor-screen-only\">Anterior<\/span>\n\t\t\t\t\t<\/div>\n\t\t\t\t\t<div class=\"elementor-swiper-button elementor-swiper-button-next\">\n\t\t\t\t\t\t<i aria-hidden=\"true\" class=\"eicon-chevron-right\"><\/i>\t\t\t\t\t\t<span class=\"elementor-screen-only\">Pr\u00f3ximo<\/span>\n\t\t\t\t\t<\/div>\n\t\t\t\t\t\t\t\t\t<\/div>\n\t\t\t\t<\/div>\n\t\t\t\t<\/div>\n\t\t\t\t\t\t<\/div>\n\t\t\t\t\t<\/div>\n\t\t<\/div>\n\t\t\t\t\t\t\t\t<\/div>\n\t\t\t\t\t<\/div>\n\t\t<\/section>\n\t\t\t\t<section class=\"elementor-section elementor-inner-section elementor-element elementor-element-bc16c4d elementor-section-boxed elementor-section-height-default elementor-section-height-default\" data-id=\"bc16c4d\" data-element_type=\"section\">\n\t\t\t\t\t\t<div class=\"elementor-container elementor-column-gap-default\">\n\t\t\t\t\t\t\t<div class=\"elementor-row\">\n\t\t\t\t\t<div class=\"elementor-column elementor-col-50 elementor-inner-column elementor-element elementor-element-a69b4d0\" data-id=\"a69b4d0\" data-element_type=\"column\">\n\t\t\t<div class=\"elementor-column-wrap elementor-element-populated\">\n\t\t\t\t\t\t\t<div class=\"elementor-widget-wrap\">\n\t\t\t\t\t\t<div class=\"elementor-element elementor-element-100bc6b elementor-arrows-position-inside elementor-pagination-position-outside elementor-widget elementor-widget-image-carousel\" data-id=\"100bc6b\" data-element_type=\"widget\" data-settings=\"{&quot;slides_to_show&quot;:&quot;1&quot;,&quot;navigation&quot;:&quot;both&quot;,&quot;autoplay&quot;:&quot;yes&quot;,&quot;pause_on_hover&quot;:&quot;yes&quot;,&quot;pause_on_interaction&quot;:&quot;yes&quot;,&quot;autoplay_speed&quot;:5000,&quot;infinite&quot;:&quot;yes&quot;,&quot;effect&quot;:&quot;slide&quot;,&quot;speed&quot;:500}\" data-widget_type=\"image-carousel.default\">\n\t\t\t\t<div class=\"elementor-widget-container\">\n\t\t\t\t\t<div class=\"elementor-image-carousel-wrapper swiper-container\" dir=\"ltr\">\n\t\t\t<div class=\"elementor-image-carousel swiper-wrapper swiper-image-stretch\">\n\t\t\t\t\t\t\t\t<div class=\"swiper-slide\"><figure class=\"swiper-slide-inner\"><img decoding=\"async\" class=\"swiper-slide-image\" src=\"https:\/\/www.iberbibliotecas.org\/wp-content\/uploads\/2025\/07\/Nuevo-programa_1.png\" alt=\"Nuevo programa_1\" \/><\/figure><\/div><div class=\"swiper-slide\"><figure class=\"swiper-slide-inner\"><img decoding=\"async\" class=\"swiper-slide-image\" src=\"https:\/\/www.iberbibliotecas.org\/wp-content\/uploads\/2025\/07\/Nuevo-programa_3.png\" alt=\"Nuevo programa_3\" \/><\/figure><\/div><div class=\"swiper-slide\"><figure class=\"swiper-slide-inner\"><img decoding=\"async\" class=\"swiper-slide-image\" src=\"https:\/\/www.iberbibliotecas.org\/wp-content\/uploads\/2025\/07\/Nuevo-programa_2.png\" alt=\"Nuevo programa_2\" \/><\/figure><\/div>\t\t\t<\/div>\n\t\t\t\t\t\t\t\t\t\t\t\t<div class=\"swiper-pagination\"><\/div>\n\t\t\t\t\t\t\t\t\t\t\t\t\t<div class=\"elementor-swiper-button elementor-swiper-button-prev\">\n\t\t\t\t\t\t<i aria-hidden=\"true\" class=\"eicon-chevron-left\"><\/i>\t\t\t\t\t\t<span class=\"elementor-screen-only\">Anterior<\/span>\n\t\t\t\t\t<\/div>\n\t\t\t\t\t<div class=\"elementor-swiper-button elementor-swiper-button-next\">\n\t\t\t\t\t\t<i aria-hidden=\"true\" class=\"eicon-chevron-right\"><\/i>\t\t\t\t\t\t<span class=\"elementor-screen-only\">Pr\u00f3ximo<\/span>\n\t\t\t\t\t<\/div>\n\t\t\t\t\t\t\t\t\t<\/div>\n\t\t\t\t<\/div>\n\t\t\t\t<\/div>\n\t\t\t\t\t\t<\/div>\n\t\t\t\t\t<\/div>\n\t\t<\/div>\n\t\t\t\t<div class=\"elementor-column elementor-col-50 elementor-inner-column elementor-element elementor-element-a3e371f\" data-id=\"a3e371f\" data-element_type=\"column\">\n\t\t\t<div class=\"elementor-column-wrap elementor-element-populated\">\n\t\t\t\t\t\t\t<div class=\"elementor-widget-wrap\">\n\t\t\t\t\t\t<div class=\"elementor-element elementor-element-85d8533 elementor-widget elementor-widget-text-editor\" data-id=\"85d8533\" data-element_type=\"widget\" data-widget_type=\"text-editor.default\">\n\t\t\t\t<div class=\"elementor-widget-container\">\n\t\t\t\t\t\t\t\t<div class=\"elementor-text-editor elementor-clearfix\">\n\t\t\t\t<p>Nossa presidente, Ana Pe\u00f1a, discursou ao final das diversas alocu\u00e7\u00f5es de boas-vindas do\nprograma, destacando a import\u00e2ncia das bibliotecas como meio de levar todos os tipos de conte\u00fado aos cidad\u00e3os, incluindo o exerc\u00edcio de direitos. Nesse sentido, as bibliotecas p\u00fablicas, e nosso programa em particular, ser\u00e3o um grande aliado, dada a import\u00e2ncia dos espa\u00e7os bibliotec\u00e1rios para a difus\u00e3o e prote\u00e7\u00e3o do conhecimento e da informa\u00e7\u00e3o, dois elementos que possibilitam a forma\u00e7\u00e3o e a reflex\u00e3o cidad\u00e3.<\/p><p>Participaram deste evento os presidentes e secret\u00e1rios t\u00e9cnicos de programas como<br \/>Ibermuseus, Ibercocinas, Ibercultura Viva, Iberarquivos, entre muitos outros. Das muitas interven\u00e7\u00f5es oficiais da Unidade T\u00e9cnica do novo programa, que ficar\u00e1 sediada em Portugal, e de representantes da SEGIB, destaca-se a de Enrique Vargas Flores, coordenador do Espa\u00e7o Cultural Ibero-Americano,  que destacou a import\u00e2ncia da Agenda 2020 e sua divulga\u00e7\u00e3o entre os cidad\u00e3os, a fim de fomentar o trabalho ativo por uma sociedade sustent\u00e1vel.<br \/><br \/>Saiba mais sobre o Programa de Cidadania Global para o Desenvolvimento Sustent\u00e1vel (CGpDS)\naqui: <span style=\"color: #0000ff;\"><a style=\"color: #0000ff;\" href=\"https:\/\/www.segib.org\/programa\/programa-iberoamericano-de-ciudadania-global-para-el-desarrollo-sostenible-cgpds\/\">https:\/\/www.segib.org\/programa\/programa-iberoamericano-de-ciudadania-global-para-el-desarrollo-sostenible-cgpds\/<\/a><\/span><\/p>\t\t\t\t\t<\/div>\n\t\t\t\t\t\t<\/div>\n\t\t\t\t<\/div>\n\t\t\t\t\t\t<\/div>\n\t\t\t\t\t<\/div>\n\t\t<\/div>\n\t\t\t\t\t\t\t\t<\/div>\n\t\t\t\t\t<\/div>\n\t\t<\/section>\n\t\t\t\t\t\t<\/div>\n\t\t\t\t\t<\/div>\n\t\t<\/div>\n\t\t\t\t\t\t\t\t<\/div>\n\t\t\t\t\t<\/div>\n\t\t<\/section>\n\t\t\t\t\t\t\t\t\t<\/div>\n\t\t\t<\/div>\n\t\t\t\t\t<\/div>","protected":false},"excerpt":{"rendered":"<p>Iberbibliotecas y el nuevo programa de cooperaci\u00f3n El pasado jueves 26 de julio se realiz\u00f3 la presentaci\u00f3n del Programa de Ciudadan\u00eda Global para el Desarrollo Sostenible (CGpDS), que se suma &hellip; <\/p>\n<p class=\"link-more\"><a href=\"https:\/\/www.iberbibliotecas.org\/por\/iberbibliotecas-y-el-nuevo-programa-de-cooperacion\/\" class=\"more-link\">Continue lendo<span class=\"screen-reader-text\"> &#8220;Iberbibliotecas y el nuevo programa de cooperaci\u00f3n&#8221;<\/span><\/a><\/p>","protected":false},"author":1,"featured_media":21389,"comment_status":"closed","ping_status":"open","sticky":false,"template":"elementor_header_footer","format":"standard","meta":{"_EventAllDay":false,"_EventTimezone":"","_EventStartDate":"","_EventEndDate":"","_EventStartDateUTC":"","_EventEndDateUTC":"","_EventShowMap":false,"_EventShowMapLink":false,"_EventURL":"","_EventCost":"","_EventCostDescription":"","_EventCurrencySymbol":"","_EventCurrencyCode":"","_EventCurrencyPosition":"","_EventDateTimeSeparator":"","_EventTimeRangeSeparator":"","_EventOrganizerID":[],"_EventVenueID":0,"_OrganizerEmail":"","_OrganizerPhone":"","_OrganizerWebsite":"","_VenueAddress":"","_VenueCity":"","_VenueCountry":"","_VenueProvince":"","_VenueZip":"","_VenuePhone":"","_VenueURL":"","_VenueStateProvince":"","_VenueLat":"","_VenueLng":""},"categories":[34],"tags":[],"yoast_head":"<!-- This site is optimized with the Yoast SEO plugin v20.11 - https:\/\/yoast.com\/wordpress\/plugins\/seo\/ -->\n<title>Iberbibliotecas y el nuevo programa de cooperaci\u00f3n - Iberbibliotecas<\/title>\n<meta name=\"robots\" content=\"index, follow, max-snippet:-1, max-image-preview:large, max-video-preview:-1\" \/>\n<link rel=\"canonical\" href=\"https:\/\/www.iberbibliotecas.org\/por\/iberbibliotecas-y-el-nuevo-programa-de-cooperacion\/\" \/>\n<meta property=\"og:locale\" content=\"pt_BR\" \/>\n<meta property=\"og:type\" content=\"article\" \/>\n<meta property=\"og:title\" content=\"Iberbibliotecas y el nuevo programa de cooperaci\u00f3n - Iberbibliotecas\" \/>\n<meta property=\"og:description\" content=\"Iberbibliotecas y el nuevo programa de cooperaci\u00f3n El pasado jueves 26 de julio se realiz\u00f3 la presentaci\u00f3n del Programa de Ciudadan\u00eda Global para el Desarrollo Sostenible (CGpDS), que se suma &hellip; Continue lendo &quot;Iberbibliotecas y el nuevo programa de cooperaci\u00f3n&quot;\" \/>\n<meta property=\"og:url\" content=\"https:\/\/www.iberbibliotecas.org\/por\/iberbibliotecas-y-el-nuevo-programa-de-cooperacion\/\" \/>\n<meta property=\"og:site_name\" content=\"Iberbibliotecas\" \/>\n<meta property=\"article:published_time\" content=\"2025-07-01T20:51:23+00:00\" \/>\n<meta property=\"article:modified_time\" content=\"2025-07-01T21:30:02+00:00\" \/>\n<meta property=\"og:image\" content=\"https:\/\/www.iberbibliotecas.org\/wp-content\/uploads\/2025\/06\/Imagen-6.jpg\" \/>\n\t<meta property=\"og:image:width\" content=\"2000\" \/>\n\t<meta property=\"og:image:height\" content=\"1006\" \/>\n\t<meta property=\"og:image:type\" content=\"image\/jpeg\" \/>\n<meta name=\"author\" content=\"admin\" \/>\n<meta name=\"twitter:card\" content=\"summary_large_image\" \/>\n<meta name=\"twitter:label1\" content=\"Escrito por\" \/>\n\t<meta name=\"twitter:data1\" content=\"admin\" \/>\n\t<meta name=\"twitter:label2\" content=\"Est. tempo de leitura\" \/>\n\t<meta name=\"twitter:data2\" content=\"4 minutos\" \/>\n<script type=\"application\/ld+json\" class=\"yoast-schema-graph\">{\"@context\":\"https:\/\/schema.org\",\"@graph\":[{\"@type\":\"Article\",\"@id\":\"https:\/\/www.iberbibliotecas.org\/iberbibliotecas-y-el-nuevo-programa-de-cooperacion\/#article\",\"isPartOf\":{\"@id\":\"https:\/\/www.iberbibliotecas.org\/iberbibliotecas-y-el-nuevo-programa-de-cooperacion\/\"},\"author\":{\"name\":\"admin\",\"@id\":\"https:\/\/www.iberbibliotecas.org\/#\/schema\/person\/486ac82ad50c6a0a37e3b388a7f40012\"},\"headline\":\"Iberbibliotecas y el nuevo programa de cooperaci\u00f3n\",\"datePublished\":\"2025-07-01T20:51:23+00:00\",\"dateModified\":\"2025-07-01T21:30:02+00:00\",\"mainEntityOfPage\":{\"@id\":\"https:\/\/www.iberbibliotecas.org\/iberbibliotecas-y-el-nuevo-programa-de-cooperacion\/\"},\"wordCount\":382,\"publisher\":{\"@id\":\"https:\/\/www.iberbibliotecas.org\/#organization\"},\"articleSection\":[\"Comunicado\"],\"inLanguage\":\"pt-BR\"},{\"@type\":\"WebPage\",\"@id\":\"https:\/\/www.iberbibliotecas.org\/iberbibliotecas-y-el-nuevo-programa-de-cooperacion\/\",\"url\":\"https:\/\/www.iberbibliotecas.org\/iberbibliotecas-y-el-nuevo-programa-de-cooperacion\/\",\"name\":\"Iberbibliotecas y el nuevo programa de cooperaci\u00f3n - Iberbibliotecas\",\"isPartOf\":{\"@id\":\"https:\/\/www.iberbibliotecas.org\/#website\"},\"datePublished\":\"2025-07-01T20:51:23+00:00\",\"dateModified\":\"2025-07-01T21:30:02+00:00\",\"breadcrumb\":{\"@id\":\"https:\/\/www.iberbibliotecas.org\/iberbibliotecas-y-el-nuevo-programa-de-cooperacion\/#breadcrumb\"},\"inLanguage\":\"pt-BR\",\"potentialAction\":[{\"@type\":\"ReadAction\",\"target\":[\"https:\/\/www.iberbibliotecas.org\/iberbibliotecas-y-el-nuevo-programa-de-cooperacion\/\"]}]},{\"@type\":\"BreadcrumbList\",\"@id\":\"https:\/\/www.iberbibliotecas.org\/iberbibliotecas-y-el-nuevo-programa-de-cooperacion\/#breadcrumb\",\"itemListElement\":[{\"@type\":\"ListItem\",\"position\":1,\"name\":\"Inicio\",\"item\":\"https:\/\/www.iberbibliotecas.org\/\"},{\"@type\":\"ListItem\",\"position\":2,\"name\":\"Iberbibliotecas y el nuevo programa de cooperaci\u00f3n\"}]},{\"@type\":\"WebSite\",\"@id\":\"https:\/\/www.iberbibliotecas.org\/#website\",\"url\":\"https:\/\/www.iberbibliotecas.org\/\",\"name\":\"Iberbibliotecas\",\"description\":\"\",\"publisher\":{\"@id\":\"https:\/\/www.iberbibliotecas.org\/#organization\"},\"potentialAction\":[{\"@type\":\"SearchAction\",\"target\":{\"@type\":\"EntryPoint\",\"urlTemplate\":\"https:\/\/www.iberbibliotecas.org\/?s={search_term_string}\"},\"query-input\":\"required name=search_term_string\"}],\"inLanguage\":\"pt-BR\"},{\"@type\":\"Organization\",\"@id\":\"https:\/\/www.iberbibliotecas.org\/#organization\",\"name\":\"Iberbibliotecas\",\"url\":\"https:\/\/www.iberbibliotecas.org\/\",\"logo\":{\"@type\":\"ImageObject\",\"inLanguage\":\"pt-BR\",\"@id\":\"https:\/\/www.iberbibliotecas.org\/#\/schema\/logo\/image\/\",\"url\":\"https:\/\/www.iberbibliotecas.org\/wp-content\/uploads\/2021\/03\/logo_c_ib.png\",\"contentUrl\":\"https:\/\/www.iberbibliotecas.org\/wp-content\/uploads\/2021\/03\/logo_c_ib.png\",\"width\":289,\"height\":180,\"caption\":\"Iberbibliotecas\"},\"image\":{\"@id\":\"https:\/\/www.iberbibliotecas.org\/#\/schema\/logo\/image\/\"}},{\"@type\":\"Person\",\"@id\":\"https:\/\/www.iberbibliotecas.org\/#\/schema\/person\/486ac82ad50c6a0a37e3b388a7f40012\",\"name\":\"admin\",\"image\":{\"@type\":\"ImageObject\",\"inLanguage\":\"pt-BR\",\"@id\":\"https:\/\/www.iberbibliotecas.org\/#\/schema\/person\/image\/\",\"url\":\"https:\/\/secure.gravatar.com\/avatar\/bd32ff3442cc72b6eeb88993179a289a?s=96&d=mm&r=g\",\"contentUrl\":\"https:\/\/secure.gravatar.com\/avatar\/bd32ff3442cc72b6eeb88993179a289a?s=96&d=mm&r=g\",\"caption\":\"admin\"},\"sameAs\":[\"http:\/\/34.125.232.78\"],\"url\":\"https:\/\/www.iberbibliotecas.org\/por\/author\/admin\/\"}]}<\/script>\n<!-- \/ Yoast SEO plugin. -->","yoast_head_json":{"title":"Iberbibliotecas y el nuevo programa de cooperaci\u00f3n - Iberbibliotecas","robots":{"index":"index","follow":"follow","max-snippet":"max-snippet:-1","max-image-preview":"max-image-preview:large","max-video-preview":"max-video-preview:-1"},"canonical":"https:\/\/www.iberbibliotecas.org\/por\/iberbibliotecas-y-el-nuevo-programa-de-cooperacion\/","og_locale":"pt_BR","og_type":"article","og_title":"Iberbibliotecas y el nuevo programa de cooperaci\u00f3n - Iberbibliotecas","og_description":"Iberbibliotecas y el nuevo programa de cooperaci\u00f3n El pasado jueves 26 de julio se realiz\u00f3 la presentaci\u00f3n del Programa de Ciudadan\u00eda Global para el Desarrollo Sostenible (CGpDS), que se suma &hellip; Continue lendo \"Iberbibliotecas y el nuevo programa de cooperaci\u00f3n\"","og_url":"https:\/\/www.iberbibliotecas.org\/por\/iberbibliotecas-y-el-nuevo-programa-de-cooperacion\/","og_site_name":"Iberbibliotecas","article_published_time":"2025-07-01T20:51:23+00:00","article_modified_time":"2025-07-01T21:30:02+00:00","og_image":[{"width":2000,"height":1006,"url":"https:\/\/www.iberbibliotecas.org\/wp-content\/uploads\/2025\/06\/Imagen-6.jpg","type":"image\/jpeg"}],"author":"admin","twitter_card":"summary_large_image","twitter_misc":{"Escrito por":"admin","Est. tempo de leitura":"4 minutos"},"schema":{"@context":"https:\/\/schema.org","@graph":[{"@type":"Article","@id":"https:\/\/www.iberbibliotecas.org\/iberbibliotecas-y-el-nuevo-programa-de-cooperacion\/#article","isPartOf":{"@id":"https:\/\/www.iberbibliotecas.org\/iberbibliotecas-y-el-nuevo-programa-de-cooperacion\/"},"author":{"name":"admin","@id":"https:\/\/www.iberbibliotecas.org\/#\/schema\/person\/486ac82ad50c6a0a37e3b388a7f40012"},"headline":"Iberbibliotecas y el nuevo programa de cooperaci\u00f3n","datePublished":"2025-07-01T20:51:23+00:00","dateModified":"2025-07-01T21:30:02+00:00","mainEntityOfPage":{"@id":"https:\/\/www.iberbibliotecas.org\/iberbibliotecas-y-el-nuevo-programa-de-cooperacion\/"},"wordCount":382,"publisher":{"@id":"https:\/\/www.iberbibliotecas.org\/#organization"},"articleSection":["Comunicado"],"inLanguage":"pt-BR"},{"@type":"WebPage","@id":"https:\/\/www.iberbibliotecas.org\/iberbibliotecas-y-el-nuevo-programa-de-cooperacion\/","url":"https:\/\/www.iberbibliotecas.org\/iberbibliotecas-y-el-nuevo-programa-de-cooperacion\/","name":"Iberbibliotecas y el nuevo programa de cooperaci\u00f3n - Iberbibliotecas","isPartOf":{"@id":"https:\/\/www.iberbibliotecas.org\/#website"},"datePublished":"2025-07-01T20:51:23+00:00","dateModified":"2025-07-01T21:30:02+00:00","breadcrumb":{"@id":"https:\/\/www.iberbibliotecas.org\/iberbibliotecas-y-el-nuevo-programa-de-cooperacion\/#breadcrumb"},"inLanguage":"pt-BR","potentialAction":[{"@type":"ReadAction","target":["https:\/\/www.iberbibliotecas.org\/iberbibliotecas-y-el-nuevo-programa-de-cooperacion\/"]}]},{"@type":"BreadcrumbList","@id":"https:\/\/www.iberbibliotecas.org\/iberbibliotecas-y-el-nuevo-programa-de-cooperacion\/#breadcrumb","itemListElement":[{"@type":"ListItem","position":1,"name":"Inicio","item":"https:\/\/www.iberbibliotecas.org\/"},{"@type":"ListItem","position":2,"name":"Iberbibliotecas y el nuevo programa de cooperaci\u00f3n"}]},{"@type":"WebSite","@id":"https:\/\/www.iberbibliotecas.org\/#website","url":"https:\/\/www.iberbibliotecas.org\/","name":"Iberbibliotecas","description":"","publisher":{"@id":"https:\/\/www.iberbibliotecas.org\/#organization"},"potentialAction":[{"@type":"SearchAction","target":{"@type":"EntryPoint","urlTemplate":"https:\/\/www.iberbibliotecas.org\/?s={search_term_string}"},"query-input":"required name=search_term_string"}],"inLanguage":"pt-BR"},{"@type":"Organization","@id":"https:\/\/www.iberbibliotecas.org\/#organization","name":"Iberbibliotecas","url":"https:\/\/www.iberbibliotecas.org\/","logo":{"@type":"ImageObject","inLanguage":"pt-BR","@id":"https:\/\/www.iberbibliotecas.org\/#\/schema\/logo\/image\/","url":"https:\/\/www.iberbibliotecas.org\/wp-content\/uploads\/2021\/03\/logo_c_ib.png","contentUrl":"https:\/\/www.iberbibliotecas.org\/wp-content\/uploads\/2021\/03\/logo_c_ib.png","width":289,"height":180,"caption":"Iberbibliotecas"},"image":{"@id":"https:\/\/www.iberbibliotecas.org\/#\/schema\/logo\/image\/"}},{"@type":"Person","@id":"https:\/\/www.iberbibliotecas.org\/#\/schema\/person\/486ac82ad50c6a0a37e3b388a7f40012","name":"admin","image":{"@type":"ImageObject","inLanguage":"pt-BR","@id":"https:\/\/www.iberbibliotecas.org\/#\/schema\/person\/image\/","url":"https:\/\/secure.gravatar.com\/avatar\/bd32ff3442cc72b6eeb88993179a289a?s=96&d=mm&r=g","contentUrl":"https:\/\/secure.gravatar.com\/avatar\/bd32ff3442cc72b6eeb88993179a289a?s=96&d=mm&r=g","caption":"admin"},"sameAs":["http:\/\/34.125.232.78"],"url":"https:\/\/www.iberbibliotecas.org\/por\/author\/admin\/"}]}},"_links":{"self":[{"href":"https:\/\/www.iberbibliotecas.org\/por\/wp-json\/wp\/v2\/posts\/21388"}],"collection":[{"href":"https:\/\/www.iberbibliotecas.org\/por\/wp-json\/wp\/v2\/posts"}],"about":[{"href":"https:\/\/www.iberbibliotecas.org\/por\/wp-json\/wp\/v2\/types\/post"}],"author":[{"embeddable":true,"href":"https:\/\/www.iberbibliotecas.org\/por\/wp-json\/wp\/v2\/users\/1"}],"replies":[{"embeddable":true,"href":"https:\/\/www.iberbibliotecas.org\/por\/wp-json\/wp\/v2\/comments?post=21388"}],"version-history":[{"count":7,"href":"https:\/\/www.iberbibliotecas.org\/por\/wp-json\/wp\/v2\/posts\/21388\/revisions"}],"predecessor-version":[{"id":21403,"href":"https:\/\/www.iberbibliotecas.org\/por\/wp-json\/wp\/v2\/posts\/21388\/revisions\/21403"}],"wp:featuredmedia":[{"embeddable":true,"href":"https:\/\/www.iberbibliotecas.org\/por\/wp-json\/wp\/v2\/media\/21389"}],"wp:attachment":[{"href":"https:\/\/www.iberbibliotecas.org\/por\/wp-json\/wp\/v2\/media?parent=21388"}],"wp:term":[{"taxonomy":"category","embeddable":true,"href":"https:\/\/www.iberbibliotecas.org\/por\/wp-json\/wp\/v2\/categories?post=21388"},{"taxonomy":"post_tag","embeddable":true,"href":"https:\/\/www.iberbibliotecas.org\/por\/wp-json\/wp\/v2\/tags?post=21388"}],"curies":[{"name":"wp","href":"https:\/\/api.w.org\/{rel}","templated":true}]}}