{"id":22263,"date":"2026-01-30T17:55:53","date_gmt":"2026-01-30T22:55:53","guid":{"rendered":"https:\/\/www.iberbibliotecas.org\/?p=22263"},"modified":"2026-01-30T18:20:49","modified_gmt":"2026-01-30T23:20:49","slug":"10-pasos-para-un-uso-reflexivo-critico-y-etico-de-la-ia","status":"publish","type":"post","link":"https:\/\/www.iberbibliotecas.org\/por\/10-pasos-para-un-uso-reflexivo-critico-y-etico-de-la-ia\/","title":{"rendered":"10 passos para um uso reflexivo, cr\u00edtico e \u00e9tico da IA"},"content":{"rendered":"<div data-elementor-type=\"wp-post\" data-elementor-id=\"22263\" class=\"elementor elementor-22263\">\n\t\t\t\t\t\t<div class=\"elementor-inner\">\n\t\t\t\t<div class=\"elementor-section-wrap\">\n\t\t\t\t\t\t\t\t\t<section class=\"elementor-section elementor-top-section elementor-element elementor-element-2d91a08 elementor-section-boxed elementor-section-height-default elementor-section-height-default\" data-id=\"2d91a08\" data-element_type=\"section\">\n\t\t\t\t\t\t<div class=\"elementor-container elementor-column-gap-default\">\n\t\t\t\t\t\t\t<div class=\"elementor-row\">\n\t\t\t\t\t<div class=\"elementor-column elementor-col-100 elementor-top-column elementor-element elementor-element-5f3dd27\" data-id=\"5f3dd27\" data-element_type=\"column\">\n\t\t\t<div class=\"elementor-column-wrap elementor-element-populated\">\n\t\t\t\t\t\t\t<div class=\"elementor-widget-wrap\">\n\t\t\t\t\t\t<div class=\"elementor-element elementor-element-96eea8c elementor-widget elementor-widget-heading\" data-id=\"96eea8c\" data-element_type=\"widget\" data-widget_type=\"heading.default\">\n\t\t\t\t<div class=\"elementor-widget-container\">\n\t\t\t<h3 class=\"elementor-heading-title elementor-size-default\">10 passos para um uso reflexivo, cr\u00edtico e \u00e9tico da IA<\/h3>\t\t<\/div>\n\t\t\t\t<\/div>\n\t\t\t\t<div class=\"elementor-element elementor-element-b6ece33 elementor-widget elementor-widget-text-editor\" data-id=\"b6ece33\" data-element_type=\"widget\" data-widget_type=\"text-editor.default\">\n\t\t\t\t<div class=\"elementor-widget-container\">\n\t\t\t\t\t\t\t\t<div class=\"elementor-text-editor elementor-clearfix\">\n\t\t\t\t<p style=\"text-align: center;\"><em>Em breve lan\u00e7aremos o Guia Pr\u00e1tico para o uso reflexivo e a an\u00e1lise de ferramentas de Intelig\u00eancia Artificial em bibliotecas. Um de seus autores, Juan Camilo Higuera, compartilha conosco um guia de dez pontos para levarmos em conta.<\/em><\/p>\t\t\t\t\t<\/div>\n\t\t\t\t\t\t<\/div>\n\t\t\t\t<\/div>\n\t\t\t\t\t\t<\/div>\n\t\t\t\t\t<\/div>\n\t\t<\/div>\n\t\t\t\t\t\t\t\t<\/div>\n\t\t\t\t\t<\/div>\n\t\t<\/section>\n\t\t\t\t<section class=\"elementor-section elementor-top-section elementor-element elementor-element-1b4a39a elementor-section-boxed elementor-section-height-default elementor-section-height-default\" data-id=\"1b4a39a\" data-element_type=\"section\">\n\t\t\t\t\t\t<div class=\"elementor-container elementor-column-gap-default\">\n\t\t\t\t\t\t\t<div class=\"elementor-row\">\n\t\t\t\t\t<div class=\"elementor-column elementor-col-100 elementor-top-column elementor-element elementor-element-dd90bae\" data-id=\"dd90bae\" data-element_type=\"column\">\n\t\t\t<div class=\"elementor-column-wrap elementor-element-populated\">\n\t\t\t\t\t\t\t<div class=\"elementor-widget-wrap\">\n\t\t\t\t\t\t<section class=\"elementor-section elementor-inner-section elementor-element elementor-element-4ea09d9 elementor-section-boxed elementor-section-height-default elementor-section-height-default\" data-id=\"4ea09d9\" data-element_type=\"section\">\n\t\t\t\t\t\t<div class=\"elementor-container elementor-column-gap-default\">\n\t\t\t\t\t\t\t<div class=\"elementor-row\">\n\t\t\t\t\t<div class=\"elementor-column elementor-col-50 elementor-inner-column elementor-element elementor-element-f7fcdf2\" data-id=\"f7fcdf2\" data-element_type=\"column\">\n\t\t\t<div class=\"elementor-column-wrap elementor-element-populated\">\n\t\t\t\t\t\t\t<div class=\"elementor-widget-wrap\">\n\t\t\t\t\t\t<div class=\"elementor-element elementor-element-c2f5409 elementor-widget elementor-widget-text-editor\" data-id=\"c2f5409\" data-element_type=\"widget\" data-widget_type=\"text-editor.default\">\n\t\t\t\t<div class=\"elementor-widget-container\">\n\t\t\t\t\t\t\t\t<div class=\"elementor-text-editor elementor-clearfix\">\n\t\t\t\t<p>A expans\u00e3o da intelig\u00eancia artificial (IA) est\u00e1 transformando a forma como produzimos, buscamos, organizamos e compartilhamos informa\u00e7\u00f5es. Para as bibliotecas p\u00fablicas e comunit\u00e1rias da Iberoam\u00e9rica \u2014 espa\u00e7os de livre acesso ao conhecimento, media\u00e7\u00e3o cultural e constru\u00e7\u00e3o do tecido social \u2014 essa transforma\u00e7\u00e3o n\u00e3o \u00e9 apenas t\u00e9cnica: \u00e9 cultural, pol\u00edtica e educacional. A IA pode auxiliar em tarefas como busca sem\u00e2ntica, acessibilidade, organiza\u00e7\u00e3o de acervos, planejamento de espa\u00e7os de media\u00e7\u00e3o e cria\u00e7\u00e3o de conte\u00fado educativo; mas tamb\u00e9m pode amplificar vieses, opacidade, desinforma\u00e7\u00e3o, depend\u00eancia tecnol\u00f3gica e riscos \u00e0 privacidade.<\/p><p>Portanto, a integra\u00e7\u00e3o da IA nas bibliotecas n\u00e3o deve ser motivada pelo entusiasmo pela novidade ou por promessas de automa\u00e7\u00e3o total, mas sim por uma decis\u00e3o contextualizada: alinhada aos direitos, \u00e0 diversidade cultural e lingu\u00edstica, \u00e0 justi\u00e7a social, \u00e0 \u00e9tica do cuidado e \u00e0 centralidade da a\u00e7\u00e3o humana. Por essa raz\u00e3o, esta nota prop\u00f5e um guia de dez pontos para orientar um uso cr\u00edtico, respons\u00e1vel e comunit\u00e1rio da IA, entendida como uma ferramenta complementar ao trabalho bibliotec\u00e1rio e n\u00e3o como um substituto da media\u00e7\u00e3o humana, com conte\u00fado baseado no Guia pr\u00e1tico para o uso e an\u00e1lise reflexiva de ferramentas de Intelig\u00eancia Artificial em bibliotecas p\u00fablicas e comunit\u00e1rias. <em>Gu\u00eda pr\u00e1ctica para el uso reflexivo y el an\u00e1lisis de herramientas de Inteligencia Artificial en bibliotecas p\u00fablicas y comunitarias. <\/em><\/p>\t\t\t\t\t<\/div>\n\t\t\t\t\t\t<\/div>\n\t\t\t\t<\/div>\n\t\t\t\t\t\t<\/div>\n\t\t\t\t\t<\/div>\n\t\t<\/div>\n\t\t\t\t<div class=\"elementor-column elementor-col-50 elementor-inner-column elementor-element elementor-element-3390468\" data-id=\"3390468\" data-element_type=\"column\">\n\t\t\t<div class=\"elementor-column-wrap elementor-element-populated\">\n\t\t\t\t\t\t\t<div class=\"elementor-widget-wrap\">\n\t\t\t\t\t\t<div class=\"elementor-element elementor-element-a68d87f elementor-arrows-position-inside elementor-pagination-position-outside elementor-widget elementor-widget-image-carousel\" data-id=\"a68d87f\" data-element_type=\"widget\" data-settings=\"{&quot;slides_to_show&quot;:&quot;1&quot;,&quot;navigation&quot;:&quot;both&quot;,&quot;autoplay&quot;:&quot;yes&quot;,&quot;pause_on_hover&quot;:&quot;yes&quot;,&quot;pause_on_interaction&quot;:&quot;yes&quot;,&quot;autoplay_speed&quot;:5000,&quot;infinite&quot;:&quot;yes&quot;,&quot;effect&quot;:&quot;slide&quot;,&quot;speed&quot;:500}\" data-widget_type=\"image-carousel.default\">\n\t\t\t\t<div class=\"elementor-widget-container\">\n\t\t\t\t\t<div class=\"elementor-image-carousel-wrapper swiper-container\" dir=\"ltr\">\n\t\t\t<div class=\"elementor-image-carousel swiper-wrapper\">\n\t\t\t\t\t\t\t\t<div class=\"swiper-slide\"><figure class=\"swiper-slide-inner\"><img decoding=\"async\" class=\"swiper-slide-image\" src=\"https:\/\/www.iberbibliotecas.org\/wp-content\/uploads\/2026\/01\/IMG-20250612-WA0049.jpg\" alt=\"IMG-20250612-WA0049\" \/><\/figure><\/div><div class=\"swiper-slide\"><figure class=\"swiper-slide-inner\"><img decoding=\"async\" class=\"swiper-slide-image\" src=\"https:\/\/www.iberbibliotecas.org\/wp-content\/uploads\/2026\/01\/BPM-ANIVAL-RAMIREZ-PAUTT2-1.jpg\" alt=\"BPM ANIVAL RAM\u00cdREZ PAUTT(2) (1)\" \/><\/figure><\/div>\t\t\t<\/div>\n\t\t\t\t\t\t\t\t\t\t\t\t<div class=\"swiper-pagination\"><\/div>\n\t\t\t\t\t\t\t\t\t\t\t\t\t<div class=\"elementor-swiper-button elementor-swiper-button-prev\">\n\t\t\t\t\t\t<i aria-hidden=\"true\" class=\"eicon-chevron-left\"><\/i>\t\t\t\t\t\t<span class=\"elementor-screen-only\">Anterior<\/span>\n\t\t\t\t\t<\/div>\n\t\t\t\t\t<div class=\"elementor-swiper-button elementor-swiper-button-next\">\n\t\t\t\t\t\t<i aria-hidden=\"true\" class=\"eicon-chevron-right\"><\/i>\t\t\t\t\t\t<span class=\"elementor-screen-only\">Pr\u00f3ximo<\/span>\n\t\t\t\t\t<\/div>\n\t\t\t\t\t\t\t\t\t<\/div>\n\t\t\t\t<\/div>\n\t\t\t\t<\/div>\n\t\t\t\t\t\t<\/div>\n\t\t\t\t\t<\/div>\n\t\t<\/div>\n\t\t\t\t\t\t\t\t<\/div>\n\t\t\t\t\t<\/div>\n\t\t<\/section>\n\t\t\t\t<div class=\"elementor-element elementor-element-93cc7ff elementor-widget elementor-widget-lae-message-box\" data-id=\"93cc7ff\" data-element_type=\"widget\" data-widget_type=\"lae-message-box.default\">\n\t\t\t\t<div class=\"elementor-widget-container\">\n\t\t\t\n<div class=\"lae-message-box\">\n    <span class=\"lae-message-icon\">\n            <\/span>\n    <div class=\"lae-message-wrap\">\n\n        <h4 class=\"lae-message-title\">1.\tProp\u00f3sito p\u00fablico antes que ferramenta:<\/h4>\n\n        <p class=\"lae-message-text\">Definir para que a IA ser\u00e1 usada e como ela fortalecer\u00e1 a miss\u00e3o educacional, cultural e comunit\u00e1ria da biblioteca, evitando implementar a tecnologia \"porque \u00e9 necess\u00e1rio\" ou devido \u00e0 press\u00e3o da moda.<\/p>\n\n    <\/div>\n    <span class=\"lae-close-icon\">\n        \n        <i aria-hidden=\"true\" class=\"fas fa-times\"><\/i>    <\/span>\n<\/div>\n\n\n\t\t<\/div>\n\t\t\t\t<\/div>\n\t\t\t\t<div class=\"elementor-element elementor-element-9fc0e09 elementor-widget elementor-widget-lae-message-box\" data-id=\"9fc0e09\" data-element_type=\"widget\" data-widget_type=\"lae-message-box.default\">\n\t\t\t\t<div class=\"elementor-widget-container\">\n\t\t\t\n<div class=\"lae-message-box\">\n    <span class=\"lae-message-icon\">\n            <\/span>\n    <div class=\"lae-message-wrap\">\n\n        <h4 class=\"lae-message-title\">2.\tAg\u00eancia e supervis\u00e3o humana sempre:<\/h4>\n\n        <p class=\"lae-message-text\">Garantir que toda a automa\u00e7\u00e3o seja orientada por crit\u00e9rios profissionais e da comunidade; a IA pode auxiliar em tarefas, mas n\u00e3o substitui o julgamento do bibliotec\u00e1rio nem a responsabilidade institucional.<\/p>\n\n    <\/div>\n    <span class=\"lae-close-icon\">\n        \n        <i aria-hidden=\"true\" class=\"fas fa-times\"><\/i>    <\/span>\n<\/div>\n\n\n\t\t<\/div>\n\t\t\t\t<\/div>\n\t\t\t\t<div class=\"elementor-element elementor-element-3a80396 elementor-widget elementor-widget-lae-message-box\" data-id=\"3a80396\" data-element_type=\"widget\" data-widget_type=\"lae-message-box.default\">\n\t\t\t\t<div class=\"elementor-widget-container\">\n\t\t\t\n<div class=\"lae-message-box\">\n    <span class=\"lae-message-icon\">\n            <\/span>\n    <div class=\"lae-message-wrap\">\n\n        <h4 class=\"lae-message-title\">3.\tVerifica\u00e7\u00e3o e rigor das informa\u00e7\u00f5es:<\/h4>\n\n        <p class=\"lae-message-text\">Tratar as respostas da IA como um ponto de partida, n\u00e3o como verdade absoluta; comparar fontes, analisar evid\u00eancias, promover a alfabetiza\u00e7\u00e3o informacional e impedir que a IA enfraque\u00e7a os crit\u00e9rios de verdade.<\/p>\n\n    <\/div>\n    <span class=\"lae-close-icon\">\n        \n        <i aria-hidden=\"true\" class=\"fas fa-times\"><\/i>    <\/span>\n<\/div>\n\n\n\t\t<\/div>\n\t\t\t\t<\/div>\n\t\t\t\t<div class=\"elementor-element elementor-element-b0cebe1 elementor-widget elementor-widget-lae-message-box\" data-id=\"b0cebe1\" data-element_type=\"widget\" data-widget_type=\"lae-message-box.default\">\n\t\t\t\t<div class=\"elementor-widget-container\">\n\t\t\t\n<div class=\"lae-message-box\">\n    <span class=\"lae-message-icon\">\n            <\/span>\n    <div class=\"lae-message-wrap\">\n\n        <h4 class=\"lae-message-title\">4.\tPrivacidade, consentimento e minimiza\u00e7\u00e3o de dados:<\/h4>\n\n        <p class=\"lae-message-text\">Proteger dados pessoais e sens\u00edveis (especialmente em chatbots, an\u00e1lise de voz e de uso); usar apenas o necess\u00e1rio, com consentimento informado, transpar\u00eancia e limites claros de finalidade.<\/p>\n\n    <\/div>\n    <span class=\"lae-close-icon\">\n        \n        <i aria-hidden=\"true\" class=\"fas fa-times\"><\/i>    <\/span>\n<\/div>\n\n\n\t\t<\/div>\n\t\t\t\t<\/div>\n\t\t\t\t<div class=\"elementor-element elementor-element-a4d078a elementor-widget elementor-widget-lae-message-box\" data-id=\"a4d078a\" data-element_type=\"widget\" data-widget_type=\"lae-message-box.default\">\n\t\t\t\t<div class=\"elementor-widget-container\">\n\t\t\t\n<div class=\"lae-message-box\">\n    <span class=\"lae-message-icon\">\n            <\/span>\n    <div class=\"lae-message-wrap\">\n\n        <h4 class=\"lae-message-title\">5.\tVieses e interseccionalidade como crit\u00e9rio de qualidade:<\/h4>\n\n        <p class=\"lae-message-text\">Identificar, discutir e mitigar preconceitos de g\u00eanero, ra\u00e7a, classe, territ\u00f3rio, idioma e defici\u00eancia; avaliar impactos diferenciados e evitar que recomenda\u00e7\u00f5es, resumos ou categorias reproduzam exclus\u00f5es.<\/p>\n\n    <\/div>\n    <span class=\"lae-close-icon\">\n        \n        <i aria-hidden=\"true\" class=\"fas fa-times\"><\/i>    <\/span>\n<\/div>\n\n\n\t\t<\/div>\n\t\t\t\t<\/div>\n\t\t\t\t<div class=\"elementor-element elementor-element-e457514 elementor-widget elementor-widget-lae-message-box\" data-id=\"e457514\" data-element_type=\"widget\" data-widget_type=\"lae-message-box.default\">\n\t\t\t\t<div class=\"elementor-widget-container\">\n\t\t\t\n<div class=\"lae-message-box\">\n    <span class=\"lae-message-icon\">\n            <\/span>\n    <div class=\"lae-message-wrap\">\n\n        <h4 class=\"lae-message-title\">6.\tTranspar\u00eancia e responsabilidade:<\/h4>\n\n        <p class=\"lae-message-text\">Exigir clareza sobre o funcionamento da ferramenta (dados, limites, pol\u00edticas, riscos), documentar as decis\u00f5es internas e estabelecer mecanismos para corrigir erros, responder a reclama\u00e7\u00f5es e reparar danos.<\/p>\n\n    <\/div>\n    <span class=\"lae-close-icon\">\n        \n        <i aria-hidden=\"true\" class=\"fas fa-times\"><\/i>    <\/span>\n<\/div>\n\n\n\t\t<\/div>\n\t\t\t\t<\/div>\n\t\t\t\t<div class=\"elementor-element elementor-element-ed5c477 elementor-widget elementor-widget-lae-message-box\" data-id=\"ed5c477\" data-element_type=\"widget\" data-widget_type=\"lae-message-box.default\">\n\t\t\t\t<div class=\"elementor-widget-container\">\n\t\t\t\n<div class=\"lae-message-box\">\n    <span class=\"lae-message-icon\">\n            <\/span>\n    <div class=\"lae-message-wrap\">\n\n        <h4 class=\"lae-message-title\">7.\tAcessibilidade real e design universal:<\/h4>\n\n        <p class=\"lae-message-text\">Usar a IA para ampliar o acesso (convers\u00e3o de texto em fala, legendagem, OCR, formatos alternativos), garantindo que as plataformas e os servi\u00e7os atendam aos padr\u00f5es de acessibilidade e sejam testados com diversos usu\u00e1rios.<\/p>\n\n    <\/div>\n    <span class=\"lae-close-icon\">\n        \n        <i aria-hidden=\"true\" class=\"fas fa-times\"><\/i>    <\/span>\n<\/div>\n\n\n\t\t<\/div>\n\t\t\t\t<\/div>\n\t\t\t\t<div class=\"elementor-element elementor-element-e8c0902 elementor-widget elementor-widget-lae-message-box\" data-id=\"e8c0902\" data-element_type=\"widget\" data-widget_type=\"lae-message-box.default\">\n\t\t\t\t<div class=\"elementor-widget-container\">\n\t\t\t\n<div class=\"lae-message-box\">\n    <span class=\"lae-message-icon\">\n            <\/span>\n    <div class=\"lae-message-wrap\">\n\n        <h4 class=\"lae-message-title\">8.\tCuradoria algor\u00edtmica e media\u00e7\u00e3o cultural:<\/h4>\n\n        <p class=\"lae-message-text\">n\u00e3o delegar a hierarquiza\u00e7\u00e3o do conhecimento \u00e0 IA; selecionar ferramentas e resultados, contextualizar as recomenda\u00e7\u00f5es, proteger a diversidade do conhecimento e visibilizar vozes locais, populares e ancestrais.<\/p>\n\n    <\/div>\n    <span class=\"lae-close-icon\">\n        \n        <i aria-hidden=\"true\" class=\"fas fa-times\"><\/i>    <\/span>\n<\/div>\n\n\n\t\t<\/div>\n\t\t\t\t<\/div>\n\t\t\t\t<div class=\"elementor-element elementor-element-f100445 elementor-widget elementor-widget-lae-message-box\" data-id=\"f100445\" data-element_type=\"widget\" data-widget_type=\"lae-message-box.default\">\n\t\t\t\t<div class=\"elementor-widget-container\">\n\t\t\t\n<div class=\"lae-message-box\">\n    <span class=\"lae-message-icon\">\n            <\/span>\n    <div class=\"lae-message-wrap\">\n\n        <h4 class=\"lae-message-title\">9.\tAutonomia tecnol\u00f3gica e sustentabilidade:<\/h4>\n\n        <p class=\"lae-message-text\">Reduzir a depend\u00eancia desnecess\u00e1ria de plataformas corporativas; priorizar solu\u00e7\u00f5es abertas, multil\u00edngues, adapt\u00e1veis e, sempre que poss\u00edvel, execut\u00e1veis localmente, considerando tamb\u00e9m o impacto ambiental e os custos de manuten\u00e7\u00e3o.<\/p>\n\n    <\/div>\n    <span class=\"lae-close-icon\">\n        \n        <i aria-hidden=\"true\" class=\"fas fa-times\"><\/i>    <\/span>\n<\/div>\n\n\n\t\t<\/div>\n\t\t\t\t<\/div>\n\t\t\t\t<div class=\"elementor-element elementor-element-2b29a51 elementor-widget elementor-widget-lae-message-box\" data-id=\"2b29a51\" data-element_type=\"widget\" data-widget_type=\"lae-message-box.default\">\n\t\t\t\t<div class=\"elementor-widget-container\">\n\t\t\t\n<div class=\"lae-message-box\">\n    <span class=\"lae-message-icon\">\n            <\/span>\n    <div class=\"lae-message-wrap\">\n\n        <h4 class=\"lae-message-title\">10.\tParticipa\u00e7\u00e3o comunit\u00e1ria e fortalecimento das conex\u00f5es humanas:<\/h4>\n\n        <p class=\"lae-message-text\">Integrar a comunidade na concep\u00e7\u00e3o, teste e avalia\u00e7\u00e3o de servi\u00e7os de IA; manter sempre op\u00e7\u00f5es de atendimento humano, promover o bem-estar digital e lembrar que a biblioteca \u00e9 um espa\u00e7o insubstitu\u00edvel para encontros, escuta e vida comunit\u00e1ria.<\/p>\n\n    <\/div>\n    <span class=\"lae-close-icon\">\n        \n        <i aria-hidden=\"true\" class=\"fas fa-times\"><\/i>    <\/span>\n<\/div>\n\n\n\t\t<\/div>\n\t\t\t\t<\/div>\n\t\t\t\t<div class=\"elementor-element elementor-element-8ec06ac elementor-widget elementor-widget-text-editor\" data-id=\"8ec06ac\" data-element_type=\"widget\" data-widget_type=\"text-editor.default\">\n\t\t\t\t<div class=\"elementor-widget-container\">\n\t\t\t\t\t\t\t\t<div class=\"elementor-text-editor elementor-clearfix\">\n\t\t\t\t<p>A <em>Guia pr\u00e1tico para o uso reflexivo e a an\u00e1lise de ferramentas de Intelig\u00eancia Artificial em bibliotecas p\u00fablicas e comunit\u00e1rias <\/em>estar\u00e1 dispon\u00edvel para download e leitura em espanhol nos primeiros dias de fevereiro de 2026.<\/p>\t\t\t\t\t<\/div>\n\t\t\t\t\t\t<\/div>\n\t\t\t\t<\/div>\n\t\t\t\t\t\t<\/div>\n\t\t\t\t\t<\/div>\n\t\t<\/div>\n\t\t\t\t\t\t\t\t<\/div>\n\t\t\t\t\t<\/div>\n\t\t<\/section>\n\t\t\t\t\t\t\t\t\t<\/div>\n\t\t\t<\/div>\n\t\t\t\t\t<\/div>","protected":false},"excerpt":{"rendered":"<p>10 pasos para un uso reflexivo, cr\u00edtico y \u00e9tico de la IA Pr\u00f3ximamente lanzaremos la Gu\u00eda pr\u00e1ctica para el uso reflexivo y el an\u00e1lisis de herramientas de Inteligencia Artificial en &hellip; <\/p>\n<p class=\"link-more\"><a href=\"https:\/\/www.iberbibliotecas.org\/por\/10-pasos-para-un-uso-reflexivo-critico-y-etico-de-la-ia\/\" class=\"more-link\">Continue lendo<span class=\"screen-reader-text\"> &#8220;10 pasos para un uso reflexivo, cr\u00edtico y \u00e9tico de la IA&#8221;<\/span><\/a><\/p>","protected":false},"author":1,"featured_media":22265,"comment_status":"closed","ping_status":"open","sticky":false,"template":"elementor_header_footer","format":"standard","meta":{"_EventAllDay":false,"_EventTimezone":"","_EventStartDate":"","_EventEndDate":"","_EventStartDateUTC":"","_EventEndDateUTC":"","_EventShowMap":false,"_EventShowMapLink":false,"_EventURL":"","_EventCost":"","_EventCostDescription":"","_EventCurrencySymbol":"","_EventCurrencyCode":"","_EventCurrencyPosition":"","_EventDateTimeSeparator":"","_EventTimeRangeSeparator":"","_EventOrganizerID":[],"_EventVenueID":0,"_OrganizerEmail":"","_OrganizerPhone":"","_OrganizerWebsite":"","_VenueAddress":"","_VenueCity":"","_VenueCountry":"","_VenueProvince":"","_VenueZip":"","_VenuePhone":"","_VenueURL":"","_VenueStateProvince":"","_VenueLat":"","_VenueLng":""},"categories":[34],"tags":[],"yoast_head":"<!-- This site is optimized with the Yoast SEO plugin v20.11 - https:\/\/yoast.com\/wordpress\/plugins\/seo\/ -->\n<title>10 pasos para un uso reflexivo, cr\u00edtico y \u00e9tico de la IA - Iberbibliotecas<\/title>\n<meta name=\"robots\" content=\"index, follow, max-snippet:-1, max-image-preview:large, max-video-preview:-1\" \/>\n<link rel=\"canonical\" href=\"https:\/\/www.iberbibliotecas.org\/por\/10-pasos-para-un-uso-reflexivo-critico-y-etico-de-la-ia\/\" \/>\n<meta property=\"og:locale\" content=\"pt_BR\" \/>\n<meta property=\"og:type\" content=\"article\" \/>\n<meta property=\"og:title\" content=\"10 pasos para un uso reflexivo, cr\u00edtico y \u00e9tico de la IA - Iberbibliotecas\" \/>\n<meta property=\"og:description\" content=\"10 pasos para un uso reflexivo, cr\u00edtico y \u00e9tico de la IA Pr\u00f3ximamente lanzaremos la Gu\u00eda pr\u00e1ctica para el uso reflexivo y el an\u00e1lisis de herramientas de Inteligencia Artificial en &hellip; Continue lendo &quot;10 pasos para un uso reflexivo, cr\u00edtico y \u00e9tico de la IA&quot;\" \/>\n<meta property=\"og:url\" content=\"https:\/\/www.iberbibliotecas.org\/por\/10-pasos-para-un-uso-reflexivo-critico-y-etico-de-la-ia\/\" \/>\n<meta property=\"og:site_name\" content=\"Iberbibliotecas\" \/>\n<meta property=\"article:published_time\" content=\"2026-01-30T22:55:53+00:00\" \/>\n<meta property=\"article:modified_time\" content=\"2026-01-30T23:20:49+00:00\" \/>\n<meta property=\"og:image\" content=\"https:\/\/www.iberbibliotecas.org\/wp-content\/uploads\/2026\/01\/Decalogo-de-casos-de-usos-de-IA-en-la-gestion-bibliotecaria.jpg\" \/>\n\t<meta property=\"og:image:width\" content=\"1280\" \/>\n\t<meta property=\"og:image:height\" content=\"960\" \/>\n\t<meta property=\"og:image:type\" content=\"image\/jpeg\" \/>\n<meta name=\"author\" content=\"admin\" \/>\n<meta name=\"twitter:card\" content=\"summary_large_image\" \/>\n<meta name=\"twitter:label1\" content=\"Escrito por\" \/>\n\t<meta name=\"twitter:data1\" content=\"admin\" \/>\n\t<meta name=\"twitter:label2\" content=\"Est. tempo de leitura\" \/>\n\t<meta name=\"twitter:data2\" content=\"5 minutos\" \/>\n<script type=\"application\/ld+json\" class=\"yoast-schema-graph\">{\"@context\":\"https:\/\/schema.org\",\"@graph\":[{\"@type\":\"Article\",\"@id\":\"https:\/\/www.iberbibliotecas.org\/por\/10-pasos-para-un-uso-reflexivo-critico-y-etico-de-la-ia\/#article\",\"isPartOf\":{\"@id\":\"https:\/\/www.iberbibliotecas.org\/por\/10-pasos-para-un-uso-reflexivo-critico-y-etico-de-la-ia\/\"},\"author\":{\"name\":\"admin\",\"@id\":\"https:\/\/www.iberbibliotecas.org\/#\/schema\/person\/486ac82ad50c6a0a37e3b388a7f40012\"},\"headline\":\"10 pasos para un uso reflexivo, cr\u00edtico y \u00e9tico de la IA\",\"datePublished\":\"2026-01-30T22:55:53+00:00\",\"dateModified\":\"2026-01-30T23:20:49+00:00\",\"mainEntityOfPage\":{\"@id\":\"https:\/\/www.iberbibliotecas.org\/por\/10-pasos-para-un-uso-reflexivo-critico-y-etico-de-la-ia\/\"},\"wordCount\":705,\"publisher\":{\"@id\":\"https:\/\/www.iberbibliotecas.org\/#organization\"},\"articleSection\":[\"Comunicado\"],\"inLanguage\":\"pt-BR\"},{\"@type\":\"WebPage\",\"@id\":\"https:\/\/www.iberbibliotecas.org\/por\/10-pasos-para-un-uso-reflexivo-critico-y-etico-de-la-ia\/\",\"url\":\"https:\/\/www.iberbibliotecas.org\/por\/10-pasos-para-un-uso-reflexivo-critico-y-etico-de-la-ia\/\",\"name\":\"10 pasos para un uso reflexivo, cr\u00edtico y \u00e9tico de la IA - Iberbibliotecas\",\"isPartOf\":{\"@id\":\"https:\/\/www.iberbibliotecas.org\/#website\"},\"datePublished\":\"2026-01-30T22:55:53+00:00\",\"dateModified\":\"2026-01-30T23:20:49+00:00\",\"breadcrumb\":{\"@id\":\"https:\/\/www.iberbibliotecas.org\/por\/10-pasos-para-un-uso-reflexivo-critico-y-etico-de-la-ia\/#breadcrumb\"},\"inLanguage\":\"pt-BR\",\"potentialAction\":[{\"@type\":\"ReadAction\",\"target\":[\"https:\/\/www.iberbibliotecas.org\/por\/10-pasos-para-un-uso-reflexivo-critico-y-etico-de-la-ia\/\"]}]},{\"@type\":\"BreadcrumbList\",\"@id\":\"https:\/\/www.iberbibliotecas.org\/por\/10-pasos-para-un-uso-reflexivo-critico-y-etico-de-la-ia\/#breadcrumb\",\"itemListElement\":[{\"@type\":\"ListItem\",\"position\":1,\"name\":\"Inicio\",\"item\":\"https:\/\/www.iberbibliotecas.org\/\"},{\"@type\":\"ListItem\",\"position\":2,\"name\":\"10 pasos para un uso reflexivo, cr\u00edtico y \u00e9tico de la IA\"}]},{\"@type\":\"WebSite\",\"@id\":\"https:\/\/www.iberbibliotecas.org\/#website\",\"url\":\"https:\/\/www.iberbibliotecas.org\/\",\"name\":\"Iberbibliotecas\",\"description\":\"\",\"publisher\":{\"@id\":\"https:\/\/www.iberbibliotecas.org\/#organization\"},\"potentialAction\":[{\"@type\":\"SearchAction\",\"target\":{\"@type\":\"EntryPoint\",\"urlTemplate\":\"https:\/\/www.iberbibliotecas.org\/?s={search_term_string}\"},\"query-input\":\"required name=search_term_string\"}],\"inLanguage\":\"pt-BR\"},{\"@type\":\"Organization\",\"@id\":\"https:\/\/www.iberbibliotecas.org\/#organization\",\"name\":\"Iberbibliotecas\",\"url\":\"https:\/\/www.iberbibliotecas.org\/\",\"logo\":{\"@type\":\"ImageObject\",\"inLanguage\":\"pt-BR\",\"@id\":\"https:\/\/www.iberbibliotecas.org\/#\/schema\/logo\/image\/\",\"url\":\"https:\/\/www.iberbibliotecas.org\/wp-content\/uploads\/2021\/03\/logo_c_ib.png\",\"contentUrl\":\"https:\/\/www.iberbibliotecas.org\/wp-content\/uploads\/2021\/03\/logo_c_ib.png\",\"width\":289,\"height\":180,\"caption\":\"Iberbibliotecas\"},\"image\":{\"@id\":\"https:\/\/www.iberbibliotecas.org\/#\/schema\/logo\/image\/\"}},{\"@type\":\"Person\",\"@id\":\"https:\/\/www.iberbibliotecas.org\/#\/schema\/person\/486ac82ad50c6a0a37e3b388a7f40012\",\"name\":\"admin\",\"image\":{\"@type\":\"ImageObject\",\"inLanguage\":\"pt-BR\",\"@id\":\"https:\/\/www.iberbibliotecas.org\/#\/schema\/person\/image\/\",\"url\":\"https:\/\/secure.gravatar.com\/avatar\/bd32ff3442cc72b6eeb88993179a289a?s=96&d=mm&r=g\",\"contentUrl\":\"https:\/\/secure.gravatar.com\/avatar\/bd32ff3442cc72b6eeb88993179a289a?s=96&d=mm&r=g\",\"caption\":\"admin\"},\"sameAs\":[\"http:\/\/34.125.232.78\"],\"url\":\"https:\/\/www.iberbibliotecas.org\/por\/author\/admin\/\"}]}<\/script>\n<!-- \/ Yoast SEO plugin. -->","yoast_head_json":{"title":"10 pasos para un uso reflexivo, cr\u00edtico y \u00e9tico de la IA - Iberbibliotecas","robots":{"index":"index","follow":"follow","max-snippet":"max-snippet:-1","max-image-preview":"max-image-preview:large","max-video-preview":"max-video-preview:-1"},"canonical":"https:\/\/www.iberbibliotecas.org\/por\/10-pasos-para-un-uso-reflexivo-critico-y-etico-de-la-ia\/","og_locale":"pt_BR","og_type":"article","og_title":"10 pasos para un uso reflexivo, cr\u00edtico y \u00e9tico de la IA - Iberbibliotecas","og_description":"10 pasos para un uso reflexivo, cr\u00edtico y \u00e9tico de la IA Pr\u00f3ximamente lanzaremos la Gu\u00eda pr\u00e1ctica para el uso reflexivo y el an\u00e1lisis de herramientas de Inteligencia Artificial en &hellip; Continue lendo \"10 pasos para un uso reflexivo, cr\u00edtico y \u00e9tico de la IA\"","og_url":"https:\/\/www.iberbibliotecas.org\/por\/10-pasos-para-un-uso-reflexivo-critico-y-etico-de-la-ia\/","og_site_name":"Iberbibliotecas","article_published_time":"2026-01-30T22:55:53+00:00","article_modified_time":"2026-01-30T23:20:49+00:00","og_image":[{"width":1280,"height":960,"url":"https:\/\/www.iberbibliotecas.org\/wp-content\/uploads\/2026\/01\/Decalogo-de-casos-de-usos-de-IA-en-la-gestion-bibliotecaria.jpg","type":"image\/jpeg"}],"author":"admin","twitter_card":"summary_large_image","twitter_misc":{"Escrito por":"admin","Est. tempo de leitura":"5 minutos"},"schema":{"@context":"https:\/\/schema.org","@graph":[{"@type":"Article","@id":"https:\/\/www.iberbibliotecas.org\/por\/10-pasos-para-un-uso-reflexivo-critico-y-etico-de-la-ia\/#article","isPartOf":{"@id":"https:\/\/www.iberbibliotecas.org\/por\/10-pasos-para-un-uso-reflexivo-critico-y-etico-de-la-ia\/"},"author":{"name":"admin","@id":"https:\/\/www.iberbibliotecas.org\/#\/schema\/person\/486ac82ad50c6a0a37e3b388a7f40012"},"headline":"10 pasos para un uso reflexivo, cr\u00edtico y \u00e9tico de la IA","datePublished":"2026-01-30T22:55:53+00:00","dateModified":"2026-01-30T23:20:49+00:00","mainEntityOfPage":{"@id":"https:\/\/www.iberbibliotecas.org\/por\/10-pasos-para-un-uso-reflexivo-critico-y-etico-de-la-ia\/"},"wordCount":705,"publisher":{"@id":"https:\/\/www.iberbibliotecas.org\/#organization"},"articleSection":["Comunicado"],"inLanguage":"pt-BR"},{"@type":"WebPage","@id":"https:\/\/www.iberbibliotecas.org\/por\/10-pasos-para-un-uso-reflexivo-critico-y-etico-de-la-ia\/","url":"https:\/\/www.iberbibliotecas.org\/por\/10-pasos-para-un-uso-reflexivo-critico-y-etico-de-la-ia\/","name":"10 pasos para un uso reflexivo, cr\u00edtico y \u00e9tico de la IA - Iberbibliotecas","isPartOf":{"@id":"https:\/\/www.iberbibliotecas.org\/#website"},"datePublished":"2026-01-30T22:55:53+00:00","dateModified":"2026-01-30T23:20:49+00:00","breadcrumb":{"@id":"https:\/\/www.iberbibliotecas.org\/por\/10-pasos-para-un-uso-reflexivo-critico-y-etico-de-la-ia\/#breadcrumb"},"inLanguage":"pt-BR","potentialAction":[{"@type":"ReadAction","target":["https:\/\/www.iberbibliotecas.org\/por\/10-pasos-para-un-uso-reflexivo-critico-y-etico-de-la-ia\/"]}]},{"@type":"BreadcrumbList","@id":"https:\/\/www.iberbibliotecas.org\/por\/10-pasos-para-un-uso-reflexivo-critico-y-etico-de-la-ia\/#breadcrumb","itemListElement":[{"@type":"ListItem","position":1,"name":"Inicio","item":"https:\/\/www.iberbibliotecas.org\/"},{"@type":"ListItem","position":2,"name":"10 pasos para un uso reflexivo, cr\u00edtico y \u00e9tico de la IA"}]},{"@type":"WebSite","@id":"https:\/\/www.iberbibliotecas.org\/#website","url":"https:\/\/www.iberbibliotecas.org\/","name":"Iberbibliotecas","description":"","publisher":{"@id":"https:\/\/www.iberbibliotecas.org\/#organization"},"potentialAction":[{"@type":"SearchAction","target":{"@type":"EntryPoint","urlTemplate":"https:\/\/www.iberbibliotecas.org\/?s={search_term_string}"},"query-input":"required name=search_term_string"}],"inLanguage":"pt-BR"},{"@type":"Organization","@id":"https:\/\/www.iberbibliotecas.org\/#organization","name":"Iberbibliotecas","url":"https:\/\/www.iberbibliotecas.org\/","logo":{"@type":"ImageObject","inLanguage":"pt-BR","@id":"https:\/\/www.iberbibliotecas.org\/#\/schema\/logo\/image\/","url":"https:\/\/www.iberbibliotecas.org\/wp-content\/uploads\/2021\/03\/logo_c_ib.png","contentUrl":"https:\/\/www.iberbibliotecas.org\/wp-content\/uploads\/2021\/03\/logo_c_ib.png","width":289,"height":180,"caption":"Iberbibliotecas"},"image":{"@id":"https:\/\/www.iberbibliotecas.org\/#\/schema\/logo\/image\/"}},{"@type":"Person","@id":"https:\/\/www.iberbibliotecas.org\/#\/schema\/person\/486ac82ad50c6a0a37e3b388a7f40012","name":"admin","image":{"@type":"ImageObject","inLanguage":"pt-BR","@id":"https:\/\/www.iberbibliotecas.org\/#\/schema\/person\/image\/","url":"https:\/\/secure.gravatar.com\/avatar\/bd32ff3442cc72b6eeb88993179a289a?s=96&d=mm&r=g","contentUrl":"https:\/\/secure.gravatar.com\/avatar\/bd32ff3442cc72b6eeb88993179a289a?s=96&d=mm&r=g","caption":"admin"},"sameAs":["http:\/\/34.125.232.78"],"url":"https:\/\/www.iberbibliotecas.org\/por\/author\/admin\/"}]}},"_links":{"self":[{"href":"https:\/\/www.iberbibliotecas.org\/por\/wp-json\/wp\/v2\/posts\/22263"}],"collection":[{"href":"https:\/\/www.iberbibliotecas.org\/por\/wp-json\/wp\/v2\/posts"}],"about":[{"href":"https:\/\/www.iberbibliotecas.org\/por\/wp-json\/wp\/v2\/types\/post"}],"author":[{"embeddable":true,"href":"https:\/\/www.iberbibliotecas.org\/por\/wp-json\/wp\/v2\/users\/1"}],"replies":[{"embeddable":true,"href":"https:\/\/www.iberbibliotecas.org\/por\/wp-json\/wp\/v2\/comments?post=22263"}],"version-history":[{"count":10,"href":"https:\/\/www.iberbibliotecas.org\/por\/wp-json\/wp\/v2\/posts\/22263\/revisions"}],"predecessor-version":[{"id":22277,"href":"https:\/\/www.iberbibliotecas.org\/por\/wp-json\/wp\/v2\/posts\/22263\/revisions\/22277"}],"wp:featuredmedia":[{"embeddable":true,"href":"https:\/\/www.iberbibliotecas.org\/por\/wp-json\/wp\/v2\/media\/22265"}],"wp:attachment":[{"href":"https:\/\/www.iberbibliotecas.org\/por\/wp-json\/wp\/v2\/media?parent=22263"}],"wp:term":[{"taxonomy":"category","embeddable":true,"href":"https:\/\/www.iberbibliotecas.org\/por\/wp-json\/wp\/v2\/categories?post=22263"},{"taxonomy":"post_tag","embeddable":true,"href":"https:\/\/www.iberbibliotecas.org\/por\/wp-json\/wp\/v2\/tags?post=22263"}],"curies":[{"name":"wp","href":"https:\/\/api.w.org\/{rel}","templated":true}]}}