{"id":4071,"date":"2021-01-26T21:16:35","date_gmt":"2021-01-26T21:16:35","guid":{"rendered":"http:\/\/34.125.63.202\/?p=4071"},"modified":"2021-02-23T12:22:03","modified_gmt":"2021-02-23T12:22:03","slug":"estudio-circulacion-de-libros-electronicos-y-contenidos-digitales-en-las-redes-de-bibliotecas-publicas-de-iberoamerica","status":"publish","type":"post","link":"https:\/\/www.iberbibliotecas.org\/por\/estudio-circulacion-de-libros-electronicos-y-contenidos-digitales-en-las-redes-de-bibliotecas-publicas-de-iberoamerica\/","title":{"rendered":"Estudo \"Circula\u00e7\u00e3o de livros electr\u00f3nicos e conte\u00fados digitais nas redes de bibliotecas p\u00fablicas da Ibero-Am\u00e9rica"},"content":{"rendered":"<div data-elementor-type=\"wp-post\" data-elementor-id=\"4071\" class=\"elementor elementor-4071\">\n\t\t\t\t\t\t<div class=\"elementor-inner\">\n\t\t\t\t<div class=\"elementor-section-wrap\">\n\t\t\t\t\t\t\t\t\t<section class=\"elementor-section elementor-top-section elementor-element elementor-element-713a287 elementor-section-boxed elementor-section-height-default elementor-section-height-default\" data-id=\"713a287\" data-element_type=\"section\">\n\t\t\t\t\t\t<div class=\"elementor-container elementor-column-gap-default\">\n\t\t\t\t\t\t\t<div class=\"elementor-row\">\n\t\t\t\t\t<div class=\"elementor-column elementor-col-100 elementor-top-column elementor-element elementor-element-7ae9d1c\" data-id=\"7ae9d1c\" data-element_type=\"column\">\n\t\t\t<div class=\"elementor-column-wrap elementor-element-populated\">\n\t\t\t\t\t\t\t<div class=\"elementor-widget-wrap\">\n\t\t\t\t\t\t<div class=\"elementor-element elementor-element-d7a7115 elementor-widget elementor-widget-heading\" data-id=\"d7a7115\" data-element_type=\"widget\" data-widget_type=\"heading.default\">\n\t\t\t\t<div class=\"elementor-widget-container\">\n\t\t\t<h1 class=\"elementor-heading-title elementor-size-default\">Estudio \u00abCirculaci\u00f3n de libros electr\u00f3nicos y contenidos digitales en las redes de bibliotecas p\u00fablicas de Iberoam\u00e9rica\u00bb<\/h1>\t\t<\/div>\n\t\t\t\t<\/div>\n\t\t\t\t\t\t<\/div>\n\t\t\t\t\t<\/div>\n\t\t<\/div>\n\t\t\t\t\t\t\t\t<\/div>\n\t\t\t\t\t<\/div>\n\t\t<\/section>\n\t\t\t\t<section class=\"elementor-section elementor-top-section elementor-element elementor-element-b56411e elementor-section-boxed elementor-section-height-default elementor-section-height-default\" data-id=\"b56411e\" data-element_type=\"section\">\n\t\t\t\t\t\t<div class=\"elementor-container elementor-column-gap-default\">\n\t\t\t\t\t\t\t<div class=\"elementor-row\">\n\t\t\t\t\t<div class=\"elementor-column elementor-col-33 elementor-top-column elementor-element elementor-element-bb1c7ea elementor-hidden-desktop elementor-hidden-tablet\" data-id=\"bb1c7ea\" data-element_type=\"column\">\n\t\t\t<div class=\"elementor-column-wrap elementor-element-populated\">\n\t\t\t\t\t\t\t<div class=\"elementor-widget-wrap\">\n\t\t\t\t\t\t<div class=\"elementor-element elementor-element-f86c010 elementor-widget elementor-widget-image\" data-id=\"f86c010\" data-element_type=\"widget\" data-widget_type=\"image.default\">\n\t\t\t\t<div class=\"elementor-widget-container\">\n\t\t\t\t\t\t\t\t<div class=\"elementor-image\">\n\t\t\t\t\t\t\t\t\t\t\t\t<img decoding=\"async\" width=\"848\" height=\"527\" src=\"https:\/\/www.iberbibliotecas.org\/wp-content\/uploads\/2021\/01\/0004_comunicado_estudioCirculacion-1.jpg\" class=\"attachment-full size-full\" alt=\"\" loading=\"lazy\" srcset=\"https:\/\/www.iberbibliotecas.org\/wp-content\/uploads\/2021\/01\/0004_comunicado_estudioCirculacion-1.jpg 848w, https:\/\/www.iberbibliotecas.org\/wp-content\/uploads\/2021\/01\/0004_comunicado_estudioCirculacion-1-300x186.jpg 300w, https:\/\/www.iberbibliotecas.org\/wp-content\/uploads\/2021\/01\/0004_comunicado_estudioCirculacion-1-768x477.jpg 768w, https:\/\/www.iberbibliotecas.org\/wp-content\/uploads\/2021\/01\/0004_comunicado_estudioCirculacion-1-16x10.jpg 16w\" sizes=\"100vw\" \/>\t\t\t\t\t\t\t\t\t\t\t\t\t\t<\/div>\n\t\t\t\t\t\t<\/div>\n\t\t\t\t<\/div>\n\t\t\t\t<div class=\"elementor-element elementor-element-1563373 elementor-widget__width-inherit elementor-hidden-desktop elementor-hidden-tablet elementor-widget elementor-widget-heading\" data-id=\"1563373\" data-element_type=\"widget\" data-widget_type=\"heading.default\">\n\t\t\t\t<div class=\"elementor-widget-container\">\n\t\t\t<h2 class=\"elementor-heading-title elementor-size-default\">Estudio \u00abCirculaci\u00f3n de libros electr\u00f3nicos y contenidos digitales en las redes de bibliotecas p\u00fablicas de Iberoam\u00e9rica\u00bb<\/h2>\t\t<\/div>\n\t\t\t\t<\/div>\n\t\t\t\t<div class=\"elementor-element elementor-element-77083b4 elementor-share-buttons--view-icon elementor-share-buttons--skin-framed elementor-share-buttons--color-custom social-banco elementor-widget__width-initial elementor-hidden-desktop elementor-hidden-tablet elementor-share-buttons--shape-square elementor-grid-0 elementor-widget elementor-widget-share-buttons\" data-id=\"77083b4\" data-element_type=\"widget\" data-widget_type=\"share-buttons.default\">\n\t\t\t\t<div class=\"elementor-widget-container\">\n\t\t\t\t\t<div class=\"elementor-grid\">\n\t\t\t\t\t\t\t\t<div class=\"elementor-grid-item\">\n\t\t\t\t\t\t<div class=\"elementor-share-btn elementor-share-btn_linkedin\">\n\t\t\t\t\t\t\t\t\t\t\t\t\t\t\t<span class=\"elementor-share-btn__icon\">\n\t\t\t\t\t\t\t\t<i class=\"fab fa-linkedin\" aria-hidden=\"true\"><\/i>\t\t\t\t\t\t\t\t<span\n\t\t\t\t\t\t\t\t\tclass=\"elementor-screen-only\">Compartilhar no linkedin<\/span>\n\t\t\t\t\t\t\t<\/span>\n\t\t\t\t\t\t\t\t\t\t\t\t\t\t\t\t\t\t\t\t<\/div>\n\t\t\t\t\t<\/div>\n\t\t\t\t\t\t\t\t\t<div class=\"elementor-grid-item\">\n\t\t\t\t\t\t<div class=\"elementor-share-btn elementor-share-btn_facebook\">\n\t\t\t\t\t\t\t\t\t\t\t\t\t\t\t<span class=\"elementor-share-btn__icon\">\n\t\t\t\t\t\t\t\t<i class=\"fab fa-facebook\" aria-hidden=\"true\"><\/i>\t\t\t\t\t\t\t\t<span\n\t\t\t\t\t\t\t\t\tclass=\"elementor-screen-only\">Compartilhar no facebook<\/span>\n\t\t\t\t\t\t\t<\/span>\n\t\t\t\t\t\t\t\t\t\t\t\t\t\t\t\t\t\t\t\t<\/div>\n\t\t\t\t\t<\/div>\n\t\t\t\t\t\t\t\t\t<div class=\"elementor-grid-item\">\n\t\t\t\t\t\t<div class=\"elementor-share-btn elementor-share-btn_twitter\">\n\t\t\t\t\t\t\t\t\t\t\t\t\t\t\t<span class=\"elementor-share-btn__icon\">\n\t\t\t\t\t\t\t\t<i class=\"fab fa-twitter\" aria-hidden=\"true\"><\/i>\t\t\t\t\t\t\t\t<span\n\t\t\t\t\t\t\t\t\tclass=\"elementor-screen-only\">Compartilhar no twitter<\/span>\n\t\t\t\t\t\t\t<\/span>\n\t\t\t\t\t\t\t\t\t\t\t\t\t\t\t\t\t\t\t\t<\/div>\n\t\t\t\t\t<\/div>\n\t\t\t\t\t\t<\/div>\n\t\t\t\t<\/div>\n\t\t\t\t<\/div>\n\t\t\t\t\t\t<\/div>\n\t\t\t\t\t<\/div>\n\t\t<\/div>\n\t\t\t\t<div class=\"elementor-column elementor-col-33 elementor-top-column elementor-element elementor-element-465421c\" data-id=\"465421c\" data-element_type=\"column\">\n\t\t\t<div class=\"elementor-column-wrap elementor-element-populated\">\n\t\t\t\t\t\t\t<div class=\"elementor-widget-wrap\">\n\t\t\t\t\t\t<div class=\"elementor-element elementor-element-0f2f19f elementor-widget elementor-widget-text-editor\" data-id=\"0f2f19f\" data-element_type=\"widget\" data-widget_type=\"text-editor.default\">\n\t\t\t\t<div class=\"elementor-widget-container\">\n\t\t\t\t\t\t\t\t<div class=\"elementor-text-editor elementor-clearfix\">\n\t\t\t\t<p>Como parte de su Plan Operativo Anual, el Programa Iberoamericano de Bibliotecas P\u00fablicas, Iberbibliotecas, est\u00e1 realizando el estudio \u00abCirculaci\u00f3n de libros electr\u00f3nicos y contenidos digitales en las redes de bibliotecas p\u00fablicas de Iberoam\u00e9rica\u201d. El proyecto, que ser\u00e1 publicado en 2018, busca diagnosticar los procesos de circulaci\u00f3n de contenidos digitales de las redes de bibliotecas p\u00fablicas de los pa\u00edses y ciudades pertenecientes a Iberbibliotecas (Brasil, Buenos Aires, Chile, Colombia, Costa Rica, Espa\u00f1a, Medell\u00edn, M\u00e9xico, Paraguay y Per\u00fa).<\/p><p>Nos interesa conocer su opini\u00f3n y la de sus usuarios, por eso les solicitamos llenar y divulgar las siguientes encuestas para tener un panorama completo:<\/p><p>Pa\u00edses y ciudades pertenecientes a Iberbibliotecas (Brasil, Buenos Aires, Chile, Colombia, Costa Rica, Espa\u00f1a, Medell\u00edn, M\u00e9xico, Paraguay y Per\u00fa).Nos interesa conocer su opini\u00f3n y la de sus usuarios, por eso les solicitamos llenar y divulgar las siguientes encuestas para tener un panorama completo:<\/p>\t\t\t\t\t<\/div>\n\t\t\t\t\t\t<\/div>\n\t\t\t\t<\/div>\n\t\t\t\t<div class=\"elementor-element elementor-element-7283d34 elementor-widget__width-initial elementor-widget elementor-widget-image\" data-id=\"7283d34\" data-element_type=\"widget\" data-widget_type=\"image.default\">\n\t\t\t\t<div class=\"elementor-widget-container\">\n\t\t\t\t\t\t\t\t<div class=\"elementor-image\">\n\t\t\t\t\t\t\t\t\t\t\t\t<img decoding=\"async\" width=\"300\" height=\"187\" src=\"https:\/\/www.iberbibliotecas.org\/wp-content\/uploads\/2021\/01\/estudiocirculacion_f1.png\" class=\"attachment-full size-full\" alt=\"\" loading=\"lazy\" sizes=\"100vw\" \/>\t\t\t\t\t\t\t\t\t\t\t\t\t\t<\/div>\n\t\t\t\t\t\t<\/div>\n\t\t\t\t<\/div>\n\t\t\t\t<div class=\"elementor-element elementor-element-0e98cfc elementor-widget__width-initial elementor-widget elementor-widget-text-editor\" data-id=\"0e98cfc\" data-element_type=\"widget\" data-widget_type=\"text-editor.default\">\n\t\t\t\t<div class=\"elementor-widget-container\">\n\t\t\t\t\t\t\t\t<div class=\"elementor-text-editor elementor-clearfix\">\n\t\t\t\t<p><span style=\"text-decoration: underline;\"><strong><a href=\"https:\/\/docs.google.com\/forms\/d\/15wHI0-4BQzEhowz6-UgBPusDyvgWqTkKacwLPtEhH1g\/edit\">Encuesta a personal de bibliotecas<\/a><\/strong><\/span><\/p>\t\t\t\t\t<\/div>\n\t\t\t\t\t\t<\/div>\n\t\t\t\t<\/div>\n\t\t\t\t<div class=\"elementor-element elementor-element-f279540 elementor-widget__width-initial elementor-widget elementor-widget-image\" data-id=\"f279540\" data-element_type=\"widget\" data-widget_type=\"image.default\">\n\t\t\t\t<div class=\"elementor-widget-container\">\n\t\t\t\t\t\t\t\t<div class=\"elementor-image\">\n\t\t\t\t\t\t\t\t\t\t\t\t<img decoding=\"async\" width=\"300\" height=\"186\" src=\"https:\/\/www.iberbibliotecas.org\/wp-content\/uploads\/2021\/01\/estudiocirculacion_f2.png\" class=\"attachment-full size-full\" alt=\"\" loading=\"lazy\" sizes=\"100vw\" \/>\t\t\t\t\t\t\t\t\t\t\t\t\t\t<\/div>\n\t\t\t\t\t\t<\/div>\n\t\t\t\t<\/div>\n\t\t\t\t<div class=\"elementor-element elementor-element-c298e9e elementor-widget__width-initial elementor-widget elementor-widget-text-editor\" data-id=\"c298e9e\" data-element_type=\"widget\" data-widget_type=\"text-editor.default\">\n\t\t\t\t<div class=\"elementor-widget-container\">\n\t\t\t\t\t\t\t\t<div class=\"elementor-text-editor elementor-clearfix\">\n\t\t\t\t<p><span style=\"text-decoration: underline;\"><strong><a href=\"https:\/\/docs.google.com\/forms\/d\/1wxTyKUcI9iMiszle8YvaczaXUQHNVIdhFqkXRnqzOCg\/viewform?edit_requested=true\">Encuesta a responsables de bibliotecas<\/a><\/strong><\/span><\/p>\t\t\t\t\t<\/div>\n\t\t\t\t\t\t<\/div>\n\t\t\t\t<\/div>\n\t\t\t\t<div class=\"elementor-element elementor-element-baeb3fc elementor-widget__width-initial elementor-widget elementor-widget-image\" data-id=\"baeb3fc\" data-element_type=\"widget\" data-widget_type=\"image.default\">\n\t\t\t\t<div class=\"elementor-widget-container\">\n\t\t\t\t\t\t\t\t<div class=\"elementor-image\">\n\t\t\t\t\t\t\t\t\t\t\t\t<img decoding=\"async\" width=\"300\" height=\"227\" src=\"https:\/\/www.iberbibliotecas.org\/wp-content\/uploads\/2021\/01\/estudiocirculacion_f3.jpg\" class=\"attachment-full size-full\" alt=\"\" loading=\"lazy\" sizes=\"100vw\" \/>\t\t\t\t\t\t\t\t\t\t\t\t\t\t<\/div>\n\t\t\t\t\t\t<\/div>\n\t\t\t\t<\/div>\n\t\t\t\t<div class=\"elementor-element elementor-element-8601009 elementor-widget__width-initial elementor-widget elementor-widget-text-editor\" data-id=\"8601009\" data-element_type=\"widget\" data-widget_type=\"text-editor.default\">\n\t\t\t\t<div class=\"elementor-widget-container\">\n\t\t\t\t\t\t\t\t<div class=\"elementor-text-editor elementor-clearfix\">\n\t\t\t\t<p><span style=\"text-decoration: underline;\"><strong><a href=\"https:\/\/docs.google.com\/forms\/d\/1_Xrq5y7Wkeg9o4MwydQj_kw_ryZaYcYAu2OhhgdKHao\/edit\">Encuesta a usuarios de bibliotecas<\/a><\/strong><\/span><\/p><p>Para m\u00e1s informaci\u00f3n escr\u00edbanos al correo <span style=\"text-decoration: underline;\"><strong><a href=\"mailto:iberbibliotecas@cerlalc.org\">iberbibliotecas@cerlalc.org<\/a><\/strong><\/span><\/p><p>\u00a1Gracias por su ayuda!<\/p>\t\t\t\t\t<\/div>\n\t\t\t\t\t\t<\/div>\n\t\t\t\t<\/div>\n\t\t\t\t\t\t<\/div>\n\t\t\t\t\t<\/div>\n\t\t<\/div>\n\t\t\t\t<div class=\"elementor-column elementor-col-33 elementor-top-column elementor-element elementor-element-a4c0fb0\" data-id=\"a4c0fb0\" data-element_type=\"column\">\n\t\t\t<div class=\"elementor-column-wrap elementor-element-populated\">\n\t\t\t\t\t\t\t<div class=\"elementor-widget-wrap\">\n\t\t\t\t\t\t<div class=\"elementor-element elementor-element-68129bf elementor-hidden-phone elementor-widget elementor-widget-image\" data-id=\"68129bf\" data-element_type=\"widget\" data-widget_type=\"image.default\">\n\t\t\t\t<div class=\"elementor-widget-container\">\n\t\t\t\t\t\t\t\t<div class=\"elementor-image\">\n\t\t\t\t\t\t\t\t\t\t\t\t<img decoding=\"async\" width=\"848\" height=\"527\" src=\"https:\/\/www.iberbibliotecas.org\/wp-content\/uploads\/2021\/01\/0004_comunicado_estudioCirculacion-1.jpg\" class=\"attachment-full size-full\" alt=\"\" loading=\"lazy\" srcset=\"https:\/\/www.iberbibliotecas.org\/wp-content\/uploads\/2021\/01\/0004_comunicado_estudioCirculacion-1.jpg 848w, https:\/\/www.iberbibliotecas.org\/wp-content\/uploads\/2021\/01\/0004_comunicado_estudioCirculacion-1-300x186.jpg 300w, https:\/\/www.iberbibliotecas.org\/wp-content\/uploads\/2021\/01\/0004_comunicado_estudioCirculacion-1-768x477.jpg 768w, https:\/\/www.iberbibliotecas.org\/wp-content\/uploads\/2021\/01\/0004_comunicado_estudioCirculacion-1-16x10.jpg 16w\" sizes=\"100vw\" \/>\t\t\t\t\t\t\t\t\t\t\t\t\t\t<\/div>\n\t\t\t\t\t\t<\/div>\n\t\t\t\t<\/div>\n\t\t\t\t<div class=\"elementor-element elementor-element-eed84e8 elementor-widget__width-initial elementor-hidden-phone elementor-widget elementor-widget-heading\" data-id=\"eed84e8\" data-element_type=\"widget\" data-widget_type=\"heading.default\">\n\t\t\t\t<div class=\"elementor-widget-container\">\n\t\t\t<h2 class=\"elementor-heading-title elementor-size-default\">Estudio \u00abCirculaci\u00f3n de libros electr\u00f3nicos y contenidos digitales en las redes de bibliotecas p\u00fablicas de Iberoam\u00e9rica\u00bb<\/h2>\t\t<\/div>\n\t\t\t\t<\/div>\n\t\t\t\t<div class=\"elementor-element elementor-element-0a8946f elementor-share-buttons--view-icon elementor-share-buttons--skin-framed elementor-share-buttons--color-custom social-banco elementor-widget__width-initial elementor-hidden-phone elementor-share-buttons--shape-square elementor-grid-0 elementor-widget elementor-widget-share-buttons\" data-id=\"0a8946f\" data-element_type=\"widget\" data-widget_type=\"share-buttons.default\">\n\t\t\t\t<div class=\"elementor-widget-container\">\n\t\t\t\t\t<div class=\"elementor-grid\">\n\t\t\t\t\t\t\t\t<div class=\"elementor-grid-item\">\n\t\t\t\t\t\t<div class=\"elementor-share-btn elementor-share-btn_linkedin\">\n\t\t\t\t\t\t\t\t\t\t\t\t\t\t\t<span class=\"elementor-share-btn__icon\">\n\t\t\t\t\t\t\t\t<i class=\"fab fa-linkedin\" aria-hidden=\"true\"><\/i>\t\t\t\t\t\t\t\t<span\n\t\t\t\t\t\t\t\t\tclass=\"elementor-screen-only\">Compartilhar no linkedin<\/span>\n\t\t\t\t\t\t\t<\/span>\n\t\t\t\t\t\t\t\t\t\t\t\t\t\t\t\t\t\t\t\t<\/div>\n\t\t\t\t\t<\/div>\n\t\t\t\t\t\t\t\t\t<div class=\"elementor-grid-item\">\n\t\t\t\t\t\t<div class=\"elementor-share-btn elementor-share-btn_facebook\">\n\t\t\t\t\t\t\t\t\t\t\t\t\t\t\t<span class=\"elementor-share-btn__icon\">\n\t\t\t\t\t\t\t\t<i class=\"fab fa-facebook\" aria-hidden=\"true\"><\/i>\t\t\t\t\t\t\t\t<span\n\t\t\t\t\t\t\t\t\tclass=\"elementor-screen-only\">Compartilhar no facebook<\/span>\n\t\t\t\t\t\t\t<\/span>\n\t\t\t\t\t\t\t\t\t\t\t\t\t\t\t\t\t\t\t\t<\/div>\n\t\t\t\t\t<\/div>\n\t\t\t\t\t\t\t\t\t<div class=\"elementor-grid-item\">\n\t\t\t\t\t\t<div class=\"elementor-share-btn elementor-share-btn_twitter\">\n\t\t\t\t\t\t\t\t\t\t\t\t\t\t\t<span class=\"elementor-share-btn__icon\">\n\t\t\t\t\t\t\t\t<i class=\"fab fa-twitter\" aria-hidden=\"true\"><\/i>\t\t\t\t\t\t\t\t<span\n\t\t\t\t\t\t\t\t\tclass=\"elementor-screen-only\">Compartilhar no twitter<\/span>\n\t\t\t\t\t\t\t<\/span>\n\t\t\t\t\t\t\t\t\t\t\t\t\t\t\t\t\t\t\t\t<\/div>\n\t\t\t\t\t<\/div>\n\t\t\t\t\t\t<\/div>\n\t\t\t\t<\/div>\n\t\t\t\t<\/div>\n\t\t\t\t<div class=\"elementor-element elementor-element-498c51c elementor-widget elementor-widget-spacer\" data-id=\"498c51c\" data-element_type=\"widget\" data-widget_type=\"spacer.default\">\n\t\t\t\t<div class=\"elementor-widget-container\">\n\t\t\t\t\t<div class=\"elementor-spacer\">\n\t\t\t<div class=\"elementor-spacer-inner\"><\/div>\n\t\t<\/div>\n\t\t\t\t<\/div>\n\t\t\t\t<\/div>\n\t\t\t\t\t\t<\/div>\n\t\t\t\t\t<\/div>\n\t\t<\/div>\n\t\t\t\t\t\t\t\t<\/div>\n\t\t\t\t\t<\/div>\n\t\t<\/section>\n\t\t\t\t\t\t\t\t\t<\/div>\n\t\t\t<\/div>\n\t\t\t\t\t<\/div>","protected":false},"excerpt":{"rendered":"<p>Estudio \u00abCirculaci\u00f3n de libros electr\u00f3nicos y contenidos digitales en las redes de bibliotecas p\u00fablicas de Iberoam\u00e9rica\u00bb Estudio \u00abCirculaci\u00f3n de libros electr\u00f3nicos y contenidos digitales en las redes de bibliotecas p\u00fablicas &hellip; <\/p>\n<p class=\"link-more\"><a href=\"https:\/\/www.iberbibliotecas.org\/por\/estudio-circulacion-de-libros-electronicos-y-contenidos-digitales-en-las-redes-de-bibliotecas-publicas-de-iberoamerica\/\" class=\"more-link\">Continue lendo<span class=\"screen-reader-text\"> &#8220;Estudio \u00abCirculaci\u00f3n de libros electr\u00f3nicos y contenidos digitales en las redes de bibliotecas p\u00fablicas de Iberoam\u00e9rica&#8221;<\/span><\/a><\/p>","protected":false},"author":1,"featured_media":7677,"comment_status":"open","ping_status":"open","sticky":false,"template":"elementor_canvas","format":"standard","meta":{"_EventAllDay":false,"_EventTimezone":"","_EventStartDate":"","_EventEndDate":"","_EventStartDateUTC":"","_EventEndDateUTC":"","_EventShowMap":false,"_EventShowMapLink":false,"_EventURL":"","_EventCost":"","_EventCostDescription":"","_EventCurrencySymbol":"","_EventCurrencyCode":"","_EventCurrencyPosition":"","_EventDateTimeSeparator":"","_EventTimeRangeSeparator":"","_EventOrganizerID":[],"_EventVenueID":0,"_OrganizerEmail":"","_OrganizerPhone":"","_OrganizerWebsite":"","_VenueAddress":"","_VenueCity":"","_VenueCountry":"","_VenueProvince":"","_VenueZip":"","_VenuePhone":"","_VenueURL":"","_VenueStateProvince":"","_VenueLat":"","_VenueLng":""},"categories":[34],"tags":[],"yoast_head":"<!-- This site is optimized with the Yoast SEO plugin v20.11 - https:\/\/yoast.com\/wordpress\/plugins\/seo\/ -->\n<title>Estudio \u00abCirculaci\u00f3n de libros electr\u00f3nicos y contenidos digitales en las redes de bibliotecas p\u00fablicas de Iberoam\u00e9rica\u00bb<\/title>\n<meta name=\"description\" content=\"Como parte de su Plan Operativo Anual, el Programa Iberoamericano de Bibliotecas P\u00fablicas, Iberbibliotecas, est\u00e1 realizando el estudio \u00abCirculaci\u00f3n de libros electr\u00f3nicos y contenidos digitales en las redes de bibliotecas p\u00fablicas de Iberoam\u00e9rica\u00bb.\" \/>\n<meta name=\"robots\" content=\"index, follow, max-snippet:-1, max-image-preview:large, max-video-preview:-1\" \/>\n<link rel=\"canonical\" href=\"https:\/\/www.iberbibliotecas.org\/por\/estudio-circulacion-de-libros-electronicos-y-contenidos-digitales-en-las-redes-de-bibliotecas-publicas-de-iberoamerica\/\" \/>\n<meta property=\"og:locale\" content=\"pt_BR\" \/>\n<meta property=\"og:type\" content=\"article\" \/>\n<meta property=\"og:title\" content=\"Estudio \u00abCirculaci\u00f3n de libros electr\u00f3nicos y contenidos digitales en las redes de bibliotecas p\u00fablicas de Iberoam\u00e9rica\u00bb\" \/>\n<meta property=\"og:description\" content=\"Como parte de su Plan Operativo Anual, el Programa Iberoamericano de Bibliotecas P\u00fablicas, Iberbibliotecas, est\u00e1 realizando el estudio \u00abCirculaci\u00f3n de libros electr\u00f3nicos y contenidos digitales en las redes de bibliotecas p\u00fablicas de Iberoam\u00e9rica\u00bb.\" \/>\n<meta property=\"og:url\" content=\"https:\/\/www.iberbibliotecas.org\/por\/estudio-circulacion-de-libros-electronicos-y-contenidos-digitales-en-las-redes-de-bibliotecas-publicas-de-iberoamerica\/\" \/>\n<meta property=\"og:site_name\" content=\"Iberbibliotecas\" \/>\n<meta property=\"article:published_time\" content=\"2021-01-26T21:16:35+00:00\" \/>\n<meta property=\"article:modified_time\" content=\"2021-02-23T12:22:03+00:00\" \/>\n<meta property=\"og:image\" content=\"https:\/\/www.iberbibliotecas.org\/wp-content\/uploads\/2021\/01\/0004_comunicado_estudioCirculacion.jpg\" \/>\n\t<meta property=\"og:image:width\" content=\"848\" \/>\n\t<meta property=\"og:image:height\" content=\"527\" \/>\n\t<meta property=\"og:image:type\" content=\"image\/jpeg\" \/>\n<meta name=\"author\" content=\"admin\" \/>\n<meta name=\"twitter:card\" content=\"summary_large_image\" \/>\n<meta name=\"twitter:label1\" content=\"Escrito por\" \/>\n\t<meta name=\"twitter:data1\" content=\"admin\" \/>\n\t<meta name=\"twitter:label2\" content=\"Est. tempo de leitura\" \/>\n\t<meta name=\"twitter:data2\" content=\"3 minutos\" \/>\n<script type=\"application\/ld+json\" class=\"yoast-schema-graph\">{\"@context\":\"https:\/\/schema.org\",\"@graph\":[{\"@type\":\"Article\",\"@id\":\"https:\/\/www.iberbibliotecas.org\/estudio-circulacion-de-libros-electronicos-y-contenidos-digitales-en-las-redes-de-bibliotecas-publicas-de-iberoamerica\/#article\",\"isPartOf\":{\"@id\":\"https:\/\/www.iberbibliotecas.org\/estudio-circulacion-de-libros-electronicos-y-contenidos-digitales-en-las-redes-de-bibliotecas-publicas-de-iberoamerica\/\"},\"author\":{\"name\":\"admin\",\"@id\":\"https:\/\/www.iberbibliotecas.org\/#\/schema\/person\/486ac82ad50c6a0a37e3b388a7f40012\"},\"headline\":\"Estudio \u00abCirculaci\u00f3n de libros electr\u00f3nicos y contenidos digitales en las redes de bibliotecas p\u00fablicas de Iberoam\u00e9rica\",\"datePublished\":\"2021-01-26T21:16:35+00:00\",\"dateModified\":\"2021-02-23T12:22:03+00:00\",\"mainEntityOfPage\":{\"@id\":\"https:\/\/www.iberbibliotecas.org\/estudio-circulacion-de-libros-electronicos-y-contenidos-digitales-en-las-redes-de-bibliotecas-publicas-de-iberoamerica\/\"},\"wordCount\":290,\"commentCount\":0,\"publisher\":{\"@id\":\"https:\/\/www.iberbibliotecas.org\/#organization\"},\"articleSection\":[\"Comunicado\"],\"inLanguage\":\"pt-BR\",\"potentialAction\":[{\"@type\":\"CommentAction\",\"name\":\"Comment\",\"target\":[\"https:\/\/www.iberbibliotecas.org\/estudio-circulacion-de-libros-electronicos-y-contenidos-digitales-en-las-redes-de-bibliotecas-publicas-de-iberoamerica\/#respond\"]}]},{\"@type\":\"WebPage\",\"@id\":\"https:\/\/www.iberbibliotecas.org\/estudio-circulacion-de-libros-electronicos-y-contenidos-digitales-en-las-redes-de-bibliotecas-publicas-de-iberoamerica\/\",\"url\":\"https:\/\/www.iberbibliotecas.org\/estudio-circulacion-de-libros-electronicos-y-contenidos-digitales-en-las-redes-de-bibliotecas-publicas-de-iberoamerica\/\",\"name\":\"Estudio \u00abCirculaci\u00f3n de libros electr\u00f3nicos y contenidos digitales en las redes de bibliotecas p\u00fablicas de Iberoam\u00e9rica\u00bb\",\"isPartOf\":{\"@id\":\"https:\/\/www.iberbibliotecas.org\/#website\"},\"datePublished\":\"2021-01-26T21:16:35+00:00\",\"dateModified\":\"2021-02-23T12:22:03+00:00\",\"description\":\"Como parte de su Plan Operativo Anual, el Programa Iberoamericano de Bibliotecas P\u00fablicas, Iberbibliotecas, est\u00e1 realizando el estudio \u00abCirculaci\u00f3n de libros electr\u00f3nicos y contenidos digitales en las redes de bibliotecas p\u00fablicas de Iberoam\u00e9rica\u00bb.\",\"breadcrumb\":{\"@id\":\"https:\/\/www.iberbibliotecas.org\/estudio-circulacion-de-libros-electronicos-y-contenidos-digitales-en-las-redes-de-bibliotecas-publicas-de-iberoamerica\/#breadcrumb\"},\"inLanguage\":\"pt-BR\",\"potentialAction\":[{\"@type\":\"ReadAction\",\"target\":[\"https:\/\/www.iberbibliotecas.org\/estudio-circulacion-de-libros-electronicos-y-contenidos-digitales-en-las-redes-de-bibliotecas-publicas-de-iberoamerica\/\"]}]},{\"@type\":\"BreadcrumbList\",\"@id\":\"https:\/\/www.iberbibliotecas.org\/estudio-circulacion-de-libros-electronicos-y-contenidos-digitales-en-las-redes-de-bibliotecas-publicas-de-iberoamerica\/#breadcrumb\",\"itemListElement\":[{\"@type\":\"ListItem\",\"position\":1,\"name\":\"Inicio\",\"item\":\"https:\/\/www.iberbibliotecas.org\/\"},{\"@type\":\"ListItem\",\"position\":2,\"name\":\"Estudio \u00abCirculaci\u00f3n de libros electr\u00f3nicos y contenidos digitales en las redes de bibliotecas p\u00fablicas de Iberoam\u00e9rica\"}]},{\"@type\":\"WebSite\",\"@id\":\"https:\/\/www.iberbibliotecas.org\/#website\",\"url\":\"https:\/\/www.iberbibliotecas.org\/\",\"name\":\"Iberbibliotecas\",\"description\":\"\",\"publisher\":{\"@id\":\"https:\/\/www.iberbibliotecas.org\/#organization\"},\"potentialAction\":[{\"@type\":\"SearchAction\",\"target\":{\"@type\":\"EntryPoint\",\"urlTemplate\":\"https:\/\/www.iberbibliotecas.org\/?s={search_term_string}\"},\"query-input\":\"required name=search_term_string\"}],\"inLanguage\":\"pt-BR\"},{\"@type\":\"Organization\",\"@id\":\"https:\/\/www.iberbibliotecas.org\/#organization\",\"name\":\"Iberbibliotecas\",\"url\":\"https:\/\/www.iberbibliotecas.org\/\",\"logo\":{\"@type\":\"ImageObject\",\"inLanguage\":\"pt-BR\",\"@id\":\"https:\/\/www.iberbibliotecas.org\/#\/schema\/logo\/image\/\",\"url\":\"https:\/\/www.iberbibliotecas.org\/wp-content\/uploads\/2021\/03\/logo_c_ib.png\",\"contentUrl\":\"https:\/\/www.iberbibliotecas.org\/wp-content\/uploads\/2021\/03\/logo_c_ib.png\",\"width\":289,\"height\":180,\"caption\":\"Iberbibliotecas\"},\"image\":{\"@id\":\"https:\/\/www.iberbibliotecas.org\/#\/schema\/logo\/image\/\"}},{\"@type\":\"Person\",\"@id\":\"https:\/\/www.iberbibliotecas.org\/#\/schema\/person\/486ac82ad50c6a0a37e3b388a7f40012\",\"name\":\"admin\",\"image\":{\"@type\":\"ImageObject\",\"inLanguage\":\"pt-BR\",\"@id\":\"https:\/\/www.iberbibliotecas.org\/#\/schema\/person\/image\/\",\"url\":\"https:\/\/secure.gravatar.com\/avatar\/bd32ff3442cc72b6eeb88993179a289a?s=96&d=mm&r=g\",\"contentUrl\":\"https:\/\/secure.gravatar.com\/avatar\/bd32ff3442cc72b6eeb88993179a289a?s=96&d=mm&r=g\",\"caption\":\"admin\"},\"sameAs\":[\"http:\/\/34.125.232.78\"],\"url\":\"https:\/\/www.iberbibliotecas.org\/por\/author\/admin\/\"}]}<\/script>\n<!-- \/ Yoast SEO plugin. -->","yoast_head_json":{"title":"Estudio \u00abCirculaci\u00f3n de libros electr\u00f3nicos y contenidos digitales en las redes de bibliotecas p\u00fablicas de Iberoam\u00e9rica\u00bb","description":"Como parte de su Plan Operativo Anual, el Programa Iberoamericano de Bibliotecas P\u00fablicas, Iberbibliotecas, est\u00e1 realizando el estudio \u00abCirculaci\u00f3n de libros electr\u00f3nicos y contenidos digitales en las redes de bibliotecas p\u00fablicas de Iberoam\u00e9rica\u00bb.","robots":{"index":"index","follow":"follow","max-snippet":"max-snippet:-1","max-image-preview":"max-image-preview:large","max-video-preview":"max-video-preview:-1"},"canonical":"https:\/\/www.iberbibliotecas.org\/por\/estudio-circulacion-de-libros-electronicos-y-contenidos-digitales-en-las-redes-de-bibliotecas-publicas-de-iberoamerica\/","og_locale":"pt_BR","og_type":"article","og_title":"Estudio \u00abCirculaci\u00f3n de libros electr\u00f3nicos y contenidos digitales en las redes de bibliotecas p\u00fablicas de Iberoam\u00e9rica\u00bb","og_description":"Como parte de su Plan Operativo Anual, el Programa Iberoamericano de Bibliotecas P\u00fablicas, Iberbibliotecas, est\u00e1 realizando el estudio \u00abCirculaci\u00f3n de libros electr\u00f3nicos y contenidos digitales en las redes de bibliotecas p\u00fablicas de Iberoam\u00e9rica\u00bb.","og_url":"https:\/\/www.iberbibliotecas.org\/por\/estudio-circulacion-de-libros-electronicos-y-contenidos-digitales-en-las-redes-de-bibliotecas-publicas-de-iberoamerica\/","og_site_name":"Iberbibliotecas","article_published_time":"2021-01-26T21:16:35+00:00","article_modified_time":"2021-02-23T12:22:03+00:00","og_image":[{"width":848,"height":527,"url":"https:\/\/www.iberbibliotecas.org\/wp-content\/uploads\/2021\/01\/0004_comunicado_estudioCirculacion.jpg","type":"image\/jpeg"}],"author":"admin","twitter_card":"summary_large_image","twitter_misc":{"Escrito por":"admin","Est. tempo de leitura":"3 minutos"},"schema":{"@context":"https:\/\/schema.org","@graph":[{"@type":"Article","@id":"https:\/\/www.iberbibliotecas.org\/estudio-circulacion-de-libros-electronicos-y-contenidos-digitales-en-las-redes-de-bibliotecas-publicas-de-iberoamerica\/#article","isPartOf":{"@id":"https:\/\/www.iberbibliotecas.org\/estudio-circulacion-de-libros-electronicos-y-contenidos-digitales-en-las-redes-de-bibliotecas-publicas-de-iberoamerica\/"},"author":{"name":"admin","@id":"https:\/\/www.iberbibliotecas.org\/#\/schema\/person\/486ac82ad50c6a0a37e3b388a7f40012"},"headline":"Estudio \u00abCirculaci\u00f3n de libros electr\u00f3nicos y contenidos digitales en las redes de bibliotecas p\u00fablicas de Iberoam\u00e9rica","datePublished":"2021-01-26T21:16:35+00:00","dateModified":"2021-02-23T12:22:03+00:00","mainEntityOfPage":{"@id":"https:\/\/www.iberbibliotecas.org\/estudio-circulacion-de-libros-electronicos-y-contenidos-digitales-en-las-redes-de-bibliotecas-publicas-de-iberoamerica\/"},"wordCount":290,"commentCount":0,"publisher":{"@id":"https:\/\/www.iberbibliotecas.org\/#organization"},"articleSection":["Comunicado"],"inLanguage":"pt-BR","potentialAction":[{"@type":"CommentAction","name":"Comment","target":["https:\/\/www.iberbibliotecas.org\/estudio-circulacion-de-libros-electronicos-y-contenidos-digitales-en-las-redes-de-bibliotecas-publicas-de-iberoamerica\/#respond"]}]},{"@type":"WebPage","@id":"https:\/\/www.iberbibliotecas.org\/estudio-circulacion-de-libros-electronicos-y-contenidos-digitales-en-las-redes-de-bibliotecas-publicas-de-iberoamerica\/","url":"https:\/\/www.iberbibliotecas.org\/estudio-circulacion-de-libros-electronicos-y-contenidos-digitales-en-las-redes-de-bibliotecas-publicas-de-iberoamerica\/","name":"Estudio \u00abCirculaci\u00f3n de libros electr\u00f3nicos y contenidos digitales en las redes de bibliotecas p\u00fablicas de Iberoam\u00e9rica\u00bb","isPartOf":{"@id":"https:\/\/www.iberbibliotecas.org\/#website"},"datePublished":"2021-01-26T21:16:35+00:00","dateModified":"2021-02-23T12:22:03+00:00","description":"Como parte de su Plan Operativo Anual, el Programa Iberoamericano de Bibliotecas P\u00fablicas, Iberbibliotecas, est\u00e1 realizando el estudio \u00abCirculaci\u00f3n de libros electr\u00f3nicos y contenidos digitales en las redes de bibliotecas p\u00fablicas de Iberoam\u00e9rica\u00bb.","breadcrumb":{"@id":"https:\/\/www.iberbibliotecas.org\/estudio-circulacion-de-libros-electronicos-y-contenidos-digitales-en-las-redes-de-bibliotecas-publicas-de-iberoamerica\/#breadcrumb"},"inLanguage":"pt-BR","potentialAction":[{"@type":"ReadAction","target":["https:\/\/www.iberbibliotecas.org\/estudio-circulacion-de-libros-electronicos-y-contenidos-digitales-en-las-redes-de-bibliotecas-publicas-de-iberoamerica\/"]}]},{"@type":"BreadcrumbList","@id":"https:\/\/www.iberbibliotecas.org\/estudio-circulacion-de-libros-electronicos-y-contenidos-digitales-en-las-redes-de-bibliotecas-publicas-de-iberoamerica\/#breadcrumb","itemListElement":[{"@type":"ListItem","position":1,"name":"Inicio","item":"https:\/\/www.iberbibliotecas.org\/"},{"@type":"ListItem","position":2,"name":"Estudio \u00abCirculaci\u00f3n de libros electr\u00f3nicos y contenidos digitales en las redes de bibliotecas p\u00fablicas de Iberoam\u00e9rica"}]},{"@type":"WebSite","@id":"https:\/\/www.iberbibliotecas.org\/#website","url":"https:\/\/www.iberbibliotecas.org\/","name":"Iberbibliotecas","description":"","publisher":{"@id":"https:\/\/www.iberbibliotecas.org\/#organization"},"potentialAction":[{"@type":"SearchAction","target":{"@type":"EntryPoint","urlTemplate":"https:\/\/www.iberbibliotecas.org\/?s={search_term_string}"},"query-input":"required name=search_term_string"}],"inLanguage":"pt-BR"},{"@type":"Organization","@id":"https:\/\/www.iberbibliotecas.org\/#organization","name":"Iberbibliotecas","url":"https:\/\/www.iberbibliotecas.org\/","logo":{"@type":"ImageObject","inLanguage":"pt-BR","@id":"https:\/\/www.iberbibliotecas.org\/#\/schema\/logo\/image\/","url":"https:\/\/www.iberbibliotecas.org\/wp-content\/uploads\/2021\/03\/logo_c_ib.png","contentUrl":"https:\/\/www.iberbibliotecas.org\/wp-content\/uploads\/2021\/03\/logo_c_ib.png","width":289,"height":180,"caption":"Iberbibliotecas"},"image":{"@id":"https:\/\/www.iberbibliotecas.org\/#\/schema\/logo\/image\/"}},{"@type":"Person","@id":"https:\/\/www.iberbibliotecas.org\/#\/schema\/person\/486ac82ad50c6a0a37e3b388a7f40012","name":"admin","image":{"@type":"ImageObject","inLanguage":"pt-BR","@id":"https:\/\/www.iberbibliotecas.org\/#\/schema\/person\/image\/","url":"https:\/\/secure.gravatar.com\/avatar\/bd32ff3442cc72b6eeb88993179a289a?s=96&d=mm&r=g","contentUrl":"https:\/\/secure.gravatar.com\/avatar\/bd32ff3442cc72b6eeb88993179a289a?s=96&d=mm&r=g","caption":"admin"},"sameAs":["http:\/\/34.125.232.78"],"url":"https:\/\/www.iberbibliotecas.org\/por\/author\/admin\/"}]}},"_links":{"self":[{"href":"https:\/\/www.iberbibliotecas.org\/por\/wp-json\/wp\/v2\/posts\/4071"}],"collection":[{"href":"https:\/\/www.iberbibliotecas.org\/por\/wp-json\/wp\/v2\/posts"}],"about":[{"href":"https:\/\/www.iberbibliotecas.org\/por\/wp-json\/wp\/v2\/types\/post"}],"author":[{"embeddable":true,"href":"https:\/\/www.iberbibliotecas.org\/por\/wp-json\/wp\/v2\/users\/1"}],"replies":[{"embeddable":true,"href":"https:\/\/www.iberbibliotecas.org\/por\/wp-json\/wp\/v2\/comments?post=4071"}],"version-history":[{"count":0,"href":"https:\/\/www.iberbibliotecas.org\/por\/wp-json\/wp\/v2\/posts\/4071\/revisions"}],"wp:featuredmedia":[{"embeddable":true,"href":"https:\/\/www.iberbibliotecas.org\/por\/wp-json\/wp\/v2\/media\/7677"}],"wp:attachment":[{"href":"https:\/\/www.iberbibliotecas.org\/por\/wp-json\/wp\/v2\/media?parent=4071"}],"wp:term":[{"taxonomy":"category","embeddable":true,"href":"https:\/\/www.iberbibliotecas.org\/por\/wp-json\/wp\/v2\/categories?post=4071"},{"taxonomy":"post_tag","embeddable":true,"href":"https:\/\/www.iberbibliotecas.org\/por\/wp-json\/wp\/v2\/tags?post=4071"}],"curies":[{"name":"wp","href":"https:\/\/api.w.org\/{rel}","templated":true}]}}