{"id":5222,"date":"2017-02-04T17:00:43","date_gmt":"2017-02-04T17:00:43","guid":{"rendered":"http:\/\/34.125.63.202\/?p=5222"},"modified":"2024-02-09T16:55:17","modified_gmt":"2024-02-09T21:55:17","slug":"memorias-pasantias-internacionales-2017","status":"publish","type":"post","link":"https:\/\/www.iberbibliotecas.org\/por\/memorias-pasantias-internacionales-2017\/","title":{"rendered":"Est\u00e1gio Internacional 2017"},"content":{"rendered":"<div data-elementor-type=\"wp-post\" data-elementor-id=\"5222\" class=\"elementor elementor-5222\">\n\t\t\t\t\t\t<div class=\"elementor-inner\">\n\t\t\t\t<div class=\"elementor-section-wrap\">\n\t\t\t\t\t\t\t\t\t<section class=\"elementor-section elementor-top-section elementor-element elementor-element-0e00fe3 elementor-section-boxed elementor-section-height-default elementor-section-height-default\" data-id=\"0e00fe3\" data-element_type=\"section\">\n\t\t\t\t\t\t<div class=\"elementor-container elementor-column-gap-default\">\n\t\t\t\t\t\t\t<div class=\"elementor-row\">\n\t\t\t\t\t<div class=\"elementor-column elementor-col-100 elementor-top-column elementor-element elementor-element-b63f1bc\" data-id=\"b63f1bc\" data-element_type=\"column\">\n\t\t\t<div class=\"elementor-column-wrap elementor-element-populated\">\n\t\t\t\t\t\t\t<div class=\"elementor-widget-wrap\">\n\t\t\t\t\t\t<div class=\"elementor-element elementor-element-53c404a elementor-widget elementor-widget-spacer\" data-id=\"53c404a\" data-element_type=\"widget\" data-widget_type=\"spacer.default\">\n\t\t\t\t<div class=\"elementor-widget-container\">\n\t\t\t\t\t<div class=\"elementor-spacer\">\n\t\t\t<div class=\"elementor-spacer-inner\"><\/div>\n\t\t<\/div>\n\t\t\t\t<\/div>\n\t\t\t\t<\/div>\n\t\t\t\t<div class=\"elementor-element elementor-element-d862869 elementor-widget elementor-widget-heading\" data-id=\"d862869\" data-element_type=\"widget\" data-widget_type=\"heading.default\">\n\t\t\t\t<div class=\"elementor-widget-container\">\n\t\t\t<h1 class=\"elementor-heading-title elementor-size-default\">Est\u00e1gio Internacional 2017 <\/h1>\t\t<\/div>\n\t\t\t\t<\/div>\n\t\t\t\t<div class=\"elementor-element elementor-element-610b9bc elementor-widget elementor-widget-heading\" data-id=\"610b9bc\" data-element_type=\"widget\" data-widget_type=\"heading.default\">\n\t\t\t\t<div class=\"elementor-widget-container\">\n\t\t\t<h2 class=\"elementor-heading-title elementor-size-default\">Local<\/h2>\t\t<\/div>\n\t\t\t\t<\/div>\n\t\t\t\t<div class=\"elementor-element elementor-element-43f17ea elementor-widget elementor-widget-heading\" data-id=\"43f17ea\" data-element_type=\"widget\" data-widget_type=\"heading.default\">\n\t\t\t\t<div class=\"elementor-widget-container\">\n\t\t\t<h2 class=\"elementor-heading-title elementor-size-default\">S\u00e3o Paulo, Brasil <\/h2>\t\t<\/div>\n\t\t\t\t<\/div>\n\t\t\t\t<div class=\"elementor-element elementor-element-bd51652 elementor-widget elementor-widget-heading\" data-id=\"bd51652\" data-element_type=\"widget\" id=\"ACCF\" data-widget_type=\"heading.default\">\n\t\t\t\t<div class=\"elementor-widget-container\">\n\t\t\t<h2 class=\"elementor-heading-title elementor-size-default\">Acessibilidade, Diversidade e Inclus\u00e3o em Bibliotecas P\u00fablicas <\/h2>\t\t<\/div>\n\t\t\t\t<\/div>\n\t\t\t\t\t\t<\/div>\n\t\t\t\t\t<\/div>\n\t\t<\/div>\n\t\t\t\t\t\t\t\t<\/div>\n\t\t\t\t\t<\/div>\n\t\t<\/section>\n\t\t\t\t<section class=\"elementor-section elementor-top-section elementor-element elementor-element-839bcaf elementor-section-boxed elementor-section-height-default elementor-section-height-default\" data-id=\"839bcaf\" data-element_type=\"section\">\n\t\t\t\t\t\t<div class=\"elementor-container elementor-column-gap-default\">\n\t\t\t\t\t\t\t<div class=\"elementor-row\">\n\t\t\t\t\t<div class=\"elementor-column elementor-col-25 elementor-top-column elementor-element elementor-element-44be79f\" data-id=\"44be79f\" data-element_type=\"column\">\n\t\t\t<div class=\"elementor-column-wrap elementor-element-populated\">\n\t\t\t\t\t\t\t<div class=\"elementor-widget-wrap\">\n\t\t\t\t\t\t<section class=\"elementor-section elementor-inner-section elementor-element elementor-element-a9690c1 elementor-hidden-desktop elementor-hidden-tablet elementor-section-boxed elementor-section-height-default elementor-section-height-default\" data-id=\"a9690c1\" data-element_type=\"section\">\n\t\t\t\t\t\t<div class=\"elementor-container elementor-column-gap-default\">\n\t\t\t\t\t\t\t<div class=\"elementor-row\">\n\t\t\t\t\t<div class=\"elementor-column elementor-col-100 elementor-inner-column elementor-element elementor-element-2afaf99\" data-id=\"2afaf99\" data-element_type=\"column\" data-settings=\"{&quot;background_background&quot;:&quot;gradient&quot;}\">\n\t\t\t<div class=\"elementor-column-wrap elementor-element-populated\">\n\t\t\t\t\t\t\t<div class=\"elementor-widget-wrap\">\n\t\t\t\t\t\t<div class=\"elementor-element elementor-element-9f0186e elementor-widget elementor-widget-heading\" data-id=\"9f0186e\" data-element_type=\"widget\" data-widget_type=\"heading.default\">\n\t\t\t\t<div class=\"elementor-widget-container\">\n\t\t\t<h2 class=\"elementor-heading-title elementor-size-default\">\u00cdndice<\/h2>\t\t<\/div>\n\t\t\t\t<\/div>\n\t\t\t\t<div class=\"elementor-element elementor-element-279afb0 elementor-align-left elementor-icon-list--layout-traditional elementor-list-item-link-full_width elementor-widget elementor-widget-icon-list\" data-id=\"279afb0\" data-element_type=\"widget\" data-widget_type=\"icon-list.default\">\n\t\t\t\t<div class=\"elementor-widget-container\">\n\t\t\t\t\t<ul class=\"elementor-icon-list-items\">\n\t\t\t\t\t\t\t<li class=\"elementor-icon-list-item\">\n\t\t\t\t\t\t\t\t\t\t\t<a href=\"#ACCF\">\n\n\t\t\t\t\t\t\t\t\t\t\t\t<span class=\"elementor-icon-list-icon\">\n\t\t\t\t\t\t\t<i aria-hidden=\"true\" class=\"fas fa-chevron-right\"><\/i>\t\t\t\t\t\t<\/span>\n\t\t\t\t\t\t\t\t\t\t<span class=\"elementor-icon-list-text\">Accesibilidad<\/span>\n\t\t\t\t\t\t\t\t\t\t\t<\/a>\n\t\t\t\t\t\t\t\t\t<\/li>\n\t\t\t\t\t\t\t\t<li class=\"elementor-icon-list-item\">\n\t\t\t\t\t\t\t\t\t\t\t<a href=\"#INFENLC\">\n\n\t\t\t\t\t\t\t\t\t\t\t\t<span class=\"elementor-icon-list-icon\">\n\t\t\t\t\t\t\t<i aria-hidden=\"true\" class=\"fas fa-chevron-right\"><\/i>\t\t\t\t\t\t<\/span>\n\t\t\t\t\t\t\t\t\t\t<span class=\"elementor-icon-list-text\">RELAT\u00d3RIOS INTERNOS<\/span>\n\t\t\t\t\t\t\t\t\t\t\t<\/a>\n\t\t\t\t\t\t\t\t\t<\/li>\n\t\t\t\t\t\t<\/ul>\n\t\t\t\t<\/div>\n\t\t\t\t<\/div>\n\t\t\t\t\t\t<\/div>\n\t\t\t\t\t<\/div>\n\t\t<\/div>\n\t\t\t\t\t\t\t\t<\/div>\n\t\t\t\t\t<\/div>\n\t\t<\/section>\n\t\t\t\t<section class=\"elementor-section elementor-inner-section elementor-element elementor-element-1b24874 elementor-hidden-desktop elementor-hidden-tablet elementor-section-boxed elementor-section-height-default elementor-section-height-default\" data-id=\"1b24874\" data-element_type=\"section\">\n\t\t\t\t\t\t<div class=\"elementor-container elementor-column-gap-default\">\n\t\t\t\t\t\t\t<div class=\"elementor-row\">\n\t\t\t\t\t<div class=\"elementor-column elementor-col-100 elementor-inner-column elementor-element elementor-element-b173b03\" data-id=\"b173b03\" data-element_type=\"column\" data-settings=\"{&quot;background_background&quot;:&quot;gradient&quot;}\">\n\t\t\t<div class=\"elementor-column-wrap elementor-element-populated\">\n\t\t\t\t\t\t\t<div class=\"elementor-widget-wrap\">\n\t\t\t\t\t\t<div class=\"elementor-element elementor-element-35f7b39 elementor-widget elementor-widget-text-editor\" data-id=\"35f7b39\" data-element_type=\"widget\" data-widget_type=\"text-editor.default\">\n\t\t\t\t<div class=\"elementor-widget-container\">\n\t\t\t\t\t\t\t\t<div class=\"elementor-text-editor elementor-clearfix\">\n\t\t\t\t<h3>Contate-nos em nosso email <br \/><span style=\"color: #0000ff;\"><a style=\"color: #0000ff;\" href=\"mailto:iberbibliotecas@cerlalc.org\" target=\"_blank\" rel=\"noopener\"><span style=\"text-decoration: underline;\">iberbibliotecas@cerlalc.org<\/span> <\/a>o a nuestro <\/span><a href=\"https:\/\/wa.link\/rsbea6\" target=\"_blank\" rel=\"noopener\"><span style=\"text-decoration: underline;\"><span style=\"color: #0000ff; text-decoration: underline;\">WhatsApp:\u00a0 +57 313 898 14 82<\/span><\/span><\/a><\/h3><h3><span style=\"text-decoration: underline;\"><span style=\"color: #0000ff; text-decoration: underline;\">\u00a0<\/span><\/span><\/h3>\t\t\t\t\t<\/div>\n\t\t\t\t\t\t<\/div>\n\t\t\t\t<\/div>\n\t\t\t\t\t\t<\/div>\n\t\t\t\t\t<\/div>\n\t\t<\/div>\n\t\t\t\t\t\t\t\t<\/div>\n\t\t\t\t\t<\/div>\n\t\t<\/section>\n\t\t\t\t\t\t<\/div>\n\t\t\t\t\t<\/div>\n\t\t<\/div>\n\t\t\t\t<div class=\"elementor-column elementor-col-25 elementor-top-column elementor-element elementor-element-b8c9f7d\" data-id=\"b8c9f7d\" data-element_type=\"column\">\n\t\t\t<div class=\"elementor-column-wrap elementor-element-populated\">\n\t\t\t\t\t\t\t<div class=\"elementor-widget-wrap\">\n\t\t\t\t\t\t<div class=\"elementor-element elementor-element-a1c1216 elementor-widget elementor-widget-text-editor\" data-id=\"a1c1216\" data-element_type=\"widget\" data-widget_type=\"text-editor.default\">\n\t\t\t\t<div class=\"elementor-widget-container\">\n\t\t\t\t\t\t\t\t<div class=\"elementor-text-editor elementor-clearfix\">\n\t\t\t\t<p>O programa de Est\u00e1gios Internacionais Iberbibliotecas tem como objetivo contribuir ao desenvolvimento de recursos humanos altamente qualificados para enfrentar os desafios que as bibliotecas p\u00fablicas t\u00eam na regi\u00e3o ibero-americana. Este exerc\u00edcio permite aos bibliotec\u00e1rios participantes melhorarem suas habilidades profissionais e fortalecer seu trabalho atrav\u00e9s do reconhecimentos de outras experi\u00eancias, comunica\u00e7\u00e3o e trabalho colaborativo entre profissionais de diferentes pa\u00edses da regi\u00e3o.\u00a0<\/p><p>O Est\u00e1gio foi realizado do dia 6 ao dia 10 de novembro de 2017, na cidade de S\u00e3o Paulo. Participaram do Est\u00e1gio 28 pessoas, incluindo a presidente em of\u00edcio do Iberbibliotecas, oriundas de oito pa\u00edses: Argentina (3), Brasil (3), Chile (3), Col\u00f4mbia (6), Costa Rica (4), Espanha (3), M\u00e9xico (3) e Paraguai (3). \n\nNo ano de 2017, o est\u00e1gio ter\u00e1 como tema central as quest\u00f5es relativas \u00e0 acessibilidade e inclus\u00e3o nas bibliotecas e outros espa\u00e7os dedicados ao livro e \u00e0 leitura.\u00a0<\/p><p>No ano de 2017, o est\u00e1gio ter\u00e1 como tema central as quest\u00f5es relativas \u00e0 acessibilidade e inclus\u00e3o nas bibliotecas e outros espa\u00e7os dedicados ao livro e \u00e0 leitura. \nO objetivo ser\u00e1 fortalecer a\u00e7\u00f5es conjuntas para a democratiza\u00e7\u00e3o do acesso \u00e0s pr\u00e1ticas leitoras para todos, compartilhando boas pr\u00e1ticas, informa\u00e7\u00f5es e conhecimentos e contribuir para o desenvolvimento de capacidades dos profissionais participantes do est\u00e1gio.\u00a0<\/p>\t\t\t\t\t<\/div>\n\t\t\t\t\t\t<\/div>\n\t\t\t\t<\/div>\n\t\t\t\t<div class=\"elementor-element elementor-element-9b37fa3 elementor-widget elementor-widget-image\" data-id=\"9b37fa3\" data-element_type=\"widget\" data-widget_type=\"image.default\">\n\t\t\t\t<div class=\"elementor-widget-container\">\n\t\t\t\t\t\t\t\t<div class=\"elementor-image\">\n\t\t\t\t\t\t\t\t\t\t\t\t<img decoding=\"async\" width=\"2560\" height=\"1707\" src=\"https:\/\/www.iberbibliotecas.org\/wp-content\/uploads\/2017\/02\/Pasantias2017_3-scaled.jpg\" class=\"attachment-full size-full\" alt=\"\" loading=\"lazy\" srcset=\"https:\/\/www.iberbibliotecas.org\/wp-content\/uploads\/2017\/02\/Pasantias2017_3-scaled.jpg 2560w, https:\/\/www.iberbibliotecas.org\/wp-content\/uploads\/2017\/02\/Pasantias2017_3-300x200.jpg 300w, https:\/\/www.iberbibliotecas.org\/wp-content\/uploads\/2017\/02\/Pasantias2017_3-1024x683.jpg 1024w, https:\/\/www.iberbibliotecas.org\/wp-content\/uploads\/2017\/02\/Pasantias2017_3-768x512.jpg 768w, https:\/\/www.iberbibliotecas.org\/wp-content\/uploads\/2017\/02\/Pasantias2017_3-1536x1024.jpg 1536w, https:\/\/www.iberbibliotecas.org\/wp-content\/uploads\/2017\/02\/Pasantias2017_3-2048x1365.jpg 2048w, https:\/\/www.iberbibliotecas.org\/wp-content\/uploads\/2017\/02\/Pasantias2017_3-16x12.jpg 16w\" sizes=\"100vw\" \/>\t\t\t\t\t\t\t\t\t\t\t\t\t\t<\/div>\n\t\t\t\t\t\t<\/div>\n\t\t\t\t<\/div>\n\t\t\t\t<div class=\"elementor-element elementor-element-f0bf443 elementor-widget elementor-widget-heading\" data-id=\"f0bf443\" data-element_type=\"widget\" data-widget_type=\"heading.default\">\n\t\t\t\t<div class=\"elementor-widget-container\">\n\t\t\t<h2 class=\"elementor-heading-title elementor-size-default\">Atividades e temas abordados no Est\u00e1gio <\/h2>\t\t<\/div>\n\t\t\t\t<\/div>\n\t\t\t\t<div class=\"elementor-element elementor-element-ef5a318 elementor-widget elementor-widget-text-editor\" data-id=\"ef5a318\" data-element_type=\"widget\" data-widget_type=\"text-editor.default\">\n\t\t\t\t<div class=\"elementor-widget-container\">\n\t\t\t\t\t\t\t\t<div class=\"elementor-text-editor elementor-clearfix\">\n\t\t\t\t<p>Nos cinco dias de programa\u00e7\u00e3o, ao todo, foram dez institui\u00e7\u00f5es visitadas (cf. se\u00e7\u00e3o III), nos per\u00edodos matutinos e vespertinos, das quais oito foram com visitas monitoradas e outras duas foram os locais escolhidos para a realiza\u00e7\u00e3o de atividades de abertura e forma\u00e7\u00e3o.\u00a0<\/p><p>Todos os participantes avaliaram positivamente as atividades desenvolvidas e aspectos abordados durante o est\u00e1gio. De maneira geral, elogiaram toda a programa\u00e7\u00e3o realizada ao longo da semana. Mencionaram como aspectos significativos as aprendizagens sobre inclus\u00e3o e diversidade, a possibilidade de refletir sobre os espa\u00e7os que visitaram e os programas e estrat\u00e9gias de trabalho que foram apresentadas nestas visitas.\u00a0<\/p><p>Os participantes elogiaram os trabalhos realizados nos locais e relataram os diversos aspectos que puderam ser observados, por exemplo, as quest\u00f5es relacionadas \u00e0s condi\u00e7\u00f5es socioecon\u00f4micas, g\u00eanero, ra\u00e7a e defici\u00eancia, presentes nos diversos projetos visitados\u00a0<\/p><p>O encerramento da semana de Est\u00e1gio ocorreu na Biblioteca Alceu Amoroso Lima, no dia 10\/11, no per\u00edodo da tarde, em uma mesa que contou com a presen\u00e7a de: Jairo Marques, escritor e colunista do jornal Folha de S\u00e3o Paulo nas tem\u00e1ticas da defici\u00eancia e da inclus\u00e3o; Lara Souto Santana, pesquisadora e funcion\u00e1ria da Secretaria de Estado dos Direitos das Pessoas com Defici\u00eancia de S\u00e3o Paulo; M\u00f4nica de Freitas Leal Alexandre e Mario Paulo Greggio, que trataram da sua condi\u00e7\u00e3o de leitores com defici\u00eancia (M\u00f4nica \u00e9 surda, Mario tem S\u00edndrome de Asperger). A mesa foi mediada Carla Mauch, Coordenadora Geral da Mais Diferen\u00e7as. O tema geral da conversa foi a rela\u00e7\u00e3o das pessoas com defici\u00eancia com seus processos de forma\u00e7\u00e3o e suas pr\u00e1ticas de leitura.\u00a0<\/p>\t\t\t\t\t<\/div>\n\t\t\t\t\t\t<\/div>\n\t\t\t\t<\/div>\n\t\t\t\t<div class=\"elementor-element elementor-element-cf6ca6a elementor-widget elementor-widget-image\" data-id=\"cf6ca6a\" data-element_type=\"widget\" data-widget_type=\"image.default\">\n\t\t\t\t<div class=\"elementor-widget-container\">\n\t\t\t\t\t\t\t\t<div class=\"elementor-image\">\n\t\t\t\t\t\t\t\t\t\t\t\t<img decoding=\"async\" width=\"2560\" height=\"1438\" src=\"https:\/\/www.iberbibliotecas.org\/wp-content\/uploads\/2017\/02\/Pasantias2017_1-scaled.jpg\" class=\"attachment-full size-full\" alt=\"\" loading=\"lazy\" srcset=\"https:\/\/www.iberbibliotecas.org\/wp-content\/uploads\/2017\/02\/Pasantias2017_1-scaled.jpg 2560w, https:\/\/www.iberbibliotecas.org\/wp-content\/uploads\/2017\/02\/Pasantias2017_1-300x169.jpg 300w, https:\/\/www.iberbibliotecas.org\/wp-content\/uploads\/2017\/02\/Pasantias2017_1-1024x575.jpg 1024w, https:\/\/www.iberbibliotecas.org\/wp-content\/uploads\/2017\/02\/Pasantias2017_1-768x431.jpg 768w, https:\/\/www.iberbibliotecas.org\/wp-content\/uploads\/2017\/02\/Pasantias2017_1-1536x863.jpg 1536w, https:\/\/www.iberbibliotecas.org\/wp-content\/uploads\/2017\/02\/Pasantias2017_1-2048x1150.jpg 2048w, https:\/\/www.iberbibliotecas.org\/wp-content\/uploads\/2017\/02\/Pasantias2017_1-16x9.jpg 16w\" sizes=\"100vw\" \/>\t\t\t\t\t\t\t\t\t\t\t\t\t\t<\/div>\n\t\t\t\t\t\t<\/div>\n\t\t\t\t<\/div>\n\t\t\t\t<div class=\"elementor-element elementor-element-fff33e0 elementor-widget elementor-widget-heading\" data-id=\"fff33e0\" data-element_type=\"widget\" data-widget_type=\"heading.default\">\n\t\t\t\t<div class=\"elementor-widget-container\">\n\t\t\t<h2 class=\"elementor-heading-title elementor-size-default\">Principais resultados <\/h2>\t\t<\/div>\n\t\t\t\t<\/div>\n\t\t\t\t<div class=\"elementor-element elementor-element-9f1374b elementor-widget elementor-widget-text-editor\" data-id=\"9f1374b\" data-element_type=\"widget\" data-widget_type=\"text-editor.default\">\n\t\t\t\t<div class=\"elementor-widget-container\">\n\t\t\t\t\t\t\t\t<div class=\"elementor-text-editor elementor-clearfix\">\n\t\t\t\t<p>Para os bibliotec\u00e1rios convidados e anfitri\u00f5es, oest\u00e1gio abriu um di\u00e1logo de conhecimentos e trocas de ideias em torno dagest\u00e3o e cria\u00e7\u00e3o de conte\u00fados nas bibliotecas com a participa\u00e7\u00e3o de seus usu\u00e1rios. A ideia central do encontro foi criar espa\u00e7os que fossem realmente inclusivos, isto \u00e9 lugares aos que toda a popula\u00e7\u00e3o possa ter acesso e utiliza\u00e7\u00e3o sem exce\u00e7\u00e3o.\u00a0<\/p><p>Como reflex\u00f5es finais, os participantes conclu\u00edram a visita afirmando a import\u00e2ncia dos ensinamentosdoest\u00e1gio sobre os direitos das pessoas com algum tipo dedefici\u00eancia e a import\u00e2ncia de planejar os servi\u00e7os e espa\u00e7os oferecidos ao p\u00fablico. Da mesmaforma, consideram que o conhecimento adquirido ao longo da est\u00e1gio contribuiu de maneira positiva para refletir sobre seus trabalhos e acrescentar ideias para o desenvolvimento de seus projetos e estrat\u00e9gias de trabalho com o p\u00fablico.\u00a0<\/p><p>Nesta segunda vers\u00e3o do programa de Est\u00e1gios Internacionais da Iberbibliotecas os estagi\u00e1rios manifestaram seu impacto positivo ao poder conhecer as diferentes experi\u00eancias e projetos n\u00e3o s\u00f3 de S\u00e3o Paulo mas tamb\u00e9m de seus colegas de diversos pa\u00edses com os quais compartilharam estes 5 dias.\u00a0<\/p>\t\t\t\t\t<\/div>\n\t\t\t\t\t\t<\/div>\n\t\t\t\t<\/div>\n\t\t\t\t<div class=\"elementor-element elementor-element-60abbb1 elementor-widget__width-initial elementor-widget-mobile__width-initial elementor-view-default elementor-widget elementor-widget-icon\" data-id=\"60abbb1\" data-element_type=\"widget\" data-widget_type=\"icon.default\">\n\t\t\t\t<div class=\"elementor-widget-container\">\n\t\t\t\t\t<div class=\"elementor-icon-wrapper\">\n\t\t\t<div class=\"elementor-icon\">\n\t\t\t<i aria-hidden=\"true\" class=\"fab fa-linkedin-in\"><\/i>\t\t\t<\/div>\n\t\t<\/div>\n\t\t\t\t<\/div>\n\t\t\t\t<\/div>\n\t\t\t\t<div class=\"elementor-element elementor-element-3f560dd elementor-widget__width-initial elementor-widget-mobile__width-initial elementor-view-default elementor-widget elementor-widget-icon\" data-id=\"3f560dd\" data-element_type=\"widget\" data-widget_type=\"icon.default\">\n\t\t\t\t<div class=\"elementor-widget-container\">\n\t\t\t\t\t<div class=\"elementor-icon-wrapper\">\n\t\t\t<div class=\"elementor-icon\">\n\t\t\t<i aria-hidden=\"true\" class=\"fab fa-facebook-f\"><\/i>\t\t\t<\/div>\n\t\t<\/div>\n\t\t\t\t<\/div>\n\t\t\t\t<\/div>\n\t\t\t\t<div class=\"elementor-element elementor-element-2970202 elementor-widget__width-initial elementor-widget-mobile__width-initial elementor-view-default elementor-widget elementor-widget-icon\" data-id=\"2970202\" data-element_type=\"widget\" data-widget_type=\"icon.default\">\n\t\t\t\t<div class=\"elementor-widget-container\">\n\t\t\t\t\t<div class=\"elementor-icon-wrapper\">\n\t\t\t<div class=\"elementor-icon\">\n\t\t\t<i aria-hidden=\"true\" class=\"fas fa-share-alt\"><\/i>\t\t\t<\/div>\n\t\t<\/div>\n\t\t\t\t<\/div>\n\t\t\t\t<\/div>\n\t\t\t\t<div class=\"elementor-element elementor-element-ba8af20 elementor-widget elementor-widget-button\" data-id=\"ba8af20\" data-element_type=\"widget\" id=\"INFENLC\" data-widget_type=\"button.default\">\n\t\t\t\t<div class=\"elementor-widget-container\">\n\t\t\t\t\t<div class=\"elementor-button-wrapper\">\n\t\t\t<a href=\"#\" class=\"elementor-button-link elementor-button elementor-size-sm\" role=\"button\">\n\t\t\t\t\t\t<span class=\"elementor-button-content-wrapper\">\n\t\t\t\t\t\t<span class=\"elementor-button-text\">Relat\u00f3rio dos estagiarios<\/span>\n\t\t<\/span>\n\t\t\t\t\t<\/a>\n\t\t<\/div>\n\t\t\t\t<\/div>\n\t\t\t\t<\/div>\n\t\t\t\t<div class=\"elementor-element elementor-element-31b405f elementor-widget elementor-widget-text-editor\" data-id=\"31b405f\" data-element_type=\"widget\" data-widget_type=\"text-editor.default\">\n\t\t\t\t<div class=\"elementor-widget-container\">\n\t\t\t\t\t\t\t\t<div class=\"elementor-text-editor elementor-clearfix\">\n\t\t\t\t<p>Leia cada um dos relat\u00f3rios clicando na imagem<\/p>\t\t\t\t\t<\/div>\n\t\t\t\t\t\t<\/div>\n\t\t\t\t<\/div>\n\t\t\t\t\t\t<\/div>\n\t\t\t\t\t<\/div>\n\t\t<\/div>\n\t\t\t\t<div class=\"elementor-column elementor-col-25 elementor-top-column elementor-element elementor-element-bdf9b28 elementor-hidden-phone\" data-id=\"bdf9b28\" data-element_type=\"column\">\n\t\t\t<div class=\"elementor-column-wrap elementor-element-populated\">\n\t\t\t\t\t\t\t<div class=\"elementor-widget-wrap\">\n\t\t\t\t\t\t<div class=\"elementor-element elementor-element-026cee0 elementor-widget elementor-widget-spacer\" data-id=\"026cee0\" data-element_type=\"widget\" data-widget_type=\"spacer.default\">\n\t\t\t\t<div class=\"elementor-widget-container\">\n\t\t\t\t\t<div class=\"elementor-spacer\">\n\t\t\t<div class=\"elementor-spacer-inner\"><\/div>\n\t\t<\/div>\n\t\t\t\t<\/div>\n\t\t\t\t<\/div>\n\t\t\t\t<section class=\"elementor-section elementor-inner-section elementor-element elementor-element-c60fa40 elementor-section-boxed elementor-section-height-default elementor-section-height-default\" data-id=\"c60fa40\" data-element_type=\"section\" data-settings=\"{&quot;sticky&quot;:&quot;top&quot;,&quot;sticky_offset&quot;:90,&quot;sticky_on&quot;:[&quot;desktop&quot;,&quot;tablet&quot;,&quot;mobile&quot;],&quot;sticky_effects_offset&quot;:0}\">\n\t\t\t\t\t\t<div class=\"elementor-container elementor-column-gap-default\">\n\t\t\t\t\t\t\t<div class=\"elementor-row\">\n\t\t\t\t\t<div class=\"elementor-column elementor-col-100 elementor-inner-column elementor-element elementor-element-c5a8dfd\" data-id=\"c5a8dfd\" data-element_type=\"column\" data-settings=\"{&quot;background_background&quot;:&quot;gradient&quot;}\">\n\t\t\t<div class=\"elementor-column-wrap elementor-element-populated\">\n\t\t\t\t\t\t\t<div class=\"elementor-widget-wrap\">\n\t\t\t\t\t\t<div class=\"elementor-element elementor-element-748193e elementor-widget elementor-widget-heading\" data-id=\"748193e\" data-element_type=\"widget\" data-widget_type=\"heading.default\">\n\t\t\t\t<div class=\"elementor-widget-container\">\n\t\t\t<h2 class=\"elementor-heading-title elementor-size-default\">\u00cdndice<\/h2>\t\t<\/div>\n\t\t\t\t<\/div>\n\t\t\t\t<div class=\"elementor-element elementor-element-6931223 elementor-align-left elementor-icon-list--layout-traditional elementor-list-item-link-full_width elementor-widget elementor-widget-icon-list\" data-id=\"6931223\" data-element_type=\"widget\" data-widget_type=\"icon-list.default\">\n\t\t\t\t<div class=\"elementor-widget-container\">\n\t\t\t\t\t<ul class=\"elementor-icon-list-items\">\n\t\t\t\t\t\t\t<li class=\"elementor-icon-list-item\">\n\t\t\t\t\t\t\t\t\t\t\t<a href=\"#ACCF\">\n\n\t\t\t\t\t\t\t\t\t\t\t\t<span class=\"elementor-icon-list-icon\">\n\t\t\t\t\t\t\t<i aria-hidden=\"true\" class=\"fas fa-chevron-right\"><\/i>\t\t\t\t\t\t<\/span>\n\t\t\t\t\t\t\t\t\t\t<span class=\"elementor-icon-list-text\">Accesibilidad<\/span>\n\t\t\t\t\t\t\t\t\t\t\t<\/a>\n\t\t\t\t\t\t\t\t\t<\/li>\n\t\t\t\t\t\t\t\t<li class=\"elementor-icon-list-item\">\n\t\t\t\t\t\t\t\t\t\t\t<a href=\"#INFENLC\">\n\n\t\t\t\t\t\t\t\t\t\t\t\t<span class=\"elementor-icon-list-icon\">\n\t\t\t\t\t\t\t<i aria-hidden=\"true\" class=\"fas fa-chevron-right\"><\/i>\t\t\t\t\t\t<\/span>\n\t\t\t\t\t\t\t\t\t\t<span class=\"elementor-icon-list-text\">RELAT\u00d3RIOS INTERNOS<\/span>\n\t\t\t\t\t\t\t\t\t\t\t<\/a>\n\t\t\t\t\t\t\t\t\t<\/li>\n\t\t\t\t\t\t<\/ul>\n\t\t\t\t<\/div>\n\t\t\t\t<\/div>\n\t\t\t\t\t\t<\/div>\n\t\t\t\t\t<\/div>\n\t\t<\/div>\n\t\t\t\t\t\t\t\t<\/div>\n\t\t\t\t\t<\/div>\n\t\t<\/section>\n\t\t\t\t<section class=\"elementor-section elementor-inner-section elementor-element elementor-element-98f5b8f elementor-section-boxed elementor-section-height-default elementor-section-height-default\" data-id=\"98f5b8f\" data-element_type=\"section\" data-settings=\"{&quot;sticky&quot;:&quot;top&quot;,&quot;sticky_offset&quot;:233,&quot;sticky_on&quot;:[&quot;desktop&quot;,&quot;tablet&quot;,&quot;mobile&quot;],&quot;sticky_effects_offset&quot;:0}\">\n\t\t\t\t\t\t<div class=\"elementor-container elementor-column-gap-default\">\n\t\t\t\t\t\t\t<div class=\"elementor-row\">\n\t\t\t\t\t<div class=\"elementor-column elementor-col-100 elementor-inner-column elementor-element elementor-element-1cdc5e7\" data-id=\"1cdc5e7\" data-element_type=\"column\" data-settings=\"{&quot;background_background&quot;:&quot;gradient&quot;}\">\n\t\t\t<div class=\"elementor-column-wrap elementor-element-populated\">\n\t\t\t\t\t\t\t<div class=\"elementor-widget-wrap\">\n\t\t\t\t\t\t<div class=\"elementor-element elementor-element-01b6742 elementor-widget elementor-widget-text-editor\" data-id=\"01b6742\" data-element_type=\"widget\" data-widget_type=\"text-editor.default\">\n\t\t\t\t<div class=\"elementor-widget-container\">\n\t\t\t\t\t\t\t\t<div class=\"elementor-text-editor elementor-clearfix\">\n\t\t\t\t<h3>Contate-nos em nosso email <br \/><span style=\"color: #0000ff;\"><a style=\"color: #0000ff;\" href=\"mailto:iberbibliotecas@cerlalc.org\" target=\"_blank\" rel=\"noopener\"><span style=\"text-decoration: underline;\">iberbibliotecas@cerlalc.org<\/span> <\/a>o a nuestro <a style=\"color: #0000ff;\" href=\"https:\/\/wa.link\/rsbea6\" target=\"_blank\" rel=\"noopener\"><span style=\"text-decoration: underline;\">WhatsApp:\u00a0 +57 313 898 14 82<\/span><\/a><\/span><\/h3><h3><span style=\"text-decoration: underline;\"><span style=\"color: #0000ff; text-decoration: underline;\">\u00a0<\/span><\/span><\/h3>\t\t\t\t\t<\/div>\n\t\t\t\t\t\t<\/div>\n\t\t\t\t<\/div>\n\t\t\t\t\t\t<\/div>\n\t\t\t\t\t<\/div>\n\t\t<\/div>\n\t\t\t\t\t\t\t\t<\/div>\n\t\t\t\t\t<\/div>\n\t\t<\/section>\n\t\t\t\t\t\t<\/div>\n\t\t\t\t\t<\/div>\n\t\t<\/div>\n\t\t\t\t<div class=\"elementor-column elementor-col-25 elementor-top-column elementor-element elementor-element-a579275\" data-id=\"a579275\" data-element_type=\"column\">\n\t\t\t<div class=\"elementor-column-wrap\">\n\t\t\t\t\t\t\t<div class=\"elementor-widget-wrap\">\n\t\t\t\t\t\t\t\t<\/div>\n\t\t\t\t\t<\/div>\n\t\t<\/div>\n\t\t\t\t\t\t\t\t<\/div>\n\t\t\t\t\t<\/div>\n\t\t<\/section>\n\t\t\t\t<section class=\"elementor-section elementor-top-section elementor-element elementor-element-36500ab elementor-section-boxed elementor-section-height-default elementor-section-height-default\" data-id=\"36500ab\" data-element_type=\"section\" data-settings=\"{&quot;background_background&quot;:&quot;classic&quot;}\">\n\t\t\t\t\t\t<div class=\"elementor-container elementor-column-gap-default\">\n\t\t\t\t\t\t\t<div class=\"elementor-row\">\n\t\t\t\t\t<div class=\"elementor-column elementor-col-25 elementor-top-column elementor-element elementor-element-8ad7940\" data-id=\"8ad7940\" data-element_type=\"column\">\n\t\t\t<div class=\"elementor-column-wrap elementor-element-populated\">\n\t\t\t\t\t\t\t<div class=\"elementor-widget-wrap\">\n\t\t\t\t\t\t<div class=\"elementor-element elementor-element-8ad28c5 elementor-widget elementor-widget-image\" data-id=\"8ad28c5\" data-element_type=\"widget\" data-widget_type=\"image.default\">\n\t\t\t\t<div class=\"elementor-widget-container\">\n\t\t\t\t\t\t\t\t<div class=\"elementor-image\">\n\t\t\t\t\t\t\t\t\t\t\t\t\t<a href=\"http:\/\/200.91.193.126\/wordpresswp-content\/uploads\/2021\/02\/Gabriel-Barsky.pdf\" target=\"_blank\">\n\t\t\t\t\t\t\t<img decoding=\"async\" width=\"673\" height=\"246\" src=\"https:\/\/www.iberbibliotecas.org\/wp-content\/uploads\/2021\/02\/1-Gabriel-Barsky.jpg\" class=\"attachment-full size-full\" alt=\"\" loading=\"lazy\" srcset=\"https:\/\/www.iberbibliotecas.org\/wp-content\/uploads\/2021\/02\/1-Gabriel-Barsky.jpg 673w, https:\/\/www.iberbibliotecas.org\/wp-content\/uploads\/2021\/02\/1-Gabriel-Barsky-300x110.jpg 300w, https:\/\/www.iberbibliotecas.org\/wp-content\/uploads\/2021\/02\/1-Gabriel-Barsky-16x6.jpg 16w\" sizes=\"100vw\" \/>\t\t\t\t\t\t\t\t<\/a>\n\t\t\t\t\t\t\t\t\t\t\t\t\t\t<\/div>\n\t\t\t\t\t\t<\/div>\n\t\t\t\t<\/div>\n\t\t\t\t\t\t<\/div>\n\t\t\t\t\t<\/div>\n\t\t<\/div>\n\t\t\t\t<div class=\"elementor-column elementor-col-25 elementor-top-column elementor-element elementor-element-0811a1a\" data-id=\"0811a1a\" data-element_type=\"column\">\n\t\t\t<div class=\"elementor-column-wrap elementor-element-populated\">\n\t\t\t\t\t\t\t<div class=\"elementor-widget-wrap\">\n\t\t\t\t\t\t<div class=\"elementor-element elementor-element-3386749 elementor-widget elementor-widget-image\" data-id=\"3386749\" data-element_type=\"widget\" data-widget_type=\"image.default\">\n\t\t\t\t<div class=\"elementor-widget-container\">\n\t\t\t\t\t\t\t\t<div class=\"elementor-image\">\n\t\t\t\t\t\t\t\t\t\t\t\t\t<a href=\"http:\/\/200.91.193.126\/wordpresswp-content\/uploads\/2021\/02\/Martin-Galli.pdf\" target=\"_blank\">\n\t\t\t\t\t\t\t<img decoding=\"async\" width=\"690\" height=\"247\" src=\"https:\/\/www.iberbibliotecas.org\/wp-content\/uploads\/2021\/02\/2-Martin-Galli.jpg\" class=\"attachment-full size-full\" alt=\"\" loading=\"lazy\" srcset=\"https:\/\/www.iberbibliotecas.org\/wp-content\/uploads\/2021\/02\/2-Martin-Galli.jpg 690w, https:\/\/www.iberbibliotecas.org\/wp-content\/uploads\/2021\/02\/2-Martin-Galli-300x107.jpg 300w, https:\/\/www.iberbibliotecas.org\/wp-content\/uploads\/2021\/02\/2-Martin-Galli-16x6.jpg 16w\" sizes=\"100vw\" \/>\t\t\t\t\t\t\t\t<\/a>\n\t\t\t\t\t\t\t\t\t\t\t\t\t\t<\/div>\n\t\t\t\t\t\t<\/div>\n\t\t\t\t<\/div>\n\t\t\t\t\t\t<\/div>\n\t\t\t\t\t<\/div>\n\t\t<\/div>\n\t\t\t\t<div class=\"elementor-column elementor-col-25 elementor-top-column elementor-element elementor-element-f7e895e\" data-id=\"f7e895e\" data-element_type=\"column\">\n\t\t\t<div class=\"elementor-column-wrap elementor-element-populated\">\n\t\t\t\t\t\t\t<div class=\"elementor-widget-wrap\">\n\t\t\t\t\t\t<div class=\"elementor-element elementor-element-36ee307 elementor-widget elementor-widget-image\" data-id=\"36ee307\" data-element_type=\"widget\" data-widget_type=\"image.default\">\n\t\t\t\t<div class=\"elementor-widget-container\">\n\t\t\t\t\t\t\t\t<div class=\"elementor-image\">\n\t\t\t\t\t\t\t\t\t\t\t\t\t<a href=\"http:\/\/200.91.193.126\/wordpresswp-content\/uploads\/2021\/02\/Julian-Roldan.pdf\" target=\"_blank\">\n\t\t\t\t\t\t\t<img decoding=\"async\" width=\"660\" height=\"271\" src=\"https:\/\/www.iberbibliotecas.org\/wp-content\/uploads\/2021\/02\/3-Julian-Roldan.jpg\" class=\"attachment-full size-full\" alt=\"\" loading=\"lazy\" srcset=\"https:\/\/www.iberbibliotecas.org\/wp-content\/uploads\/2021\/02\/3-Julian-Roldan.jpg 660w, https:\/\/www.iberbibliotecas.org\/wp-content\/uploads\/2021\/02\/3-Julian-Roldan-300x123.jpg 300w, https:\/\/www.iberbibliotecas.org\/wp-content\/uploads\/2021\/02\/3-Julian-Roldan-16x7.jpg 16w\" sizes=\"100vw\" \/>\t\t\t\t\t\t\t\t<\/a>\n\t\t\t\t\t\t\t\t\t\t\t\t\t\t<\/div>\n\t\t\t\t\t\t<\/div>\n\t\t\t\t<\/div>\n\t\t\t\t\t\t<\/div>\n\t\t\t\t\t<\/div>\n\t\t<\/div>\n\t\t\t\t<div class=\"elementor-column elementor-col-25 elementor-top-column elementor-element elementor-element-94a14a5\" data-id=\"94a14a5\" data-element_type=\"column\">\n\t\t\t<div class=\"elementor-column-wrap elementor-element-populated\">\n\t\t\t\t\t\t\t<div class=\"elementor-widget-wrap\">\n\t\t\t\t\t\t<div class=\"elementor-element elementor-element-1e1e894 elementor-widget elementor-widget-image\" data-id=\"1e1e894\" data-element_type=\"widget\" data-widget_type=\"image.default\">\n\t\t\t\t<div class=\"elementor-widget-container\">\n\t\t\t\t\t\t\t\t<div class=\"elementor-image\">\n\t\t\t\t\t\t\t\t\t\t\t\t\t<a href=\"http:\/\/200.91.193.126\/wordpresswp-content\/uploads\/2021\/02\/Socorro-Bahia-1.pdf\" target=\"_blank\">\n\t\t\t\t\t\t\t<img decoding=\"async\" width=\"650\" height=\"273\" src=\"https:\/\/www.iberbibliotecas.org\/wp-content\/uploads\/2021\/02\/4-Socorro-baia.jpg\" class=\"attachment-full size-full\" alt=\"\" loading=\"lazy\" srcset=\"https:\/\/www.iberbibliotecas.org\/wp-content\/uploads\/2021\/02\/4-Socorro-baia.jpg 650w, https:\/\/www.iberbibliotecas.org\/wp-content\/uploads\/2021\/02\/4-Socorro-baia-300x126.jpg 300w, https:\/\/www.iberbibliotecas.org\/wp-content\/uploads\/2021\/02\/4-Socorro-baia-16x7.jpg 16w\" sizes=\"100vw\" \/>\t\t\t\t\t\t\t\t<\/a>\n\t\t\t\t\t\t\t\t\t\t\t\t\t\t<\/div>\n\t\t\t\t\t\t<\/div>\n\t\t\t\t<\/div>\n\t\t\t\t\t\t<\/div>\n\t\t\t\t\t<\/div>\n\t\t<\/div>\n\t\t\t\t\t\t\t\t<\/div>\n\t\t\t\t\t<\/div>\n\t\t<\/section>\n\t\t\t\t<section class=\"elementor-section elementor-top-section elementor-element elementor-element-593a869 elementor-section-boxed elementor-section-height-default elementor-section-height-default\" data-id=\"593a869\" data-element_type=\"section\" data-settings=\"{&quot;background_background&quot;:&quot;classic&quot;}\">\n\t\t\t\t\t\t<div class=\"elementor-container elementor-column-gap-default\">\n\t\t\t\t\t\t\t<div class=\"elementor-row\">\n\t\t\t\t\t<div class=\"elementor-column elementor-col-25 elementor-top-column elementor-element elementor-element-6e5e3f6\" data-id=\"6e5e3f6\" data-element_type=\"column\">\n\t\t\t<div class=\"elementor-column-wrap elementor-element-populated\">\n\t\t\t\t\t\t\t<div class=\"elementor-widget-wrap\">\n\t\t\t\t\t\t<div class=\"elementor-element elementor-element-85c6384 elementor-widget elementor-widget-image\" data-id=\"85c6384\" data-element_type=\"widget\" data-widget_type=\"image.default\">\n\t\t\t\t<div class=\"elementor-widget-container\">\n\t\t\t\t\t\t\t\t<div class=\"elementor-image\">\n\t\t\t\t\t\t\t\t\t\t\t\t\t<a href=\"http:\/\/200.91.193.126\/wordpresswp-content\/uploads\/2021\/02\/Katia-Costa.pdf\" target=\"_blank\">\n\t\t\t\t\t\t\t<img decoding=\"async\" width=\"659\" height=\"272\" src=\"https:\/\/www.iberbibliotecas.org\/wp-content\/uploads\/2021\/02\/5-Katia-costa.jpg\" class=\"attachment-full size-full\" alt=\"\" loading=\"lazy\" srcset=\"https:\/\/www.iberbibliotecas.org\/wp-content\/uploads\/2021\/02\/5-Katia-costa.jpg 659w, https:\/\/www.iberbibliotecas.org\/wp-content\/uploads\/2021\/02\/5-Katia-costa-300x124.jpg 300w, https:\/\/www.iberbibliotecas.org\/wp-content\/uploads\/2021\/02\/5-Katia-costa-16x7.jpg 16w\" sizes=\"100vw\" \/>\t\t\t\t\t\t\t\t<\/a>\n\t\t\t\t\t\t\t\t\t\t\t\t\t\t<\/div>\n\t\t\t\t\t\t<\/div>\n\t\t\t\t<\/div>\n\t\t\t\t\t\t<\/div>\n\t\t\t\t\t<\/div>\n\t\t<\/div>\n\t\t\t\t<div class=\"elementor-column elementor-col-25 elementor-top-column elementor-element elementor-element-6deee8c\" data-id=\"6deee8c\" data-element_type=\"column\">\n\t\t\t<div class=\"elementor-column-wrap elementor-element-populated\">\n\t\t\t\t\t\t\t<div class=\"elementor-widget-wrap\">\n\t\t\t\t\t\t<div class=\"elementor-element elementor-element-08c8be2 elementor-widget elementor-widget-image\" data-id=\"08c8be2\" data-element_type=\"widget\" data-widget_type=\"image.default\">\n\t\t\t\t<div class=\"elementor-widget-container\">\n\t\t\t\t\t\t\t\t<div class=\"elementor-image\">\n\t\t\t\t\t\t\t\t\t\t\t\t\t<a href=\"http:\/\/200.91.193.126\/wordpresswp-content\/uploads\/2021\/02\/Gildete-de-Souza.pdf\" target=\"_blank\">\n\t\t\t\t\t\t\t<img decoding=\"async\" width=\"650\" height=\"275\" src=\"https:\/\/www.iberbibliotecas.org\/wp-content\/uploads\/2021\/02\/6-Gildete-de-Souza.jpg\" class=\"attachment-full size-full\" alt=\"\" loading=\"lazy\" srcset=\"https:\/\/www.iberbibliotecas.org\/wp-content\/uploads\/2021\/02\/6-Gildete-de-Souza.jpg 650w, https:\/\/www.iberbibliotecas.org\/wp-content\/uploads\/2021\/02\/6-Gildete-de-Souza-300x127.jpg 300w, https:\/\/www.iberbibliotecas.org\/wp-content\/uploads\/2021\/02\/6-Gildete-de-Souza-16x7.jpg 16w\" sizes=\"100vw\" \/>\t\t\t\t\t\t\t\t<\/a>\n\t\t\t\t\t\t\t\t\t\t\t\t\t\t<\/div>\n\t\t\t\t\t\t<\/div>\n\t\t\t\t<\/div>\n\t\t\t\t\t\t<\/div>\n\t\t\t\t\t<\/div>\n\t\t<\/div>\n\t\t\t\t<div class=\"elementor-column elementor-col-25 elementor-top-column elementor-element elementor-element-468c224\" data-id=\"468c224\" data-element_type=\"column\">\n\t\t\t<div class=\"elementor-column-wrap elementor-element-populated\">\n\t\t\t\t\t\t\t<div class=\"elementor-widget-wrap\">\n\t\t\t\t\t\t<div class=\"elementor-element elementor-element-4d2c4ac elementor-widget elementor-widget-image\" data-id=\"4d2c4ac\" data-element_type=\"widget\" data-widget_type=\"image.default\">\n\t\t\t\t<div class=\"elementor-widget-container\">\n\t\t\t\t\t\t\t\t<div class=\"elementor-image\">\n\t\t\t\t\t\t\t\t\t\t\t\t\t<a href=\"http:\/\/200.91.193.126\/wordpresswp-content\/uploads\/2021\/02\/Eduardo-Bow-1.pdf\" target=\"_blank\">\n\t\t\t\t\t\t\t<img decoding=\"async\" width=\"653\" height=\"273\" src=\"https:\/\/www.iberbibliotecas.org\/wp-content\/uploads\/2021\/02\/7-Eduardo-Bow.jpg\" class=\"attachment-full size-full\" alt=\"\" loading=\"lazy\" srcset=\"https:\/\/www.iberbibliotecas.org\/wp-content\/uploads\/2021\/02\/7-Eduardo-Bow.jpg 653w, https:\/\/www.iberbibliotecas.org\/wp-content\/uploads\/2021\/02\/7-Eduardo-Bow-300x125.jpg 300w, https:\/\/www.iberbibliotecas.org\/wp-content\/uploads\/2021\/02\/7-Eduardo-Bow-16x7.jpg 16w\" sizes=\"100vw\" \/>\t\t\t\t\t\t\t\t<\/a>\n\t\t\t\t\t\t\t\t\t\t\t\t\t\t<\/div>\n\t\t\t\t\t\t<\/div>\n\t\t\t\t<\/div>\n\t\t\t\t\t\t<\/div>\n\t\t\t\t\t<\/div>\n\t\t<\/div>\n\t\t\t\t<div class=\"elementor-column elementor-col-25 elementor-top-column elementor-element elementor-element-5f8fd3a\" data-id=\"5f8fd3a\" data-element_type=\"column\">\n\t\t\t<div class=\"elementor-column-wrap elementor-element-populated\">\n\t\t\t\t\t\t\t<div class=\"elementor-widget-wrap\">\n\t\t\t\t\t\t<div class=\"elementor-element elementor-element-6d470df elementor-widget elementor-widget-image\" data-id=\"6d470df\" data-element_type=\"widget\" data-widget_type=\"image.default\">\n\t\t\t\t<div class=\"elementor-widget-container\">\n\t\t\t\t\t\t\t\t<div class=\"elementor-image\">\n\t\t\t\t\t\t\t\t\t\t\t\t\t<a href=\"http:\/\/200.91.193.126\/wordpresswp-content\/uploads\/2021\/02\/Carmen_Jopia-1.pdf\" target=\"_blank\">\n\t\t\t\t\t\t\t<img decoding=\"async\" width=\"659\" height=\"275\" src=\"https:\/\/www.iberbibliotecas.org\/wp-content\/uploads\/2021\/02\/8-Carmen-Jopia.jpg\" class=\"attachment-full size-full\" alt=\"\" loading=\"lazy\" srcset=\"https:\/\/www.iberbibliotecas.org\/wp-content\/uploads\/2021\/02\/8-Carmen-Jopia.jpg 659w, https:\/\/www.iberbibliotecas.org\/wp-content\/uploads\/2021\/02\/8-Carmen-Jopia-300x125.jpg 300w, https:\/\/www.iberbibliotecas.org\/wp-content\/uploads\/2021\/02\/8-Carmen-Jopia-16x7.jpg 16w\" sizes=\"100vw\" \/>\t\t\t\t\t\t\t\t<\/a>\n\t\t\t\t\t\t\t\t\t\t\t\t\t\t<\/div>\n\t\t\t\t\t\t<\/div>\n\t\t\t\t<\/div>\n\t\t\t\t\t\t<\/div>\n\t\t\t\t\t<\/div>\n\t\t<\/div>\n\t\t\t\t\t\t\t\t<\/div>\n\t\t\t\t\t<\/div>\n\t\t<\/section>\n\t\t\t\t<section class=\"elementor-section elementor-top-section elementor-element elementor-element-f375df7 elementor-section-boxed elementor-section-height-default elementor-section-height-default\" data-id=\"f375df7\" data-element_type=\"section\" data-settings=\"{&quot;background_background&quot;:&quot;classic&quot;}\">\n\t\t\t\t\t\t<div class=\"elementor-container elementor-column-gap-default\">\n\t\t\t\t\t\t\t<div class=\"elementor-row\">\n\t\t\t\t\t<div class=\"elementor-column elementor-col-25 elementor-top-column elementor-element elementor-element-8ee63dc\" data-id=\"8ee63dc\" data-element_type=\"column\">\n\t\t\t<div class=\"elementor-column-wrap elementor-element-populated\">\n\t\t\t\t\t\t\t<div class=\"elementor-widget-wrap\">\n\t\t\t\t\t\t<div class=\"elementor-element elementor-element-ddddd89 elementor-widget elementor-widget-image\" data-id=\"ddddd89\" data-element_type=\"widget\" data-widget_type=\"image.default\">\n\t\t\t\t<div class=\"elementor-widget-container\">\n\t\t\t\t\t\t\t\t<div class=\"elementor-image\">\n\t\t\t\t\t\t\t\t\t\t\t\t\t<a href=\"http:\/\/200.91.193.126\/wordpresswp-content\/uploads\/2021\/02\/Rosario-Saldivia.pdf\" target=\"_blank\">\n\t\t\t\t\t\t\t<img decoding=\"async\" width=\"651\" height=\"275\" src=\"https:\/\/www.iberbibliotecas.org\/wp-content\/uploads\/2021\/02\/9-Rosario-Saldivia.jpg\" class=\"attachment-full size-full\" alt=\"\" loading=\"lazy\" srcset=\"https:\/\/www.iberbibliotecas.org\/wp-content\/uploads\/2021\/02\/9-Rosario-Saldivia.jpg 651w, https:\/\/www.iberbibliotecas.org\/wp-content\/uploads\/2021\/02\/9-Rosario-Saldivia-300x127.jpg 300w, https:\/\/www.iberbibliotecas.org\/wp-content\/uploads\/2021\/02\/9-Rosario-Saldivia-16x7.jpg 16w\" sizes=\"100vw\" \/>\t\t\t\t\t\t\t\t<\/a>\n\t\t\t\t\t\t\t\t\t\t\t\t\t\t<\/div>\n\t\t\t\t\t\t<\/div>\n\t\t\t\t<\/div>\n\t\t\t\t\t\t<\/div>\n\t\t\t\t\t<\/div>\n\t\t<\/div>\n\t\t\t\t<div class=\"elementor-column elementor-col-25 elementor-top-column elementor-element elementor-element-66cbedd\" data-id=\"66cbedd\" data-element_type=\"column\">\n\t\t\t<div class=\"elementor-column-wrap elementor-element-populated\">\n\t\t\t\t\t\t\t<div class=\"elementor-widget-wrap\">\n\t\t\t\t\t\t<div class=\"elementor-element elementor-element-f6b74dd elementor-widget elementor-widget-image\" data-id=\"f6b74dd\" data-element_type=\"widget\" data-widget_type=\"image.default\">\n\t\t\t\t<div class=\"elementor-widget-container\">\n\t\t\t\t\t\t\t\t<div class=\"elementor-image\">\n\t\t\t\t\t\t\t\t\t\t\t\t\t<a href=\"http:\/\/200.91.193.126\/wordpresswp-content\/uploads\/2021\/02\/ANDRES-FELIPE-BEDOYA-RAMIREZ-1.pdf\" target=\"_blank\">\n\t\t\t\t\t\t\t<img decoding=\"async\" width=\"648\" height=\"274\" src=\"https:\/\/www.iberbibliotecas.org\/wp-content\/uploads\/2021\/02\/10-Andres-Ramirez-Bedoya.jpg\" class=\"attachment-full size-full\" alt=\"\" loading=\"lazy\" srcset=\"https:\/\/www.iberbibliotecas.org\/wp-content\/uploads\/2021\/02\/10-Andres-Ramirez-Bedoya.jpg 648w, https:\/\/www.iberbibliotecas.org\/wp-content\/uploads\/2021\/02\/10-Andres-Ramirez-Bedoya-300x127.jpg 300w, https:\/\/www.iberbibliotecas.org\/wp-content\/uploads\/2021\/02\/10-Andres-Ramirez-Bedoya-16x7.jpg 16w\" sizes=\"100vw\" \/>\t\t\t\t\t\t\t\t<\/a>\n\t\t\t\t\t\t\t\t\t\t\t\t\t\t<\/div>\n\t\t\t\t\t\t<\/div>\n\t\t\t\t<\/div>\n\t\t\t\t\t\t<\/div>\n\t\t\t\t\t<\/div>\n\t\t<\/div>\n\t\t\t\t<div class=\"elementor-column elementor-col-25 elementor-top-column elementor-element elementor-element-7ebb4f3\" data-id=\"7ebb4f3\" data-element_type=\"column\">\n\t\t\t<div class=\"elementor-column-wrap elementor-element-populated\">\n\t\t\t\t\t\t\t<div class=\"elementor-widget-wrap\">\n\t\t\t\t\t\t<div class=\"elementor-element elementor-element-9fd5f69 elementor-widget elementor-widget-image\" data-id=\"9fd5f69\" data-element_type=\"widget\" data-widget_type=\"image.default\">\n\t\t\t\t<div class=\"elementor-widget-container\">\n\t\t\t\t\t\t\t\t<div class=\"elementor-image\">\n\t\t\t\t\t\t\t\t\t\t\t\t\t<a href=\"http:\/\/200.91.193.126\/wordpresswp-content\/uploads\/2021\/02\/Maria-Gonzalez.pdf\" target=\"_blank\">\n\t\t\t\t\t\t\t<img decoding=\"async\" width=\"648\" height=\"274\" src=\"https:\/\/www.iberbibliotecas.org\/wp-content\/uploads\/2021\/02\/11-Maria-Gonzalez.jpg\" class=\"attachment-full size-full\" alt=\"\" loading=\"lazy\" srcset=\"https:\/\/www.iberbibliotecas.org\/wp-content\/uploads\/2021\/02\/11-Maria-Gonzalez.jpg 648w, https:\/\/www.iberbibliotecas.org\/wp-content\/uploads\/2021\/02\/11-Maria-Gonzalez-300x127.jpg 300w, https:\/\/www.iberbibliotecas.org\/wp-content\/uploads\/2021\/02\/11-Maria-Gonzalez-16x7.jpg 16w\" sizes=\"100vw\" \/>\t\t\t\t\t\t\t\t<\/a>\n\t\t\t\t\t\t\t\t\t\t\t\t\t\t<\/div>\n\t\t\t\t\t\t<\/div>\n\t\t\t\t<\/div>\n\t\t\t\t\t\t<\/div>\n\t\t\t\t\t<\/div>\n\t\t<\/div>\n\t\t\t\t<div class=\"elementor-column elementor-col-25 elementor-top-column elementor-element elementor-element-4678060\" data-id=\"4678060\" data-element_type=\"column\">\n\t\t\t<div class=\"elementor-column-wrap elementor-element-populated\">\n\t\t\t\t\t\t\t<div class=\"elementor-widget-wrap\">\n\t\t\t\t\t\t<div class=\"elementor-element elementor-element-ca19f1a elementor-widget elementor-widget-image\" data-id=\"ca19f1a\" data-element_type=\"widget\" data-widget_type=\"image.default\">\n\t\t\t\t<div class=\"elementor-widget-container\">\n\t\t\t\t\t\t\t\t<div class=\"elementor-image\">\n\t\t\t\t\t\t\t\t\t\t\t\t\t<a href=\"http:\/\/200.91.193.126\/wordpresswp-content\/uploads\/2021\/02\/Piedad-Ortiz-H-1.pdf\" target=\"_blank\">\n\t\t\t\t\t\t\t<img decoding=\"async\" width=\"643\" height=\"273\" src=\"https:\/\/www.iberbibliotecas.org\/wp-content\/uploads\/2021\/02\/12-Piedad-Ortiz.jpg\" class=\"attachment-full size-full\" alt=\"\" loading=\"lazy\" srcset=\"https:\/\/www.iberbibliotecas.org\/wp-content\/uploads\/2021\/02\/12-Piedad-Ortiz.jpg 643w, https:\/\/www.iberbibliotecas.org\/wp-content\/uploads\/2021\/02\/12-Piedad-Ortiz-300x127.jpg 300w, https:\/\/www.iberbibliotecas.org\/wp-content\/uploads\/2021\/02\/12-Piedad-Ortiz-16x7.jpg 16w\" sizes=\"100vw\" \/>\t\t\t\t\t\t\t\t<\/a>\n\t\t\t\t\t\t\t\t\t\t\t\t\t\t<\/div>\n\t\t\t\t\t\t<\/div>\n\t\t\t\t<\/div>\n\t\t\t\t\t\t<\/div>\n\t\t\t\t\t<\/div>\n\t\t<\/div>\n\t\t\t\t\t\t\t\t<\/div>\n\t\t\t\t\t<\/div>\n\t\t<\/section>\n\t\t\t\t<section class=\"elementor-section elementor-top-section elementor-element elementor-element-8a1a2f7 elementor-section-boxed elementor-section-height-default elementor-section-height-default\" data-id=\"8a1a2f7\" data-element_type=\"section\" data-settings=\"{&quot;background_background&quot;:&quot;classic&quot;}\">\n\t\t\t\t\t\t<div class=\"elementor-container elementor-column-gap-default\">\n\t\t\t\t\t\t\t<div class=\"elementor-row\">\n\t\t\t\t\t<div class=\"elementor-column elementor-col-25 elementor-top-column elementor-element elementor-element-7770c34\" data-id=\"7770c34\" data-element_type=\"column\">\n\t\t\t<div class=\"elementor-column-wrap elementor-element-populated\">\n\t\t\t\t\t\t\t<div class=\"elementor-widget-wrap\">\n\t\t\t\t\t\t<div class=\"elementor-element elementor-element-246f108 elementor-widget elementor-widget-image\" data-id=\"246f108\" data-element_type=\"widget\" data-widget_type=\"image.default\">\n\t\t\t\t<div class=\"elementor-widget-container\">\n\t\t\t\t\t\t\t\t<div class=\"elementor-image\">\n\t\t\t\t\t\t\t\t\t\t\t\t\t<a href=\"http:\/\/200.91.193.126\/wordpresswp-content\/uploads\/2021\/02\/Sara-Benavides-1.pdf\" target=\"_blank\">\n\t\t\t\t\t\t\t<img decoding=\"async\" width=\"649\" height=\"274\" src=\"https:\/\/www.iberbibliotecas.org\/wp-content\/uploads\/2021\/02\/13-sara-benavides.jpg\" class=\"attachment-full size-full\" alt=\"\" loading=\"lazy\" srcset=\"https:\/\/www.iberbibliotecas.org\/wp-content\/uploads\/2021\/02\/13-sara-benavides.jpg 649w, https:\/\/www.iberbibliotecas.org\/wp-content\/uploads\/2021\/02\/13-sara-benavides-300x127.jpg 300w, https:\/\/www.iberbibliotecas.org\/wp-content\/uploads\/2021\/02\/13-sara-benavides-16x7.jpg 16w\" sizes=\"100vw\" \/>\t\t\t\t\t\t\t\t<\/a>\n\t\t\t\t\t\t\t\t\t\t\t\t\t\t<\/div>\n\t\t\t\t\t\t<\/div>\n\t\t\t\t<\/div>\n\t\t\t\t\t\t<\/div>\n\t\t\t\t\t<\/div>\n\t\t<\/div>\n\t\t\t\t<div class=\"elementor-column elementor-col-25 elementor-top-column elementor-element elementor-element-855decb\" data-id=\"855decb\" data-element_type=\"column\">\n\t\t\t<div class=\"elementor-column-wrap elementor-element-populated\">\n\t\t\t\t\t\t\t<div class=\"elementor-widget-wrap\">\n\t\t\t\t\t\t<div class=\"elementor-element elementor-element-19a675a elementor-widget elementor-widget-image\" data-id=\"19a675a\" data-element_type=\"widget\" data-widget_type=\"image.default\">\n\t\t\t\t<div class=\"elementor-widget-container\">\n\t\t\t\t\t\t\t\t<div class=\"elementor-image\">\n\t\t\t\t\t\t\t\t\t\t\t\t\t<a href=\"http:\/\/200.91.193.126\/wordpresswp-content\/uploads\/2021\/02\/Helga-Ocampo.pdf\" target=\"_blank\">\n\t\t\t\t\t\t\t<img decoding=\"async\" width=\"645\" height=\"273\" src=\"https:\/\/www.iberbibliotecas.org\/wp-content\/uploads\/2021\/02\/14-Helga-Ocampo.jpg\" class=\"attachment-full size-full\" alt=\"\" loading=\"lazy\" srcset=\"https:\/\/www.iberbibliotecas.org\/wp-content\/uploads\/2021\/02\/14-Helga-Ocampo.jpg 645w, https:\/\/www.iberbibliotecas.org\/wp-content\/uploads\/2021\/02\/14-Helga-Ocampo-300x127.jpg 300w, https:\/\/www.iberbibliotecas.org\/wp-content\/uploads\/2021\/02\/14-Helga-Ocampo-16x7.jpg 16w\" sizes=\"100vw\" \/>\t\t\t\t\t\t\t\t<\/a>\n\t\t\t\t\t\t\t\t\t\t\t\t\t\t<\/div>\n\t\t\t\t\t\t<\/div>\n\t\t\t\t<\/div>\n\t\t\t\t\t\t<\/div>\n\t\t\t\t\t<\/div>\n\t\t<\/div>\n\t\t\t\t<div class=\"elementor-column elementor-col-25 elementor-top-column elementor-element elementor-element-393a15f\" data-id=\"393a15f\" data-element_type=\"column\">\n\t\t\t<div class=\"elementor-column-wrap elementor-element-populated\">\n\t\t\t\t\t\t\t<div class=\"elementor-widget-wrap\">\n\t\t\t\t\t\t<div class=\"elementor-element elementor-element-fbbf711 elementor-widget elementor-widget-image\" data-id=\"fbbf711\" data-element_type=\"widget\" data-widget_type=\"image.default\">\n\t\t\t\t<div class=\"elementor-widget-container\">\n\t\t\t\t\t\t\t\t<div class=\"elementor-image\">\n\t\t\t\t\t\t\t\t\t\t\t\t\t<a href=\"http:\/\/200.91.193.126\/wordpresswp-content\/uploads\/2021\/02\/Vivian-Lascarez.pdf\" target=\"_blank\">\n\t\t\t\t\t\t\t<img decoding=\"async\" width=\"645\" height=\"271\" src=\"https:\/\/www.iberbibliotecas.org\/wp-content\/uploads\/2021\/02\/15-Vivian-Lascarez.jpg\" class=\"attachment-full size-full\" alt=\"\" loading=\"lazy\" srcset=\"https:\/\/www.iberbibliotecas.org\/wp-content\/uploads\/2021\/02\/15-Vivian-Lascarez.jpg 645w, https:\/\/www.iberbibliotecas.org\/wp-content\/uploads\/2021\/02\/15-Vivian-Lascarez-300x126.jpg 300w, https:\/\/www.iberbibliotecas.org\/wp-content\/uploads\/2021\/02\/15-Vivian-Lascarez-16x7.jpg 16w\" sizes=\"100vw\" \/>\t\t\t\t\t\t\t\t<\/a>\n\t\t\t\t\t\t\t\t\t\t\t\t\t\t<\/div>\n\t\t\t\t\t\t<\/div>\n\t\t\t\t<\/div>\n\t\t\t\t\t\t<\/div>\n\t\t\t\t\t<\/div>\n\t\t<\/div>\n\t\t\t\t<div class=\"elementor-column elementor-col-25 elementor-top-column elementor-element elementor-element-bfac76b\" data-id=\"bfac76b\" data-element_type=\"column\">\n\t\t\t<div class=\"elementor-column-wrap elementor-element-populated\">\n\t\t\t\t\t\t\t<div class=\"elementor-widget-wrap\">\n\t\t\t\t\t\t<div class=\"elementor-element elementor-element-394fc30 elementor-widget elementor-widget-image\" data-id=\"394fc30\" data-element_type=\"widget\" data-widget_type=\"image.default\">\n\t\t\t\t<div class=\"elementor-widget-container\">\n\t\t\t\t\t\t\t\t<div class=\"elementor-image\">\n\t\t\t\t\t\t\t\t\t\t\t\t\t<a href=\"http:\/\/200.91.193.126\/wordpresswp-content\/uploads\/2021\/02\/David-Martinez.pdf\" target=\"_blank\">\n\t\t\t\t\t\t\t<img decoding=\"async\" width=\"675\" height=\"273\" src=\"https:\/\/www.iberbibliotecas.org\/wp-content\/uploads\/2021\/02\/16-David-Martinez.jpg\" class=\"attachment-full size-full\" alt=\"\" loading=\"lazy\" srcset=\"https:\/\/www.iberbibliotecas.org\/wp-content\/uploads\/2021\/02\/16-David-Martinez.jpg 675w, https:\/\/www.iberbibliotecas.org\/wp-content\/uploads\/2021\/02\/16-David-Martinez-300x121.jpg 300w, https:\/\/www.iberbibliotecas.org\/wp-content\/uploads\/2021\/02\/16-David-Martinez-16x6.jpg 16w\" sizes=\"100vw\" \/>\t\t\t\t\t\t\t\t<\/a>\n\t\t\t\t\t\t\t\t\t\t\t\t\t\t<\/div>\n\t\t\t\t\t\t<\/div>\n\t\t\t\t<\/div>\n\t\t\t\t\t\t<\/div>\n\t\t\t\t\t<\/div>\n\t\t<\/div>\n\t\t\t\t\t\t\t\t<\/div>\n\t\t\t\t\t<\/div>\n\t\t<\/section>\n\t\t\t\t<section class=\"elementor-section elementor-top-section elementor-element elementor-element-b33f15d elementor-section-boxed elementor-section-height-default elementor-section-height-default\" data-id=\"b33f15d\" data-element_type=\"section\" data-settings=\"{&quot;background_background&quot;:&quot;classic&quot;}\">\n\t\t\t\t\t\t<div class=\"elementor-container elementor-column-gap-default\">\n\t\t\t\t\t\t\t<div class=\"elementor-row\">\n\t\t\t\t\t<div class=\"elementor-column elementor-col-25 elementor-top-column elementor-element elementor-element-0721b6f\" data-id=\"0721b6f\" data-element_type=\"column\">\n\t\t\t<div class=\"elementor-column-wrap elementor-element-populated\">\n\t\t\t\t\t\t\t<div class=\"elementor-widget-wrap\">\n\t\t\t\t\t\t<div class=\"elementor-element elementor-element-781120a elementor-widget elementor-widget-image\" data-id=\"781120a\" data-element_type=\"widget\" data-widget_type=\"image.default\">\n\t\t\t\t<div class=\"elementor-widget-container\">\n\t\t\t\t\t\t\t\t<div class=\"elementor-image\">\n\t\t\t\t\t\t\t\t\t\t\t\t\t<a href=\"http:\/\/200.91.193.126\/wordpresswp-content\/uploads\/2021\/02\/Maria-Jose-Maya-1.pdf\" target=\"_blank\">\n\t\t\t\t\t\t\t<img decoding=\"async\" width=\"650\" height=\"276\" src=\"https:\/\/www.iberbibliotecas.org\/wp-content\/uploads\/2021\/02\/17-Maria-Jose-Maya.jpg\" class=\"attachment-full size-full\" alt=\"\" loading=\"lazy\" srcset=\"https:\/\/www.iberbibliotecas.org\/wp-content\/uploads\/2021\/02\/17-Maria-Jose-Maya.jpg 650w, https:\/\/www.iberbibliotecas.org\/wp-content\/uploads\/2021\/02\/17-Maria-Jose-Maya-300x127.jpg 300w, https:\/\/www.iberbibliotecas.org\/wp-content\/uploads\/2021\/02\/17-Maria-Jose-Maya-16x7.jpg 16w\" sizes=\"100vw\" \/>\t\t\t\t\t\t\t\t<\/a>\n\t\t\t\t\t\t\t\t\t\t\t\t\t\t<\/div>\n\t\t\t\t\t\t<\/div>\n\t\t\t\t<\/div>\n\t\t\t\t\t\t<\/div>\n\t\t\t\t\t<\/div>\n\t\t<\/div>\n\t\t\t\t<div class=\"elementor-column elementor-col-25 elementor-top-column elementor-element elementor-element-222c6a0\" data-id=\"222c6a0\" data-element_type=\"column\">\n\t\t\t<div class=\"elementor-column-wrap elementor-element-populated\">\n\t\t\t\t\t\t\t<div class=\"elementor-widget-wrap\">\n\t\t\t\t\t\t<div class=\"elementor-element elementor-element-dc3ecde elementor-widget elementor-widget-image\" data-id=\"dc3ecde\" data-element_type=\"widget\" data-widget_type=\"image.default\">\n\t\t\t\t<div class=\"elementor-widget-container\">\n\t\t\t\t\t\t\t\t<div class=\"elementor-image\">\n\t\t\t\t\t\t\t\t\t\t\t\t\t<a href=\"http:\/\/200.91.193.126\/wordpresswp-content\/uploads\/2021\/02\/Magdalena-Ortiz.pdf\" target=\"_blank\">\n\t\t\t\t\t\t\t<img decoding=\"async\" width=\"659\" height=\"274\" src=\"https:\/\/www.iberbibliotecas.org\/wp-content\/uploads\/2021\/02\/18-Magdalena-Ortiz.jpg\" class=\"attachment-full size-full\" alt=\"\" loading=\"lazy\" srcset=\"https:\/\/www.iberbibliotecas.org\/wp-content\/uploads\/2021\/02\/18-Magdalena-Ortiz.jpg 659w, https:\/\/www.iberbibliotecas.org\/wp-content\/uploads\/2021\/02\/18-Magdalena-Ortiz-300x125.jpg 300w, https:\/\/www.iberbibliotecas.org\/wp-content\/uploads\/2021\/02\/18-Magdalena-Ortiz-16x7.jpg 16w\" sizes=\"100vw\" \/>\t\t\t\t\t\t\t\t<\/a>\n\t\t\t\t\t\t\t\t\t\t\t\t\t\t<\/div>\n\t\t\t\t\t\t<\/div>\n\t\t\t\t<\/div>\n\t\t\t\t\t\t<\/div>\n\t\t\t\t\t<\/div>\n\t\t<\/div>\n\t\t\t\t<div class=\"elementor-column elementor-col-25 elementor-top-column elementor-element elementor-element-b9b9aac\" data-id=\"b9b9aac\" data-element_type=\"column\">\n\t\t\t<div class=\"elementor-column-wrap elementor-element-populated\">\n\t\t\t\t\t\t\t<div class=\"elementor-widget-wrap\">\n\t\t\t\t\t\t<div class=\"elementor-element elementor-element-e6d8c34 elementor-widget elementor-widget-image\" data-id=\"e6d8c34\" data-element_type=\"widget\" data-widget_type=\"image.default\">\n\t\t\t\t<div class=\"elementor-widget-container\">\n\t\t\t\t\t\t\t\t<div class=\"elementor-image\">\n\t\t\t\t\t\t\t\t\t\t\t\t\t<a href=\"http:\/\/200.91.193.126\/wordpresswp-content\/uploads\/2021\/02\/Daniela-Maury-1.pdf\" target=\"_blank\">\n\t\t\t\t\t\t\t<img decoding=\"async\" width=\"649\" height=\"273\" src=\"https:\/\/www.iberbibliotecas.org\/wp-content\/uploads\/2021\/02\/19-Daniela-Maury.jpg\" class=\"attachment-full size-full\" alt=\"\" loading=\"lazy\" srcset=\"https:\/\/www.iberbibliotecas.org\/wp-content\/uploads\/2021\/02\/19-Daniela-Maury.jpg 649w, https:\/\/www.iberbibliotecas.org\/wp-content\/uploads\/2021\/02\/19-Daniela-Maury-300x126.jpg 300w, https:\/\/www.iberbibliotecas.org\/wp-content\/uploads\/2021\/02\/19-Daniela-Maury-16x7.jpg 16w\" sizes=\"100vw\" \/>\t\t\t\t\t\t\t\t<\/a>\n\t\t\t\t\t\t\t\t\t\t\t\t\t\t<\/div>\n\t\t\t\t\t\t<\/div>\n\t\t\t\t<\/div>\n\t\t\t\t\t\t<\/div>\n\t\t\t\t\t<\/div>\n\t\t<\/div>\n\t\t\t\t<div class=\"elementor-column elementor-col-25 elementor-top-column elementor-element elementor-element-8efe057\" data-id=\"8efe057\" data-element_type=\"column\">\n\t\t\t<div class=\"elementor-column-wrap elementor-element-populated\">\n\t\t\t\t\t\t\t<div class=\"elementor-widget-wrap\">\n\t\t\t\t\t\t<div class=\"elementor-element elementor-element-0284d17 elementor-widget elementor-widget-image\" data-id=\"0284d17\" data-element_type=\"widget\" data-widget_type=\"image.default\">\n\t\t\t\t<div class=\"elementor-widget-container\">\n\t\t\t\t\t\t\t\t<div class=\"elementor-image\">\n\t\t\t\t\t\t\t\t\t\t\t\t\t<a href=\"http:\/\/200.91.193.126\/wordpresswp-content\/uploads\/2021\/02\/Marcial-Aguirre.pdf\" target=\"_blank\">\n\t\t\t\t\t\t\t<img decoding=\"async\" width=\"651\" height=\"269\" src=\"https:\/\/www.iberbibliotecas.org\/wp-content\/uploads\/2021\/02\/20-Marcial-Aguirre.jpg\" class=\"attachment-full size-full\" alt=\"\" loading=\"lazy\" srcset=\"https:\/\/www.iberbibliotecas.org\/wp-content\/uploads\/2021\/02\/20-Marcial-Aguirre.jpg 651w, https:\/\/www.iberbibliotecas.org\/wp-content\/uploads\/2021\/02\/20-Marcial-Aguirre-300x124.jpg 300w, https:\/\/www.iberbibliotecas.org\/wp-content\/uploads\/2021\/02\/20-Marcial-Aguirre-16x7.jpg 16w\" sizes=\"100vw\" \/>\t\t\t\t\t\t\t\t<\/a>\n\t\t\t\t\t\t\t\t\t\t\t\t\t\t<\/div>\n\t\t\t\t\t\t<\/div>\n\t\t\t\t<\/div>\n\t\t\t\t\t\t<\/div>\n\t\t\t\t\t<\/div>\n\t\t<\/div>\n\t\t\t\t\t\t\t\t<\/div>\n\t\t\t\t\t<\/div>\n\t\t<\/section>\n\t\t\t\t<section class=\"elementor-section elementor-top-section elementor-element elementor-element-08d63e0 elementor-section-boxed elementor-section-height-default elementor-section-height-default\" data-id=\"08d63e0\" data-element_type=\"section\" data-settings=\"{&quot;background_background&quot;:&quot;classic&quot;}\">\n\t\t\t\t\t\t<div class=\"elementor-container elementor-column-gap-default\">\n\t\t\t\t\t\t\t<div class=\"elementor-row\">\n\t\t\t\t\t<div class=\"elementor-column elementor-col-25 elementor-top-column elementor-element elementor-element-cad64c4\" data-id=\"cad64c4\" data-element_type=\"column\">\n\t\t\t<div class=\"elementor-column-wrap elementor-element-populated\">\n\t\t\t\t\t\t\t<div class=\"elementor-widget-wrap\">\n\t\t\t\t\t\t<div class=\"elementor-element elementor-element-ccd7faf elementor-widget elementor-widget-image\" data-id=\"ccd7faf\" data-element_type=\"widget\" data-widget_type=\"image.default\">\n\t\t\t\t<div class=\"elementor-widget-container\">\n\t\t\t\t\t\t\t\t<div class=\"elementor-image\">\n\t\t\t\t\t\t\t\t\t\t\t\t\t<a href=\"http:\/\/200.91.193.126\/wordpresswp-content\/uploads\/2021\/02\/Agueda-Arango.pdf\" target=\"_blank\">\n\t\t\t\t\t\t\t<img decoding=\"async\" width=\"660\" height=\"274\" src=\"https:\/\/www.iberbibliotecas.org\/wp-content\/uploads\/2021\/02\/21-Agueda-Arango.jpg\" class=\"attachment-full size-full\" alt=\"\" loading=\"lazy\" srcset=\"https:\/\/www.iberbibliotecas.org\/wp-content\/uploads\/2021\/02\/21-Agueda-Arango.jpg 660w, https:\/\/www.iberbibliotecas.org\/wp-content\/uploads\/2021\/02\/21-Agueda-Arango-300x125.jpg 300w, https:\/\/www.iberbibliotecas.org\/wp-content\/uploads\/2021\/02\/21-Agueda-Arango-16x7.jpg 16w\" sizes=\"100vw\" \/>\t\t\t\t\t\t\t\t<\/a>\n\t\t\t\t\t\t\t\t\t\t\t\t\t\t<\/div>\n\t\t\t\t\t\t<\/div>\n\t\t\t\t<\/div>\n\t\t\t\t\t\t<\/div>\n\t\t\t\t\t<\/div>\n\t\t<\/div>\n\t\t\t\t<div class=\"elementor-column elementor-col-25 elementor-top-column elementor-element elementor-element-ecc1ab8\" data-id=\"ecc1ab8\" data-element_type=\"column\">\n\t\t\t<div class=\"elementor-column-wrap elementor-element-populated\">\n\t\t\t\t\t\t\t<div class=\"elementor-widget-wrap\">\n\t\t\t\t\t\t<div class=\"elementor-element elementor-element-fa5da52 elementor-widget elementor-widget-image\" data-id=\"fa5da52\" data-element_type=\"widget\" data-widget_type=\"image.default\">\n\t\t\t\t<div class=\"elementor-widget-container\">\n\t\t\t\t\t\t\t\t<div class=\"elementor-image\">\n\t\t\t\t\t\t\t\t\t\t\t\t\t<a href=\"http:\/\/200.91.193.126\/wordpresswp-content\/uploads\/2021\/02\/Leticia-Cardoso.pdf\" target=\"_blank\">\n\t\t\t\t\t\t\t<img decoding=\"async\" width=\"660\" height=\"272\" src=\"https:\/\/www.iberbibliotecas.org\/wp-content\/uploads\/2021\/02\/22-Leticia-Cardoso.jpg\" class=\"attachment-full size-full\" alt=\"\" loading=\"lazy\" srcset=\"https:\/\/www.iberbibliotecas.org\/wp-content\/uploads\/2021\/02\/22-Leticia-Cardoso.jpg 660w, https:\/\/www.iberbibliotecas.org\/wp-content\/uploads\/2021\/02\/22-Leticia-Cardoso-300x124.jpg 300w, https:\/\/www.iberbibliotecas.org\/wp-content\/uploads\/2021\/02\/22-Leticia-Cardoso-16x7.jpg 16w\" sizes=\"100vw\" \/>\t\t\t\t\t\t\t\t<\/a>\n\t\t\t\t\t\t\t\t\t\t\t\t\t\t<\/div>\n\t\t\t\t\t\t<\/div>\n\t\t\t\t<\/div>\n\t\t\t\t\t\t<\/div>\n\t\t\t\t\t<\/div>\n\t\t<\/div>\n\t\t\t\t<div class=\"elementor-column elementor-col-25 elementor-top-column elementor-element elementor-element-4abfb94\" data-id=\"4abfb94\" data-element_type=\"column\">\n\t\t\t<div class=\"elementor-column-wrap elementor-element-populated\">\n\t\t\t\t\t\t\t<div class=\"elementor-widget-wrap\">\n\t\t\t\t\t\t<div class=\"elementor-element elementor-element-e4febbc elementor-widget elementor-widget-image\" data-id=\"e4febbc\" data-element_type=\"widget\" data-widget_type=\"image.default\">\n\t\t\t\t<div class=\"elementor-widget-container\">\n\t\t\t\t\t\t\t\t<div class=\"elementor-image\">\n\t\t\t\t\t\t\t\t\t\t\t\t\t<a href=\"http:\/\/200.91.193.126\/wordpresswp-content\/uploads\/2021\/02\/Andrea-Cornet-1.pdf\" target=\"_blank\">\n\t\t\t\t\t\t\t<img decoding=\"async\" width=\"662\" height=\"273\" src=\"https:\/\/www.iberbibliotecas.org\/wp-content\/uploads\/2021\/02\/24-Andrea-Cornet.jpg\" class=\"attachment-full size-full\" alt=\"\" loading=\"lazy\" srcset=\"https:\/\/www.iberbibliotecas.org\/wp-content\/uploads\/2021\/02\/24-Andrea-Cornet.jpg 662w, https:\/\/www.iberbibliotecas.org\/wp-content\/uploads\/2021\/02\/24-Andrea-Cornet-300x124.jpg 300w, https:\/\/www.iberbibliotecas.org\/wp-content\/uploads\/2021\/02\/24-Andrea-Cornet-16x7.jpg 16w\" sizes=\"100vw\" \/>\t\t\t\t\t\t\t\t<\/a>\n\t\t\t\t\t\t\t\t\t\t\t\t\t\t<\/div>\n\t\t\t\t\t\t<\/div>\n\t\t\t\t<\/div>\n\t\t\t\t\t\t<\/div>\n\t\t\t\t\t<\/div>\n\t\t<\/div>\n\t\t\t\t<div class=\"elementor-column elementor-col-25 elementor-top-column elementor-element elementor-element-f933e32\" data-id=\"f933e32\" data-element_type=\"column\">\n\t\t\t<div class=\"elementor-column-wrap elementor-element-populated\">\n\t\t\t\t\t\t\t<div class=\"elementor-widget-wrap\">\n\t\t\t\t\t\t<div class=\"elementor-element elementor-element-3223997 elementor-widget elementor-widget-image\" data-id=\"3223997\" data-element_type=\"widget\" data-widget_type=\"image.default\">\n\t\t\t\t<div class=\"elementor-widget-container\">\n\t\t\t\t\t\t\t\t<div class=\"elementor-image\">\n\t\t\t\t\t\t\t\t\t\t\t\t\t<a href=\"http:\/\/200.91.193.126\/wordpresswp-content\/uploads\/2021\/02\/Jonathan-Diaz.pdf\" target=\"_blank\">\n\t\t\t\t\t\t\t<img decoding=\"async\" width=\"660\" height=\"276\" src=\"https:\/\/www.iberbibliotecas.org\/wp-content\/uploads\/2021\/02\/25-Jonathan-Diaz.jpg\" class=\"attachment-full size-full\" alt=\"\" loading=\"lazy\" srcset=\"https:\/\/www.iberbibliotecas.org\/wp-content\/uploads\/2021\/02\/25-Jonathan-Diaz.jpg 660w, https:\/\/www.iberbibliotecas.org\/wp-content\/uploads\/2021\/02\/25-Jonathan-Diaz-300x125.jpg 300w, https:\/\/www.iberbibliotecas.org\/wp-content\/uploads\/2021\/02\/25-Jonathan-Diaz-16x7.jpg 16w\" sizes=\"100vw\" \/>\t\t\t\t\t\t\t\t<\/a>\n\t\t\t\t\t\t\t\t\t\t\t\t\t\t<\/div>\n\t\t\t\t\t\t<\/div>\n\t\t\t\t<\/div>\n\t\t\t\t\t\t<\/div>\n\t\t\t\t\t<\/div>\n\t\t<\/div>\n\t\t\t\t\t\t\t\t<\/div>\n\t\t\t\t\t<\/div>\n\t\t<\/section>\n\t\t\t\t\t\t\t\t\t<\/div>\n\t\t\t<\/div>\n\t\t\t\t\t<\/div>","protected":false},"excerpt":{"rendered":"<p>Conhe\u00e7a as atividades e relat\u00f3rios dos participantes do Est\u00e1gio Internacional Iberbibliotecas 2017.<\/p>","protected":false},"author":1,"featured_media":8408,"comment_status":"open","ping_status":"open","sticky":false,"template":"elementor_canvas","format":"standard","meta":{"_EventAllDay":false,"_EventTimezone":"","_EventStartDate":"","_EventEndDate":"","_EventStartDateUTC":"","_EventEndDateUTC":"","_EventShowMap":false,"_EventShowMapLink":false,"_EventURL":"","_EventCost":"","_EventCostDescription":"","_EventCurrencySymbol":"","_EventCurrencyCode":"","_EventCurrencyPosition":"","_EventDateTimeSeparator":"","_EventTimeRangeSeparator":"","_EventOrganizerID":[],"_EventVenueID":0,"_OrganizerEmail":"","_OrganizerPhone":"","_OrganizerWebsite":"","_VenueAddress":"","_VenueCity":"","_VenueCountry":"","_VenueProvince":"","_VenueZip":"","_VenuePhone":"","_VenueURL":"","_VenueStateProvince":"","_VenueLat":"","_VenueLng":""},"categories":[36],"tags":[],"yoast_head":"<!-- This site is optimized with the Yoast SEO plugin v20.11 - https:\/\/yoast.com\/wordpress\/plugins\/seo\/ -->\n<title>Pasant\u00eda Internacional 2017 - Iberbibliotecas<\/title>\n<meta name=\"description\" content=\"Conoce las actividades y los informes de los participantes de las Pasant\u00edas Internacionales Iberbibliotecas 2017\" \/>\n<meta name=\"robots\" content=\"index, follow, max-snippet:-1, max-image-preview:large, max-video-preview:-1\" \/>\n<link rel=\"canonical\" href=\"https:\/\/www.iberbibliotecas.org\/por\/memorias-pasantias-internacionales-2017\/\" \/>\n<meta property=\"og:locale\" content=\"pt_BR\" \/>\n<meta property=\"og:type\" content=\"article\" \/>\n<meta property=\"og:title\" content=\"Pasant\u00eda Internacional 2017 - Iberbibliotecas\" \/>\n<meta property=\"og:description\" content=\"Conoce las actividades y los informes de los participantes de las Pasant\u00edas Internacionales Iberbibliotecas 2017\" \/>\n<meta property=\"og:url\" content=\"https:\/\/www.iberbibliotecas.org\/por\/memorias-pasantias-internacionales-2017\/\" \/>\n<meta property=\"og:site_name\" content=\"Iberbibliotecas\" \/>\n<meta property=\"article:published_time\" content=\"2017-02-04T17:00:43+00:00\" \/>\n<meta property=\"article:modified_time\" content=\"2024-02-09T21:55:17+00:00\" \/>\n<meta property=\"og:image\" content=\"https:\/\/www.iberbibliotecas.org\/wp-content\/uploads\/2017\/02\/Pasantias2017_og.jpg\" \/>\n\t<meta property=\"og:image:width\" content=\"1200\" \/>\n\t<meta property=\"og:image:height\" content=\"630\" \/>\n\t<meta property=\"og:image:type\" content=\"image\/jpeg\" \/>\n<meta name=\"author\" content=\"admin\" \/>\n<meta name=\"twitter:card\" content=\"summary_large_image\" \/>\n<meta name=\"twitter:label1\" content=\"Escrito por\" \/>\n\t<meta name=\"twitter:data1\" content=\"admin\" \/>\n\t<meta name=\"twitter:label2\" content=\"Est. tempo de leitura\" \/>\n\t<meta name=\"twitter:data2\" content=\"9 minutos\" \/>\n<script type=\"application\/ld+json\" class=\"yoast-schema-graph\">{\"@context\":\"https:\/\/schema.org\",\"@graph\":[{\"@type\":\"Article\",\"@id\":\"https:\/\/www.iberbibliotecas.org\/memorias-pasantias-internacionales-2017\/#article\",\"isPartOf\":{\"@id\":\"https:\/\/www.iberbibliotecas.org\/memorias-pasantias-internacionales-2017\/\"},\"author\":{\"name\":\"admin\",\"@id\":\"https:\/\/www.iberbibliotecas.org\/#\/schema\/person\/486ac82ad50c6a0a37e3b388a7f40012\"},\"headline\":\"Pasant\u00eda Internacional 2017\",\"datePublished\":\"2017-02-04T17:00:43+00:00\",\"dateModified\":\"2024-02-09T21:55:17+00:00\",\"mainEntityOfPage\":{\"@id\":\"https:\/\/www.iberbibliotecas.org\/memorias-pasantias-internacionales-2017\/\"},\"wordCount\":802,\"commentCount\":0,\"publisher\":{\"@id\":\"https:\/\/www.iberbibliotecas.org\/#organization\"},\"articleSection\":[\"Pasantias internacionales\"],\"inLanguage\":\"pt-BR\",\"potentialAction\":[{\"@type\":\"CommentAction\",\"name\":\"Comment\",\"target\":[\"https:\/\/www.iberbibliotecas.org\/memorias-pasantias-internacionales-2017\/#respond\"]}]},{\"@type\":\"WebPage\",\"@id\":\"https:\/\/www.iberbibliotecas.org\/memorias-pasantias-internacionales-2017\/\",\"url\":\"https:\/\/www.iberbibliotecas.org\/memorias-pasantias-internacionales-2017\/\",\"name\":\"Pasant\u00eda Internacional 2017 - Iberbibliotecas\",\"isPartOf\":{\"@id\":\"https:\/\/www.iberbibliotecas.org\/#website\"},\"datePublished\":\"2017-02-04T17:00:43+00:00\",\"dateModified\":\"2024-02-09T21:55:17+00:00\",\"description\":\"Conoce las actividades y los informes de los participantes de las Pasant\u00edas Internacionales Iberbibliotecas 2017\",\"breadcrumb\":{\"@id\":\"https:\/\/www.iberbibliotecas.org\/memorias-pasantias-internacionales-2017\/#breadcrumb\"},\"inLanguage\":\"pt-BR\",\"potentialAction\":[{\"@type\":\"ReadAction\",\"target\":[\"https:\/\/www.iberbibliotecas.org\/memorias-pasantias-internacionales-2017\/\"]}]},{\"@type\":\"BreadcrumbList\",\"@id\":\"https:\/\/www.iberbibliotecas.org\/memorias-pasantias-internacionales-2017\/#breadcrumb\",\"itemListElement\":[{\"@type\":\"ListItem\",\"position\":1,\"name\":\"Inicio\",\"item\":\"https:\/\/www.iberbibliotecas.org\/\"},{\"@type\":\"ListItem\",\"position\":2,\"name\":\"Pasant\u00eda Internacional 2017\"}]},{\"@type\":\"WebSite\",\"@id\":\"https:\/\/www.iberbibliotecas.org\/#website\",\"url\":\"https:\/\/www.iberbibliotecas.org\/\",\"name\":\"Iberbibliotecas\",\"description\":\"\",\"publisher\":{\"@id\":\"https:\/\/www.iberbibliotecas.org\/#organization\"},\"potentialAction\":[{\"@type\":\"SearchAction\",\"target\":{\"@type\":\"EntryPoint\",\"urlTemplate\":\"https:\/\/www.iberbibliotecas.org\/?s={search_term_string}\"},\"query-input\":\"required name=search_term_string\"}],\"inLanguage\":\"pt-BR\"},{\"@type\":\"Organization\",\"@id\":\"https:\/\/www.iberbibliotecas.org\/#organization\",\"name\":\"Iberbibliotecas\",\"url\":\"https:\/\/www.iberbibliotecas.org\/\",\"logo\":{\"@type\":\"ImageObject\",\"inLanguage\":\"pt-BR\",\"@id\":\"https:\/\/www.iberbibliotecas.org\/#\/schema\/logo\/image\/\",\"url\":\"https:\/\/www.iberbibliotecas.org\/wp-content\/uploads\/2021\/03\/logo_c_ib.png\",\"contentUrl\":\"https:\/\/www.iberbibliotecas.org\/wp-content\/uploads\/2021\/03\/logo_c_ib.png\",\"width\":289,\"height\":180,\"caption\":\"Iberbibliotecas\"},\"image\":{\"@id\":\"https:\/\/www.iberbibliotecas.org\/#\/schema\/logo\/image\/\"}},{\"@type\":\"Person\",\"@id\":\"https:\/\/www.iberbibliotecas.org\/#\/schema\/person\/486ac82ad50c6a0a37e3b388a7f40012\",\"name\":\"admin\",\"image\":{\"@type\":\"ImageObject\",\"inLanguage\":\"pt-BR\",\"@id\":\"https:\/\/www.iberbibliotecas.org\/#\/schema\/person\/image\/\",\"url\":\"https:\/\/secure.gravatar.com\/avatar\/bd32ff3442cc72b6eeb88993179a289a?s=96&d=mm&r=g\",\"contentUrl\":\"https:\/\/secure.gravatar.com\/avatar\/bd32ff3442cc72b6eeb88993179a289a?s=96&d=mm&r=g\",\"caption\":\"admin\"},\"sameAs\":[\"http:\/\/34.125.232.78\"],\"url\":\"https:\/\/www.iberbibliotecas.org\/por\/author\/admin\/\"}]}<\/script>\n<!-- \/ Yoast SEO plugin. -->","yoast_head_json":{"title":"Pasant\u00eda Internacional 2017 - Iberbibliotecas","description":"Conoce las actividades y los informes de los participantes de las Pasant\u00edas Internacionales Iberbibliotecas 2017","robots":{"index":"index","follow":"follow","max-snippet":"max-snippet:-1","max-image-preview":"max-image-preview:large","max-video-preview":"max-video-preview:-1"},"canonical":"https:\/\/www.iberbibliotecas.org\/por\/memorias-pasantias-internacionales-2017\/","og_locale":"pt_BR","og_type":"article","og_title":"Pasant\u00eda Internacional 2017 - Iberbibliotecas","og_description":"Conoce las actividades y los informes de los participantes de las Pasant\u00edas Internacionales Iberbibliotecas 2017","og_url":"https:\/\/www.iberbibliotecas.org\/por\/memorias-pasantias-internacionales-2017\/","og_site_name":"Iberbibliotecas","article_published_time":"2017-02-04T17:00:43+00:00","article_modified_time":"2024-02-09T21:55:17+00:00","og_image":[{"width":1200,"height":630,"url":"https:\/\/www.iberbibliotecas.org\/wp-content\/uploads\/2017\/02\/Pasantias2017_og.jpg","type":"image\/jpeg"}],"author":"admin","twitter_card":"summary_large_image","twitter_misc":{"Escrito por":"admin","Est. tempo de leitura":"9 minutos"},"schema":{"@context":"https:\/\/schema.org","@graph":[{"@type":"Article","@id":"https:\/\/www.iberbibliotecas.org\/memorias-pasantias-internacionales-2017\/#article","isPartOf":{"@id":"https:\/\/www.iberbibliotecas.org\/memorias-pasantias-internacionales-2017\/"},"author":{"name":"admin","@id":"https:\/\/www.iberbibliotecas.org\/#\/schema\/person\/486ac82ad50c6a0a37e3b388a7f40012"},"headline":"Pasant\u00eda Internacional 2017","datePublished":"2017-02-04T17:00:43+00:00","dateModified":"2024-02-09T21:55:17+00:00","mainEntityOfPage":{"@id":"https:\/\/www.iberbibliotecas.org\/memorias-pasantias-internacionales-2017\/"},"wordCount":802,"commentCount":0,"publisher":{"@id":"https:\/\/www.iberbibliotecas.org\/#organization"},"articleSection":["Pasantias internacionales"],"inLanguage":"pt-BR","potentialAction":[{"@type":"CommentAction","name":"Comment","target":["https:\/\/www.iberbibliotecas.org\/memorias-pasantias-internacionales-2017\/#respond"]}]},{"@type":"WebPage","@id":"https:\/\/www.iberbibliotecas.org\/memorias-pasantias-internacionales-2017\/","url":"https:\/\/www.iberbibliotecas.org\/memorias-pasantias-internacionales-2017\/","name":"Pasant\u00eda Internacional 2017 - Iberbibliotecas","isPartOf":{"@id":"https:\/\/www.iberbibliotecas.org\/#website"},"datePublished":"2017-02-04T17:00:43+00:00","dateModified":"2024-02-09T21:55:17+00:00","description":"Conoce las actividades y los informes de los participantes de las Pasant\u00edas Internacionales Iberbibliotecas 2017","breadcrumb":{"@id":"https:\/\/www.iberbibliotecas.org\/memorias-pasantias-internacionales-2017\/#breadcrumb"},"inLanguage":"pt-BR","potentialAction":[{"@type":"ReadAction","target":["https:\/\/www.iberbibliotecas.org\/memorias-pasantias-internacionales-2017\/"]}]},{"@type":"BreadcrumbList","@id":"https:\/\/www.iberbibliotecas.org\/memorias-pasantias-internacionales-2017\/#breadcrumb","itemListElement":[{"@type":"ListItem","position":1,"name":"Inicio","item":"https:\/\/www.iberbibliotecas.org\/"},{"@type":"ListItem","position":2,"name":"Pasant\u00eda Internacional 2017"}]},{"@type":"WebSite","@id":"https:\/\/www.iberbibliotecas.org\/#website","url":"https:\/\/www.iberbibliotecas.org\/","name":"Iberbibliotecas","description":"","publisher":{"@id":"https:\/\/www.iberbibliotecas.org\/#organization"},"potentialAction":[{"@type":"SearchAction","target":{"@type":"EntryPoint","urlTemplate":"https:\/\/www.iberbibliotecas.org\/?s={search_term_string}"},"query-input":"required name=search_term_string"}],"inLanguage":"pt-BR"},{"@type":"Organization","@id":"https:\/\/www.iberbibliotecas.org\/#organization","name":"Iberbibliotecas","url":"https:\/\/www.iberbibliotecas.org\/","logo":{"@type":"ImageObject","inLanguage":"pt-BR","@id":"https:\/\/www.iberbibliotecas.org\/#\/schema\/logo\/image\/","url":"https:\/\/www.iberbibliotecas.org\/wp-content\/uploads\/2021\/03\/logo_c_ib.png","contentUrl":"https:\/\/www.iberbibliotecas.org\/wp-content\/uploads\/2021\/03\/logo_c_ib.png","width":289,"height":180,"caption":"Iberbibliotecas"},"image":{"@id":"https:\/\/www.iberbibliotecas.org\/#\/schema\/logo\/image\/"}},{"@type":"Person","@id":"https:\/\/www.iberbibliotecas.org\/#\/schema\/person\/486ac82ad50c6a0a37e3b388a7f40012","name":"admin","image":{"@type":"ImageObject","inLanguage":"pt-BR","@id":"https:\/\/www.iberbibliotecas.org\/#\/schema\/person\/image\/","url":"https:\/\/secure.gravatar.com\/avatar\/bd32ff3442cc72b6eeb88993179a289a?s=96&d=mm&r=g","contentUrl":"https:\/\/secure.gravatar.com\/avatar\/bd32ff3442cc72b6eeb88993179a289a?s=96&d=mm&r=g","caption":"admin"},"sameAs":["http:\/\/34.125.232.78"],"url":"https:\/\/www.iberbibliotecas.org\/por\/author\/admin\/"}]}},"_links":{"self":[{"href":"https:\/\/www.iberbibliotecas.org\/por\/wp-json\/wp\/v2\/posts\/5222"}],"collection":[{"href":"https:\/\/www.iberbibliotecas.org\/por\/wp-json\/wp\/v2\/posts"}],"about":[{"href":"https:\/\/www.iberbibliotecas.org\/por\/wp-json\/wp\/v2\/types\/post"}],"author":[{"embeddable":true,"href":"https:\/\/www.iberbibliotecas.org\/por\/wp-json\/wp\/v2\/users\/1"}],"replies":[{"embeddable":true,"href":"https:\/\/www.iberbibliotecas.org\/por\/wp-json\/wp\/v2\/comments?post=5222"}],"version-history":[{"count":4,"href":"https:\/\/www.iberbibliotecas.org\/por\/wp-json\/wp\/v2\/posts\/5222\/revisions"}],"predecessor-version":[{"id":18306,"href":"https:\/\/www.iberbibliotecas.org\/por\/wp-json\/wp\/v2\/posts\/5222\/revisions\/18306"}],"wp:featuredmedia":[{"embeddable":true,"href":"https:\/\/www.iberbibliotecas.org\/por\/wp-json\/wp\/v2\/media\/8408"}],"wp:attachment":[{"href":"https:\/\/www.iberbibliotecas.org\/por\/wp-json\/wp\/v2\/media?parent=5222"}],"wp:term":[{"taxonomy":"category","embeddable":true,"href":"https:\/\/www.iberbibliotecas.org\/por\/wp-json\/wp\/v2\/categories?post=5222"},{"taxonomy":"post_tag","embeddable":true,"href":"https:\/\/www.iberbibliotecas.org\/por\/wp-json\/wp\/v2\/tags?post=5222"}],"curies":[{"name":"wp","href":"https:\/\/api.w.org\/{rel}","templated":true}]}}