{"id":6571,"date":"2021-02-16T23:12:49","date_gmt":"2021-02-16T23:12:49","guid":{"rendered":"http:\/\/200.91.193.126\/wordpress?p=6571"},"modified":"2022-03-11T19:00:14","modified_gmt":"2022-03-11T19:00:14","slug":"panama-ingresa-a-iberbibliotecas","status":"publish","type":"post","link":"https:\/\/www.iberbibliotecas.org\/por\/panama-ingresa-a-iberbibliotecas\/","title":{"rendered":"Panam\u00e1 entra no Programa Iberbibliotecas"},"content":{"rendered":"<div data-elementor-type=\"wp-post\" data-elementor-id=\"6571\" class=\"elementor elementor-6571\">\n\t\t\t\t\t\t<div class=\"elementor-inner\">\n\t\t\t\t<div class=\"elementor-section-wrap\">\n\t\t\t\t\t\t\t\t\t<section class=\"elementor-section elementor-top-section elementor-element elementor-element-713a287 elementor-section-boxed elementor-section-height-default elementor-section-height-default\" data-id=\"713a287\" data-element_type=\"section\">\n\t\t\t\t\t\t<div class=\"elementor-container elementor-column-gap-default\">\n\t\t\t\t\t\t\t<div class=\"elementor-row\">\n\t\t\t\t\t<div class=\"elementor-column elementor-col-100 elementor-top-column elementor-element elementor-element-7ae9d1c\" data-id=\"7ae9d1c\" data-element_type=\"column\">\n\t\t\t<div class=\"elementor-column-wrap elementor-element-populated\">\n\t\t\t\t\t\t\t<div class=\"elementor-widget-wrap\">\n\t\t\t\t\t\t<div class=\"elementor-element elementor-element-d7a7115 elementor-widget elementor-widget-heading\" data-id=\"d7a7115\" data-element_type=\"widget\" data-widget_type=\"heading.default\">\n\t\t\t\t<div class=\"elementor-widget-container\">\n\t\t\t<h1 class=\"elementor-heading-title elementor-size-default\">Panam\u00e1 entra no Programa Iberbibliotecas <\/h1>\t\t<\/div>\n\t\t\t\t<\/div>\n\t\t\t\t<div class=\"elementor-element elementor-element-45328f0 elementor-widget elementor-widget-image\" data-id=\"45328f0\" data-element_type=\"widget\" data-widget_type=\"image.default\">\n\t\t\t\t<div class=\"elementor-widget-container\">\n\t\t\t\t\t\t\t\t<div class=\"elementor-image\">\n\t\t\t\t\t\t\t\t\t<figure class=\"wp-caption\">\n\t\t\t\t\t\t\t\t\t\t<img decoding=\"async\" width=\"525\" height=\"350\" src=\"https:\/\/www.iberbibliotecas.org\/wp-content\/uploads\/2021\/01\/Biblioteca-Nacional-Panama1-1024x683.jpg\" class=\"attachment-large size-large\" alt=\"\" loading=\"lazy\" srcset=\"https:\/\/www.iberbibliotecas.org\/wp-content\/uploads\/2021\/01\/Biblioteca-Nacional-Panama1-1024x683.jpg 1024w, https:\/\/www.iberbibliotecas.org\/wp-content\/uploads\/2021\/01\/Biblioteca-Nacional-Panama1-300x200.jpg 300w, https:\/\/www.iberbibliotecas.org\/wp-content\/uploads\/2021\/01\/Biblioteca-Nacional-Panama1-768x512.jpg 768w, https:\/\/www.iberbibliotecas.org\/wp-content\/uploads\/2021\/01\/Biblioteca-Nacional-Panama1.jpg 1080w\" sizes=\"100vw\" \/>\t\t\t\t\t\t\t\t\t\t\t<figcaption class=\"widget-image-caption wp-caption-text\">Biblioteca Nacional de Panam\u00e1<\/figcaption>\n\t\t\t\t\t\t\t\t\t\t<\/figure>\n\t\t\t\t\t\t\t\t<\/div>\n\t\t\t\t\t\t<\/div>\n\t\t\t\t<\/div>\n\t\t\t\t\t\t<\/div>\n\t\t\t\t\t<\/div>\n\t\t<\/div>\n\t\t\t\t\t\t\t\t<\/div>\n\t\t\t\t\t<\/div>\n\t\t<\/section>\n\t\t\t\t<section class=\"elementor-section elementor-top-section elementor-element elementor-element-b56411e elementor-section-boxed elementor-section-height-default elementor-section-height-default\" data-id=\"b56411e\" data-element_type=\"section\">\n\t\t\t\t\t\t<div class=\"elementor-container elementor-column-gap-default\">\n\t\t\t\t\t\t\t<div class=\"elementor-row\">\n\t\t\t\t\t<div class=\"elementor-column elementor-col-33 elementor-top-column elementor-element elementor-element-ad928e7 elementor-hidden-desktop elementor-hidden-tablet\" data-id=\"ad928e7\" data-element_type=\"column\">\n\t\t\t<div class=\"elementor-column-wrap elementor-element-populated\">\n\t\t\t\t\t\t\t<div class=\"elementor-widget-wrap\">\n\t\t\t\t\t\t<div class=\"elementor-element elementor-element-935cc95 elementor-widget elementor-widget-image\" data-id=\"935cc95\" data-element_type=\"widget\" data-widget_type=\"image.default\">\n\t\t\t\t<div class=\"elementor-widget-container\">\n\t\t\t\t\t\t\t\t<div class=\"elementor-image\">\n\t\t\t\t\t\t\t\t\t\t\t\t<img decoding=\"async\" width=\"525\" height=\"275\" src=\"https:\/\/www.iberbibliotecas.org\/wp-content\/uploads\/2021\/01\/Bibliobus-Panama-768x402.jpg\" class=\"attachment-medium_large size-medium_large\" alt=\"\" loading=\"lazy\" srcset=\"https:\/\/www.iberbibliotecas.org\/wp-content\/uploads\/2021\/01\/Bibliobus-Panama-768x402.jpg 768w, https:\/\/www.iberbibliotecas.org\/wp-content\/uploads\/2021\/01\/Bibliobus-Panama-300x157.jpg 300w, https:\/\/www.iberbibliotecas.org\/wp-content\/uploads\/2021\/01\/Bibliobus-Panama-1024x536.jpg 1024w, https:\/\/www.iberbibliotecas.org\/wp-content\/uploads\/2021\/01\/Bibliobus-Panama.jpg 1080w\" sizes=\"100vw\" \/>\t\t\t\t\t\t\t\t\t\t\t\t\t\t<\/div>\n\t\t\t\t\t\t<\/div>\n\t\t\t\t<\/div>\n\t\t\t\t<div class=\"elementor-element elementor-element-35eb253 elementor-widget__width-initial elementor-hidden-desktop elementor-hidden-tablet elementor-widget elementor-widget-heading\" data-id=\"35eb253\" data-element_type=\"widget\" data-widget_type=\"heading.default\">\n\t\t\t\t<div class=\"elementor-widget-container\">\n\t\t\t<h2 class=\"elementor-heading-title elementor-size-default\">Panam\u00e1 entra no Programa Iberbibliotecas <\/h2>\t\t<\/div>\n\t\t\t\t<\/div>\n\t\t\t\t<div class=\"elementor-element elementor-element-302cdfc elementor-share-buttons--view-icon elementor-share-buttons--skin-framed elementor-share-buttons--color-custom social-banco elementor-widget__width-initial elementor-hidden-desktop elementor-hidden-tablet elementor-share-buttons--shape-square elementor-grid-0 elementor-widget elementor-widget-share-buttons\" data-id=\"302cdfc\" data-element_type=\"widget\" data-widget_type=\"share-buttons.default\">\n\t\t\t\t<div class=\"elementor-widget-container\">\n\t\t\t\t\t<div class=\"elementor-grid\">\n\t\t\t\t\t\t\t\t<div class=\"elementor-grid-item\">\n\t\t\t\t\t\t<div class=\"elementor-share-btn elementor-share-btn_linkedin\">\n\t\t\t\t\t\t\t\t\t\t\t\t\t\t\t<span class=\"elementor-share-btn__icon\">\n\t\t\t\t\t\t\t\t<i class=\"fab fa-linkedin\" aria-hidden=\"true\"><\/i>\t\t\t\t\t\t\t\t<span\n\t\t\t\t\t\t\t\t\tclass=\"elementor-screen-only\">Compartilhar no linkedin<\/span>\n\t\t\t\t\t\t\t<\/span>\n\t\t\t\t\t\t\t\t\t\t\t\t\t\t\t\t\t\t\t\t<\/div>\n\t\t\t\t\t<\/div>\n\t\t\t\t\t\t\t\t\t<div class=\"elementor-grid-item\">\n\t\t\t\t\t\t<div class=\"elementor-share-btn elementor-share-btn_facebook\">\n\t\t\t\t\t\t\t\t\t\t\t\t\t\t\t<span class=\"elementor-share-btn__icon\">\n\t\t\t\t\t\t\t\t<i class=\"fab fa-facebook\" aria-hidden=\"true\"><\/i>\t\t\t\t\t\t\t\t<span\n\t\t\t\t\t\t\t\t\tclass=\"elementor-screen-only\">Compartilhar no facebook<\/span>\n\t\t\t\t\t\t\t<\/span>\n\t\t\t\t\t\t\t\t\t\t\t\t\t\t\t\t\t\t\t\t<\/div>\n\t\t\t\t\t<\/div>\n\t\t\t\t\t\t\t\t\t<div class=\"elementor-grid-item\">\n\t\t\t\t\t\t<div class=\"elementor-share-btn elementor-share-btn_twitter\">\n\t\t\t\t\t\t\t\t\t\t\t\t\t\t\t<span class=\"elementor-share-btn__icon\">\n\t\t\t\t\t\t\t\t<i class=\"fab fa-twitter\" aria-hidden=\"true\"><\/i>\t\t\t\t\t\t\t\t<span\n\t\t\t\t\t\t\t\t\tclass=\"elementor-screen-only\">Compartilhar no twitter<\/span>\n\t\t\t\t\t\t\t<\/span>\n\t\t\t\t\t\t\t\t\t\t\t\t\t\t\t\t\t\t\t\t<\/div>\n\t\t\t\t\t<\/div>\n\t\t\t\t\t\t<\/div>\n\t\t\t\t<\/div>\n\t\t\t\t<\/div>\n\t\t\t\t\t\t<\/div>\n\t\t\t\t\t<\/div>\n\t\t<\/div>\n\t\t\t\t<div class=\"elementor-column elementor-col-33 elementor-top-column elementor-element elementor-element-465421c\" data-id=\"465421c\" data-element_type=\"column\">\n\t\t\t<div class=\"elementor-column-wrap elementor-element-populated\">\n\t\t\t\t\t\t\t<div class=\"elementor-widget-wrap\">\n\t\t\t\t\t\t<div class=\"elementor-element elementor-element-0f2f19f elementor-widget elementor-widget-text-editor\" data-id=\"0f2f19f\" data-element_type=\"widget\" data-widget_type=\"text-editor.default\">\n\t\t\t\t<div class=\"elementor-widget-container\">\n\t\t\t\t\t\t\t\t<div class=\"elementor-text-editor elementor-clearfix\">\n\t\t\t\t<p style=\"text-align: center;\"><em><span class=\"TextRun SCXW176798216 BCX0\" lang=\"ES-CO\" xml:lang=\"ES-CO\" data-contrast=\"auto\"><span class=\"NormalTextRun SCXW176798216 BCX0\">Este pa\u00eds da Am\u00e9rica Central \u00e9 o d\u00e9cimo terceiro membro do Programa.\u00a0<\/span><\/span><span class=\"TextRun SCXW176798216 BCX0\" lang=\"ES-CO\" xml:lang=\"ES-CO\" data-contrast=\"auto\"><span class=\"NormalTextRun SCXW176798216 BCX0\">Com isso,<\/span><\/span><span class=\"TextRun SCXW176798216 BCX0\" lang=\"ES-CO\" xml:lang=\"ES-CO\" data-contrast=\"auto\"><span class=\"NormalTextRun SCXW176798216 BCX0\">\u00a0as bibliotecas e bibliotec\u00e1rios panamenhos poder\u00e3o participar de nossas atividades, como o Concurso de Ajudas,<\/span><\/span><span class=\"TextRun SCXW176798216 BCX0\" lang=\"ES-CO\" xml:lang=\"ES-CO\" data-contrast=\"auto\"><span class=\"NormalTextRun SCXW176798216 BCX0\">oportunidades de mobilidade internacional<\/span><\/span><span class=\"TextRun SCXW176798216 BCX0\" lang=\"ES-CO\" xml:lang=\"ES-CO\" data-contrast=\"auto\"><span class=\"NormalTextRun SCXW176798216 BCX0\">, assist\u00eancia t\u00e9cnica, entre outros.\u00a0<\/span><\/span><span class=\"EOP SCXW176798216 BCX0\" data-ccp-props=\"{\">\u00a0<\/span><\/em><\/p><p>\u00a0<\/p><p><span data-contrast=\"auto\">A Rep\u00fablica do Panam\u00e1, localizada no sudeste da Am\u00e9rica Central,\u00a0<\/span><strong>se adhiri\u00f3 para el 2021 al Programa Iberoamericano de Bibliotecas P\u00fablicas,\u00a0Iberbibliotecas<\/strong><span data-contrast=\"auto\"><strong>.<\/strong> Con 4.2 millones de habitantes, este pa\u00eds ven\u00eda asistiendo a diferentes actividades de Programa, como una manera de conocer las acciones y prepararse para su ingreso.<\/span><span data-ccp-props=\"{\">\u00a0<\/span><\/p><p>La entidad que participar\u00e1 en el Consejo Intergubernamental de\u00a0Iberbibliotecas<span data-contrast=\"auto\">\u00a0ser\u00e1 la <strong>Biblioteca Nacional de Panam\u00e1 \u201cErnesto J. Castillero\u201d<\/strong>, m\u00e1xima instituci\u00f3n bibliotecaria de Panam\u00e1 y encargada del\u00a0<\/span><span data-contrast=\"auto\">s<\/span><span data-contrast=\"auto\">istema\u00a0<\/span><span data-contrast=\"auto\">b<\/span><span data-contrast=\"auto\">ibliotec\u00e1rio\u00a0<\/span><span data-contrast=\"auto\">do pa\u00eds<\/span><span data-contrast=\"auto\">.<\/span><span data-ccp-props=\"{\">\u00a0<\/span><\/p>\t\t\t\t\t<\/div>\n\t\t\t\t\t\t<\/div>\n\t\t\t\t<\/div>\n\t\t\t\t<div class=\"elementor-element elementor-element-82819bd elementor-widget elementor-widget-image\" data-id=\"82819bd\" data-element_type=\"widget\" data-widget_type=\"image.default\">\n\t\t\t\t<div class=\"elementor-widget-container\">\n\t\t\t\t\t\t\t\t<div class=\"elementor-image\">\n\t\t\t\t\t\t\t\t\t<figure class=\"wp-caption\">\n\t\t\t\t\t\t\t\t\t\t<img decoding=\"async\" width=\"525\" height=\"275\" src=\"https:\/\/www.iberbibliotecas.org\/wp-content\/uploads\/2021\/02\/Biblioteca-Panama3-1024x536.jpg\" class=\"attachment-large size-large\" alt=\"\" loading=\"lazy\" srcset=\"https:\/\/www.iberbibliotecas.org\/wp-content\/uploads\/2021\/02\/Biblioteca-Panama3-1024x536.jpg 1024w, https:\/\/www.iberbibliotecas.org\/wp-content\/uploads\/2021\/02\/Biblioteca-Panama3-300x157.jpg 300w, https:\/\/www.iberbibliotecas.org\/wp-content\/uploads\/2021\/02\/Biblioteca-Panama3-768x402.jpg 768w, https:\/\/www.iberbibliotecas.org\/wp-content\/uploads\/2021\/02\/Biblioteca-Panama3-16x8.jpg 16w, https:\/\/www.iberbibliotecas.org\/wp-content\/uploads\/2021\/02\/Biblioteca-Panama3.jpg 1080w\" sizes=\"100vw\" \/>\t\t\t\t\t\t\t\t\t\t\t<figcaption class=\"widget-image-caption wp-caption-text\">Biblioteca Nacional de Panam\u00e1<\/figcaption>\n\t\t\t\t\t\t\t\t\t\t<\/figure>\n\t\t\t\t\t\t\t\t<\/div>\n\t\t\t\t\t\t<\/div>\n\t\t\t\t<\/div>\n\t\t\t\t<div class=\"elementor-element elementor-element-f967495 elementor-widget elementor-widget-text-editor\" data-id=\"f967495\" data-element_type=\"widget\" data-widget_type=\"text-editor.default\">\n\t\t\t\t<div class=\"elementor-widget-container\">\n\t\t\t\t\t\t\t\t<div class=\"elementor-text-editor elementor-clearfix\">\n\t\t\t\t<p><strong>El ingreso a\u00a0Iberbibliotecas<\/strong><span data-contrast=\"auto\"><strong>\u00a0significa una gran oportunidad de trabajo cooperativo con otras bibliotecas<\/strong>, sistemas o redes bibliotecarias de Iberoam\u00e9rica, como lo ha reconocido Olga Cuevas,\u00a0<\/span><span data-contrast=\"auto\">coordenadora da Rede Nacional de Bibliotecas\u00a0<\/span><span data-contrast=\"auto\">do Panam\u00e1<\/span><span data-contrast=\"auto\">e que estar\u00e1 participando de todas as reuni\u00f5es do Programa.<\/span><span data-ccp-props=\"{\">\u00a0<\/span><\/p><p><span data-contrast=\"auto\">Dentro de las actividades de acercamiento, <strong>dos bibliotecarias de Panam\u00e1 participaron en las m\u00e1s recientes Pasant\u00edas Internacionales\u00a0<\/strong><\/span><strong>Iberbibliotecas<\/strong><span data-contrast=\"auto\">Iberbibliotecas, realizados na Costa Rica sob o lema \u201cBiblioteca que gera<\/span><span data-contrast=\"auto\">ra<\/span><span data-contrast=\"auto\">\u00a0uma cultura<\/span><span data-contrast=\"auto\">de paz\u201d:\u00a0<\/span><span data-contrast=\"auto\">Yanitzel<\/span><span data-contrast=\"auto\">\u00a0C\u00e1rcamo Vald\u00e9s, da Biblioteca P\u00fablica Omar Torrijos; e\u00a0<\/span><span data-contrast=\"auto\">Yerika<\/span><span data-contrast=\"auto\">\u00a0Cordero Gonz\u00e1lez, da Biblioteca P\u00fablica H\u00e9ctor Cont\u00e9 Berm\u00fadez.<\/span><span data-ccp-props=\"{\">\u00a0<\/span><\/p><p><span data-contrast=\"auto\"><strong>Para el 2021, todas las bibliotecas p\u00fablicas, populares y comunitarias de Panam\u00e1 podr\u00e1n presentarse a nuestra <a href=\"http:\/\/200.91.193.126\/wordpressconvocatoria-de-ayudas\/\">Concurso de Ajudas<\/a><\/strong>, que ya se encuentra abierta. De esta manera, al menos una biblioteca o red del pa\u00eds resultar\u00e1 ganadora y acceder\u00e1 a un recurso de hasta 10 mil d\u00f3lares para el desarrollo de alg\u00fan proyecto bibliotecario. <\/span><span data-ccp-props=\"{\">\u00a0<\/span><\/p><p><span data-ccp-props=\"{\"><span class=\"TextRun SCXW87017885 BCX0\" lang=\"ES-ES\" xml:lang=\"ES-ES\" data-contrast=\"none\"><span class=\"NormalTextRun SCXW87017885 BCX0\">\u00a0<\/span><\/span><\/span><\/p>\t\t\t\t\t<\/div>\n\t\t\t\t\t\t<\/div>\n\t\t\t\t<\/div>\n\t\t\t\t\t\t<\/div>\n\t\t\t\t\t<\/div>\n\t\t<\/div>\n\t\t\t\t<div class=\"elementor-column elementor-col-33 elementor-top-column elementor-element elementor-element-3010f3a\" data-id=\"3010f3a\" data-element_type=\"column\">\n\t\t\t<div class=\"elementor-column-wrap elementor-element-populated\">\n\t\t\t\t\t\t\t<div class=\"elementor-widget-wrap\">\n\t\t\t\t\t\t<div class=\"elementor-element elementor-element-09cd6c3 elementor-hidden-phone elementor-widget elementor-widget-image\" data-id=\"09cd6c3\" data-element_type=\"widget\" data-widget_type=\"image.default\">\n\t\t\t\t<div class=\"elementor-widget-container\">\n\t\t\t\t\t\t\t\t<div class=\"elementor-image\">\n\t\t\t\t\t\t\t\t\t\t\t\t<img decoding=\"async\" width=\"525\" height=\"275\" src=\"https:\/\/www.iberbibliotecas.org\/wp-content\/uploads\/2021\/01\/Bibliobus-Panama-768x402.jpg\" class=\"attachment-medium_large size-medium_large\" alt=\"\" loading=\"lazy\" srcset=\"https:\/\/www.iberbibliotecas.org\/wp-content\/uploads\/2021\/01\/Bibliobus-Panama-768x402.jpg 768w, https:\/\/www.iberbibliotecas.org\/wp-content\/uploads\/2021\/01\/Bibliobus-Panama-300x157.jpg 300w, https:\/\/www.iberbibliotecas.org\/wp-content\/uploads\/2021\/01\/Bibliobus-Panama-1024x536.jpg 1024w, https:\/\/www.iberbibliotecas.org\/wp-content\/uploads\/2021\/01\/Bibliobus-Panama.jpg 1080w\" sizes=\"100vw\" \/>\t\t\t\t\t\t\t\t\t\t\t\t\t\t<\/div>\n\t\t\t\t\t\t<\/div>\n\t\t\t\t<\/div>\n\t\t\t\t<section class=\"elementor-section elementor-inner-section elementor-element elementor-element-540c498 elementor-hidden-phone elementor-section-boxed elementor-section-height-default elementor-section-height-default\" data-id=\"540c498\" data-element_type=\"section\" data-settings=\"{&quot;sticky&quot;:&quot;top&quot;,&quot;sticky_offset&quot;:90,&quot;sticky_on&quot;:[&quot;desktop&quot;,&quot;tablet&quot;,&quot;mobile&quot;],&quot;sticky_effects_offset&quot;:0}\">\n\t\t\t\t\t\t<div class=\"elementor-container elementor-column-gap-default\">\n\t\t\t\t\t\t\t<div class=\"elementor-row\">\n\t\t\t\t\t<div class=\"elementor-column elementor-col-100 elementor-inner-column elementor-element elementor-element-b797704\" data-id=\"b797704\" data-element_type=\"column\">\n\t\t\t<div class=\"elementor-column-wrap elementor-element-populated\">\n\t\t\t\t\t\t\t<div class=\"elementor-widget-wrap\">\n\t\t\t\t\t\t<div class=\"elementor-element elementor-element-78c9cf8 elementor-widget__width-initial elementor-hidden-phone elementor-widget elementor-widget-heading\" data-id=\"78c9cf8\" data-element_type=\"widget\" data-widget_type=\"heading.default\">\n\t\t\t\t<div class=\"elementor-widget-container\">\n\t\t\t<h2 class=\"elementor-heading-title elementor-size-default\">Panam\u00e1 entra no Programa Iberbibliotecas <\/h2>\t\t<\/div>\n\t\t\t\t<\/div>\n\t\t\t\t<div class=\"elementor-element elementor-element-005d623 elementor-share-buttons--view-icon elementor-share-buttons--skin-framed elementor-share-buttons--color-custom social-banco elementor-widget__width-initial elementor-hidden-phone elementor-share-buttons--shape-square elementor-grid-0 elementor-widget elementor-widget-share-buttons\" data-id=\"005d623\" data-element_type=\"widget\" data-widget_type=\"share-buttons.default\">\n\t\t\t\t<div class=\"elementor-widget-container\">\n\t\t\t\t\t<div class=\"elementor-grid\">\n\t\t\t\t\t\t\t\t<div class=\"elementor-grid-item\">\n\t\t\t\t\t\t<div class=\"elementor-share-btn elementor-share-btn_linkedin\">\n\t\t\t\t\t\t\t\t\t\t\t\t\t\t\t<span class=\"elementor-share-btn__icon\">\n\t\t\t\t\t\t\t\t<i class=\"fab fa-linkedin\" aria-hidden=\"true\"><\/i>\t\t\t\t\t\t\t\t<span\n\t\t\t\t\t\t\t\t\tclass=\"elementor-screen-only\">Compartilhar no linkedin<\/span>\n\t\t\t\t\t\t\t<\/span>\n\t\t\t\t\t\t\t\t\t\t\t\t\t\t\t\t\t\t\t\t<\/div>\n\t\t\t\t\t<\/div>\n\t\t\t\t\t\t\t\t\t<div class=\"elementor-grid-item\">\n\t\t\t\t\t\t<div class=\"elementor-share-btn elementor-share-btn_facebook\">\n\t\t\t\t\t\t\t\t\t\t\t\t\t\t\t<span class=\"elementor-share-btn__icon\">\n\t\t\t\t\t\t\t\t<i class=\"fab fa-facebook\" aria-hidden=\"true\"><\/i>\t\t\t\t\t\t\t\t<span\n\t\t\t\t\t\t\t\t\tclass=\"elementor-screen-only\">Compartilhar no facebook<\/span>\n\t\t\t\t\t\t\t<\/span>\n\t\t\t\t\t\t\t\t\t\t\t\t\t\t\t\t\t\t\t\t<\/div>\n\t\t\t\t\t<\/div>\n\t\t\t\t\t\t\t\t\t<div class=\"elementor-grid-item\">\n\t\t\t\t\t\t<div class=\"elementor-share-btn elementor-share-btn_twitter\">\n\t\t\t\t\t\t\t\t\t\t\t\t\t\t\t<span class=\"elementor-share-btn__icon\">\n\t\t\t\t\t\t\t\t<i class=\"fab fa-twitter\" aria-hidden=\"true\"><\/i>\t\t\t\t\t\t\t\t<span\n\t\t\t\t\t\t\t\t\tclass=\"elementor-screen-only\">Compartilhar no twitter<\/span>\n\t\t\t\t\t\t\t<\/span>\n\t\t\t\t\t\t\t\t\t\t\t\t\t\t\t\t\t\t\t\t<\/div>\n\t\t\t\t\t<\/div>\n\t\t\t\t\t\t<\/div>\n\t\t\t\t<\/div>\n\t\t\t\t<\/div>\n\t\t\t\t<div class=\"elementor-element elementor-element-70df61a elementor-widget elementor-widget-spacer\" data-id=\"70df61a\" data-element_type=\"widget\" data-widget_type=\"spacer.default\">\n\t\t\t\t<div class=\"elementor-widget-container\">\n\t\t\t\t\t<div class=\"elementor-spacer\">\n\t\t\t<div class=\"elementor-spacer-inner\"><\/div>\n\t\t<\/div>\n\t\t\t\t<\/div>\n\t\t\t\t<\/div>\n\t\t\t\t\t\t<\/div>\n\t\t\t\t\t<\/div>\n\t\t<\/div>\n\t\t\t\t\t\t\t\t<\/div>\n\t\t\t\t\t<\/div>\n\t\t<\/section>\n\t\t\t\t\t\t<\/div>\n\t\t\t\t\t<\/div>\n\t\t<\/div>\n\t\t\t\t\t\t\t\t<\/div>\n\t\t\t\t\t<\/div>\n\t\t<\/section>\n\t\t\t\t\t\t\t\t\t<\/div>\n\t\t\t<\/div>\n\t\t\t\t\t<\/div>","protected":false},"excerpt":{"rendered":"<p>No passado Conselho Intergovernamental do programa, foi oficializada a incorpora\u00e7\u00e3o de El Salvador como membro ativo.<\/p>","protected":false},"author":1,"featured_media":7675,"comment_status":"open","ping_status":"open","sticky":false,"template":"elementor_canvas","format":"standard","meta":{"_EventAllDay":false,"_EventTimezone":"","_EventStartDate":"","_EventEndDate":"","_EventStartDateUTC":"","_EventEndDateUTC":"","_EventShowMap":false,"_EventShowMapLink":false,"_EventURL":"","_EventCost":"","_EventCostDescription":"","_EventCurrencySymbol":"","_EventCurrencyCode":"","_EventCurrencyPosition":"","_EventDateTimeSeparator":"","_EventTimeRangeSeparator":"","_EventOrganizerID":[],"_EventVenueID":0,"_OrganizerEmail":"","_OrganizerPhone":"","_OrganizerWebsite":"","_VenueAddress":"","_VenueCity":"","_VenueCountry":"","_VenueProvince":"","_VenueZip":"","_VenuePhone":"","_VenueURL":"","_VenueStateProvince":"","_VenueLat":"","_VenueLng":""},"categories":[34],"tags":[],"yoast_head":"<!-- This site is optimized with the Yoast SEO plugin v20.11 - https:\/\/yoast.com\/wordpress\/plugins\/seo\/ -->\n<title>Panam\u00e1 ingresa a Iberbibliotecas - Iberbibliotecas<\/title>\n<meta name=\"robots\" content=\"index, follow, max-snippet:-1, max-image-preview:large, max-video-preview:-1\" \/>\n<link rel=\"canonical\" href=\"https:\/\/www.iberbibliotecas.org\/por\/panama-ingresa-a-iberbibliotecas\/\" \/>\n<meta property=\"og:locale\" content=\"pt_BR\" \/>\n<meta property=\"og:type\" content=\"article\" \/>\n<meta property=\"og:title\" content=\"Panam\u00e1 ingresa a Iberbibliotecas - Iberbibliotecas\" \/>\n<meta property=\"og:description\" content=\"En el pasado Consejo Intergubernamental del programa se hizo oficial la incorporaci\u00f3n de El Salvador como miembro activo.\" \/>\n<meta property=\"og:url\" content=\"https:\/\/www.iberbibliotecas.org\/por\/panama-ingresa-a-iberbibliotecas\/\" \/>\n<meta property=\"og:site_name\" content=\"Iberbibliotecas\" \/>\n<meta property=\"article:published_time\" content=\"2021-02-16T23:12:49+00:00\" \/>\n<meta property=\"article:modified_time\" content=\"2022-03-11T19:00:14+00:00\" \/>\n<meta property=\"og:image\" content=\"https:\/\/www.iberbibliotecas.org\/wp-content\/uploads\/2021\/02\/0005_comunicado_panama.jpg\" \/>\n\t<meta property=\"og:image:width\" content=\"848\" \/>\n\t<meta property=\"og:image:height\" content=\"527\" \/>\n\t<meta property=\"og:image:type\" content=\"image\/jpeg\" \/>\n<meta name=\"author\" content=\"admin\" \/>\n<meta name=\"twitter:card\" content=\"summary_large_image\" \/>\n<meta name=\"twitter:label1\" content=\"Escrito por\" \/>\n\t<meta name=\"twitter:data1\" content=\"admin\" \/>\n\t<meta name=\"twitter:label2\" content=\"Est. tempo de leitura\" \/>\n\t<meta name=\"twitter:data2\" content=\"3 minutos\" \/>\n<script type=\"application\/ld+json\" class=\"yoast-schema-graph\">{\"@context\":\"https:\/\/schema.org\",\"@graph\":[{\"@type\":\"Article\",\"@id\":\"https:\/\/www.iberbibliotecas.org\/panama-ingresa-a-iberbibliotecas\/#article\",\"isPartOf\":{\"@id\":\"https:\/\/www.iberbibliotecas.org\/panama-ingresa-a-iberbibliotecas\/\"},\"author\":{\"name\":\"admin\",\"@id\":\"https:\/\/www.iberbibliotecas.org\/#\/schema\/person\/486ac82ad50c6a0a37e3b388a7f40012\"},\"headline\":\"Panam\u00e1 ingresa a Iberbibliotecas\",\"datePublished\":\"2021-02-16T23:12:49+00:00\",\"dateModified\":\"2022-03-11T19:00:14+00:00\",\"mainEntityOfPage\":{\"@id\":\"https:\/\/www.iberbibliotecas.org\/panama-ingresa-a-iberbibliotecas\/\"},\"wordCount\":361,\"commentCount\":0,\"publisher\":{\"@id\":\"https:\/\/www.iberbibliotecas.org\/#organization\"},\"articleSection\":[\"Comunicado\"],\"inLanguage\":\"pt-BR\",\"potentialAction\":[{\"@type\":\"CommentAction\",\"name\":\"Comment\",\"target\":[\"https:\/\/www.iberbibliotecas.org\/panama-ingresa-a-iberbibliotecas\/#respond\"]}]},{\"@type\":\"WebPage\",\"@id\":\"https:\/\/www.iberbibliotecas.org\/panama-ingresa-a-iberbibliotecas\/\",\"url\":\"https:\/\/www.iberbibliotecas.org\/panama-ingresa-a-iberbibliotecas\/\",\"name\":\"Panam\u00e1 ingresa a Iberbibliotecas - Iberbibliotecas\",\"isPartOf\":{\"@id\":\"https:\/\/www.iberbibliotecas.org\/#website\"},\"datePublished\":\"2021-02-16T23:12:49+00:00\",\"dateModified\":\"2022-03-11T19:00:14+00:00\",\"breadcrumb\":{\"@id\":\"https:\/\/www.iberbibliotecas.org\/panama-ingresa-a-iberbibliotecas\/#breadcrumb\"},\"inLanguage\":\"pt-BR\",\"potentialAction\":[{\"@type\":\"ReadAction\",\"target\":[\"https:\/\/www.iberbibliotecas.org\/panama-ingresa-a-iberbibliotecas\/\"]}]},{\"@type\":\"BreadcrumbList\",\"@id\":\"https:\/\/www.iberbibliotecas.org\/panama-ingresa-a-iberbibliotecas\/#breadcrumb\",\"itemListElement\":[{\"@type\":\"ListItem\",\"position\":1,\"name\":\"Inicio\",\"item\":\"https:\/\/www.iberbibliotecas.org\/\"},{\"@type\":\"ListItem\",\"position\":2,\"name\":\"Panam\u00e1 ingresa a Iberbibliotecas\"}]},{\"@type\":\"WebSite\",\"@id\":\"https:\/\/www.iberbibliotecas.org\/#website\",\"url\":\"https:\/\/www.iberbibliotecas.org\/\",\"name\":\"Iberbibliotecas\",\"description\":\"\",\"publisher\":{\"@id\":\"https:\/\/www.iberbibliotecas.org\/#organization\"},\"potentialAction\":[{\"@type\":\"SearchAction\",\"target\":{\"@type\":\"EntryPoint\",\"urlTemplate\":\"https:\/\/www.iberbibliotecas.org\/?s={search_term_string}\"},\"query-input\":\"required name=search_term_string\"}],\"inLanguage\":\"pt-BR\"},{\"@type\":\"Organization\",\"@id\":\"https:\/\/www.iberbibliotecas.org\/#organization\",\"name\":\"Iberbibliotecas\",\"url\":\"https:\/\/www.iberbibliotecas.org\/\",\"logo\":{\"@type\":\"ImageObject\",\"inLanguage\":\"pt-BR\",\"@id\":\"https:\/\/www.iberbibliotecas.org\/#\/schema\/logo\/image\/\",\"url\":\"https:\/\/www.iberbibliotecas.org\/wp-content\/uploads\/2021\/03\/logo_c_ib.png\",\"contentUrl\":\"https:\/\/www.iberbibliotecas.org\/wp-content\/uploads\/2021\/03\/logo_c_ib.png\",\"width\":289,\"height\":180,\"caption\":\"Iberbibliotecas\"},\"image\":{\"@id\":\"https:\/\/www.iberbibliotecas.org\/#\/schema\/logo\/image\/\"}},{\"@type\":\"Person\",\"@id\":\"https:\/\/www.iberbibliotecas.org\/#\/schema\/person\/486ac82ad50c6a0a37e3b388a7f40012\",\"name\":\"admin\",\"image\":{\"@type\":\"ImageObject\",\"inLanguage\":\"pt-BR\",\"@id\":\"https:\/\/www.iberbibliotecas.org\/#\/schema\/person\/image\/\",\"url\":\"https:\/\/secure.gravatar.com\/avatar\/bd32ff3442cc72b6eeb88993179a289a?s=96&d=mm&r=g\",\"contentUrl\":\"https:\/\/secure.gravatar.com\/avatar\/bd32ff3442cc72b6eeb88993179a289a?s=96&d=mm&r=g\",\"caption\":\"admin\"},\"sameAs\":[\"http:\/\/34.125.232.78\"],\"url\":\"https:\/\/www.iberbibliotecas.org\/por\/author\/admin\/\"}]}<\/script>\n<!-- \/ Yoast SEO plugin. -->","yoast_head_json":{"title":"Panam\u00e1 ingresa a Iberbibliotecas - Iberbibliotecas","robots":{"index":"index","follow":"follow","max-snippet":"max-snippet:-1","max-image-preview":"max-image-preview:large","max-video-preview":"max-video-preview:-1"},"canonical":"https:\/\/www.iberbibliotecas.org\/por\/panama-ingresa-a-iberbibliotecas\/","og_locale":"pt_BR","og_type":"article","og_title":"Panam\u00e1 ingresa a Iberbibliotecas - Iberbibliotecas","og_description":"En el pasado Consejo Intergubernamental del programa se hizo oficial la incorporaci\u00f3n de El Salvador como miembro activo.","og_url":"https:\/\/www.iberbibliotecas.org\/por\/panama-ingresa-a-iberbibliotecas\/","og_site_name":"Iberbibliotecas","article_published_time":"2021-02-16T23:12:49+00:00","article_modified_time":"2022-03-11T19:00:14+00:00","og_image":[{"width":848,"height":527,"url":"https:\/\/www.iberbibliotecas.org\/wp-content\/uploads\/2021\/02\/0005_comunicado_panama.jpg","type":"image\/jpeg"}],"author":"admin","twitter_card":"summary_large_image","twitter_misc":{"Escrito por":"admin","Est. tempo de leitura":"3 minutos"},"schema":{"@context":"https:\/\/schema.org","@graph":[{"@type":"Article","@id":"https:\/\/www.iberbibliotecas.org\/panama-ingresa-a-iberbibliotecas\/#article","isPartOf":{"@id":"https:\/\/www.iberbibliotecas.org\/panama-ingresa-a-iberbibliotecas\/"},"author":{"name":"admin","@id":"https:\/\/www.iberbibliotecas.org\/#\/schema\/person\/486ac82ad50c6a0a37e3b388a7f40012"},"headline":"Panam\u00e1 ingresa a Iberbibliotecas","datePublished":"2021-02-16T23:12:49+00:00","dateModified":"2022-03-11T19:00:14+00:00","mainEntityOfPage":{"@id":"https:\/\/www.iberbibliotecas.org\/panama-ingresa-a-iberbibliotecas\/"},"wordCount":361,"commentCount":0,"publisher":{"@id":"https:\/\/www.iberbibliotecas.org\/#organization"},"articleSection":["Comunicado"],"inLanguage":"pt-BR","potentialAction":[{"@type":"CommentAction","name":"Comment","target":["https:\/\/www.iberbibliotecas.org\/panama-ingresa-a-iberbibliotecas\/#respond"]}]},{"@type":"WebPage","@id":"https:\/\/www.iberbibliotecas.org\/panama-ingresa-a-iberbibliotecas\/","url":"https:\/\/www.iberbibliotecas.org\/panama-ingresa-a-iberbibliotecas\/","name":"Panam\u00e1 ingresa a Iberbibliotecas - Iberbibliotecas","isPartOf":{"@id":"https:\/\/www.iberbibliotecas.org\/#website"},"datePublished":"2021-02-16T23:12:49+00:00","dateModified":"2022-03-11T19:00:14+00:00","breadcrumb":{"@id":"https:\/\/www.iberbibliotecas.org\/panama-ingresa-a-iberbibliotecas\/#breadcrumb"},"inLanguage":"pt-BR","potentialAction":[{"@type":"ReadAction","target":["https:\/\/www.iberbibliotecas.org\/panama-ingresa-a-iberbibliotecas\/"]}]},{"@type":"BreadcrumbList","@id":"https:\/\/www.iberbibliotecas.org\/panama-ingresa-a-iberbibliotecas\/#breadcrumb","itemListElement":[{"@type":"ListItem","position":1,"name":"Inicio","item":"https:\/\/www.iberbibliotecas.org\/"},{"@type":"ListItem","position":2,"name":"Panam\u00e1 ingresa a Iberbibliotecas"}]},{"@type":"WebSite","@id":"https:\/\/www.iberbibliotecas.org\/#website","url":"https:\/\/www.iberbibliotecas.org\/","name":"Iberbibliotecas","description":"","publisher":{"@id":"https:\/\/www.iberbibliotecas.org\/#organization"},"potentialAction":[{"@type":"SearchAction","target":{"@type":"EntryPoint","urlTemplate":"https:\/\/www.iberbibliotecas.org\/?s={search_term_string}"},"query-input":"required name=search_term_string"}],"inLanguage":"pt-BR"},{"@type":"Organization","@id":"https:\/\/www.iberbibliotecas.org\/#organization","name":"Iberbibliotecas","url":"https:\/\/www.iberbibliotecas.org\/","logo":{"@type":"ImageObject","inLanguage":"pt-BR","@id":"https:\/\/www.iberbibliotecas.org\/#\/schema\/logo\/image\/","url":"https:\/\/www.iberbibliotecas.org\/wp-content\/uploads\/2021\/03\/logo_c_ib.png","contentUrl":"https:\/\/www.iberbibliotecas.org\/wp-content\/uploads\/2021\/03\/logo_c_ib.png","width":289,"height":180,"caption":"Iberbibliotecas"},"image":{"@id":"https:\/\/www.iberbibliotecas.org\/#\/schema\/logo\/image\/"}},{"@type":"Person","@id":"https:\/\/www.iberbibliotecas.org\/#\/schema\/person\/486ac82ad50c6a0a37e3b388a7f40012","name":"admin","image":{"@type":"ImageObject","inLanguage":"pt-BR","@id":"https:\/\/www.iberbibliotecas.org\/#\/schema\/person\/image\/","url":"https:\/\/secure.gravatar.com\/avatar\/bd32ff3442cc72b6eeb88993179a289a?s=96&d=mm&r=g","contentUrl":"https:\/\/secure.gravatar.com\/avatar\/bd32ff3442cc72b6eeb88993179a289a?s=96&d=mm&r=g","caption":"admin"},"sameAs":["http:\/\/34.125.232.78"],"url":"https:\/\/www.iberbibliotecas.org\/por\/author\/admin\/"}]}},"_links":{"self":[{"href":"https:\/\/www.iberbibliotecas.org\/por\/wp-json\/wp\/v2\/posts\/6571"}],"collection":[{"href":"https:\/\/www.iberbibliotecas.org\/por\/wp-json\/wp\/v2\/posts"}],"about":[{"href":"https:\/\/www.iberbibliotecas.org\/por\/wp-json\/wp\/v2\/types\/post"}],"author":[{"embeddable":true,"href":"https:\/\/www.iberbibliotecas.org\/por\/wp-json\/wp\/v2\/users\/1"}],"replies":[{"embeddable":true,"href":"https:\/\/www.iberbibliotecas.org\/por\/wp-json\/wp\/v2\/comments?post=6571"}],"version-history":[{"count":0,"href":"https:\/\/www.iberbibliotecas.org\/por\/wp-json\/wp\/v2\/posts\/6571\/revisions"}],"wp:featuredmedia":[{"embeddable":true,"href":"https:\/\/www.iberbibliotecas.org\/por\/wp-json\/wp\/v2\/media\/7675"}],"wp:attachment":[{"href":"https:\/\/www.iberbibliotecas.org\/por\/wp-json\/wp\/v2\/media?parent=6571"}],"wp:term":[{"taxonomy":"category","embeddable":true,"href":"https:\/\/www.iberbibliotecas.org\/por\/wp-json\/wp\/v2\/categories?post=6571"},{"taxonomy":"post_tag","embeddable":true,"href":"https:\/\/www.iberbibliotecas.org\/por\/wp-json\/wp\/v2\/tags?post=6571"}],"curies":[{"name":"wp","href":"https:\/\/api.w.org\/{rel}","templated":true}]}}