{"id":6592,"date":"2021-02-17T03:50:43","date_gmt":"2021-02-17T03:50:43","guid":{"rendered":"http:\/\/200.91.193.126\/wordpress?p=6592"},"modified":"2021-02-23T12:22:36","modified_gmt":"2021-02-23T12:22:36","slug":"el-comite-intergubernamental-iberbibliotecas-se-llevo-a-cabo-entre-el-23-y-25-de-octubre-de-2013-en-santiago-de-chile","status":"publish","type":"post","link":"https:\/\/www.iberbibliotecas.org\/por\/el-comite-intergubernamental-iberbibliotecas-se-llevo-a-cabo-entre-el-23-y-25-de-octubre-de-2013-en-santiago-de-chile\/","title":{"rendered":"O Comit\u00ea Intergovernamental IBERBIBLIOTECAS foi realizado entre os dias 23 e 25 de outubro de 2013 em Santiago do Chile"},"content":{"rendered":"<div data-elementor-type=\"wp-post\" data-elementor-id=\"6592\" class=\"elementor elementor-6592\">\n\t\t\t\t\t\t<div class=\"elementor-inner\">\n\t\t\t\t<div class=\"elementor-section-wrap\">\n\t\t\t\t\t\t\t\t\t<section class=\"elementor-section elementor-top-section elementor-element elementor-element-fe72422 elementor-section-boxed elementor-section-height-default elementor-section-height-default\" data-id=\"fe72422\" data-element_type=\"section\">\n\t\t\t\t\t\t<div class=\"elementor-container elementor-column-gap-default\">\n\t\t\t\t\t\t\t<div class=\"elementor-row\">\n\t\t\t\t\t<div class=\"elementor-column elementor-col-100 elementor-top-column elementor-element elementor-element-66b7b31\" data-id=\"66b7b31\" data-element_type=\"column\">\n\t\t\t<div class=\"elementor-column-wrap elementor-element-populated\">\n\t\t\t\t\t\t\t<div class=\"elementor-widget-wrap\">\n\t\t\t\t\t\t<div class=\"elementor-element elementor-element-91394e9 elementor-widget elementor-widget-heading\" data-id=\"91394e9\" data-element_type=\"widget\" data-widget_type=\"heading.default\">\n\t\t\t\t<div class=\"elementor-widget-container\">\n\t\t\t<h1 class=\"elementor-heading-title elementor-size-default\">O Comit\u00ea Intergovernamental IBERBIBLIOTECAS foi realizado entre os dias 23 e 25 de outubro de 2013 em Santiago do Chile <\/h1>\t\t<\/div>\n\t\t\t\t<\/div>\n\t\t\t\t\t\t<\/div>\n\t\t\t\t\t<\/div>\n\t\t<\/div>\n\t\t\t\t\t\t\t\t<\/div>\n\t\t\t\t\t<\/div>\n\t\t<\/section>\n\t\t\t\t<section class=\"elementor-section elementor-top-section elementor-element elementor-element-d6139df elementor-section-boxed elementor-section-height-default elementor-section-height-default\" data-id=\"d6139df\" data-element_type=\"section\">\n\t\t\t\t\t\t<div class=\"elementor-container elementor-column-gap-default\">\n\t\t\t\t\t\t\t<div class=\"elementor-row\">\n\t\t\t\t\t<div class=\"elementor-column elementor-col-33 elementor-top-column elementor-element elementor-element-5992abd elementor-hidden-desktop elementor-hidden-tablet\" data-id=\"5992abd\" data-element_type=\"column\">\n\t\t\t<div class=\"elementor-column-wrap elementor-element-populated\">\n\t\t\t\t\t\t\t<div class=\"elementor-widget-wrap\">\n\t\t\t\t\t\t<div class=\"elementor-element elementor-element-4531064 elementor-widget elementor-widget-image\" data-id=\"4531064\" data-element_type=\"widget\" data-widget_type=\"image.default\">\n\t\t\t\t<div class=\"elementor-widget-container\">\n\t\t\t\t\t\t\t\t<div class=\"elementor-image\">\n\t\t\t\t\t\t\t\t\t\t\t\t<img decoding=\"async\" width=\"525\" height=\"295\" src=\"https:\/\/www.iberbibliotecas.org\/wp-content\/uploads\/2021\/01\/bp_victoria-768x432.jpg\" class=\"attachment-medium_large size-medium_large\" alt=\"\" loading=\"lazy\" srcset=\"https:\/\/www.iberbibliotecas.org\/wp-content\/uploads\/2021\/01\/bp_victoria-768x432.jpg 768w, https:\/\/www.iberbibliotecas.org\/wp-content\/uploads\/2021\/01\/bp_victoria-300x169.jpg 300w, https:\/\/www.iberbibliotecas.org\/wp-content\/uploads\/2021\/01\/bp_victoria-1024x576.jpg 1024w, https:\/\/www.iberbibliotecas.org\/wp-content\/uploads\/2021\/01\/bp_victoria-1536x864.jpg 1536w, https:\/\/www.iberbibliotecas.org\/wp-content\/uploads\/2021\/01\/bp_victoria.jpg 1920w\" sizes=\"100vw\" \/>\t\t\t\t\t\t\t\t\t\t\t\t\t\t<\/div>\n\t\t\t\t\t\t<\/div>\n\t\t\t\t<\/div>\n\t\t\t\t<div class=\"elementor-element elementor-element-f277d8a elementor-widget elementor-widget-heading\" data-id=\"f277d8a\" data-element_type=\"widget\" data-widget_type=\"heading.default\">\n\t\t\t\t<div class=\"elementor-widget-container\">\n\t\t\t<h2 class=\"elementor-heading-title elementor-size-default\">Estudio \u00abCirculaci\u00f3n de libros electr\u00f3nicos y contenidos digitales en las redes de bibliotecas p\u00fablicas de Iberoam\u00e9rica\u00bb<\/h2>\t\t<\/div>\n\t\t\t\t<\/div>\n\t\t\t\t<div class=\"elementor-element elementor-element-92da323 elementor-share-buttons--view-icon elementor-share-buttons--skin-framed elementor-share-buttons--color-custom social-banco elementor-widget__width-initial elementor-hidden-desktop elementor-hidden-tablet elementor-share-buttons--shape-square elementor-grid-0 elementor-widget elementor-widget-share-buttons\" data-id=\"92da323\" data-element_type=\"widget\" data-widget_type=\"share-buttons.default\">\n\t\t\t\t<div class=\"elementor-widget-container\">\n\t\t\t\t\t<div class=\"elementor-grid\">\n\t\t\t\t\t\t\t\t<div class=\"elementor-grid-item\">\n\t\t\t\t\t\t<div class=\"elementor-share-btn elementor-share-btn_linkedin\">\n\t\t\t\t\t\t\t\t\t\t\t\t\t\t\t<span class=\"elementor-share-btn__icon\">\n\t\t\t\t\t\t\t\t<i class=\"fab fa-linkedin\" aria-hidden=\"true\"><\/i>\t\t\t\t\t\t\t\t<span\n\t\t\t\t\t\t\t\t\tclass=\"elementor-screen-only\">Compartilhar no linkedin<\/span>\n\t\t\t\t\t\t\t<\/span>\n\t\t\t\t\t\t\t\t\t\t\t\t\t\t\t\t\t\t\t\t<\/div>\n\t\t\t\t\t<\/div>\n\t\t\t\t\t\t\t\t\t<div class=\"elementor-grid-item\">\n\t\t\t\t\t\t<div class=\"elementor-share-btn elementor-share-btn_facebook\">\n\t\t\t\t\t\t\t\t\t\t\t\t\t\t\t<span class=\"elementor-share-btn__icon\">\n\t\t\t\t\t\t\t\t<i class=\"fab fa-facebook\" aria-hidden=\"true\"><\/i>\t\t\t\t\t\t\t\t<span\n\t\t\t\t\t\t\t\t\tclass=\"elementor-screen-only\">Compartilhar no facebook<\/span>\n\t\t\t\t\t\t\t<\/span>\n\t\t\t\t\t\t\t\t\t\t\t\t\t\t\t\t\t\t\t\t<\/div>\n\t\t\t\t\t<\/div>\n\t\t\t\t\t\t\t\t\t<div class=\"elementor-grid-item\">\n\t\t\t\t\t\t<div class=\"elementor-share-btn elementor-share-btn_twitter\">\n\t\t\t\t\t\t\t\t\t\t\t\t\t\t\t<span class=\"elementor-share-btn__icon\">\n\t\t\t\t\t\t\t\t<i class=\"fab fa-twitter\" aria-hidden=\"true\"><\/i>\t\t\t\t\t\t\t\t<span\n\t\t\t\t\t\t\t\t\tclass=\"elementor-screen-only\">Compartilhar no twitter<\/span>\n\t\t\t\t\t\t\t<\/span>\n\t\t\t\t\t\t\t\t\t\t\t\t\t\t\t\t\t\t\t\t<\/div>\n\t\t\t\t\t<\/div>\n\t\t\t\t\t\t<\/div>\n\t\t\t\t<\/div>\n\t\t\t\t<\/div>\n\t\t\t\t\t\t<\/div>\n\t\t\t\t\t<\/div>\n\t\t<\/div>\n\t\t\t\t<div class=\"elementor-column elementor-col-33 elementor-top-column elementor-element elementor-element-ff5e006\" data-id=\"ff5e006\" data-element_type=\"column\">\n\t\t\t<div class=\"elementor-column-wrap elementor-element-populated\">\n\t\t\t\t\t\t\t<div class=\"elementor-widget-wrap\">\n\t\t\t\t\t\t<div class=\"elementor-element elementor-element-2a7974d elementor-widget elementor-widget-text-editor\" data-id=\"2a7974d\" data-element_type=\"widget\" data-widget_type=\"text-editor.default\">\n\t\t\t\t<div class=\"elementor-widget-container\">\n\t\t\t\t\t\t\t\t<div class=\"elementor-text-editor elementor-clearfix\">\n\t\t\t\t<p>Na cidade de Santiago do Chile e tendo o DIBAM como sede, foi realizado o XIV Comit\u00ea Intergovernamental do Programa de Iberbibliotecas, com a representa\u00e7\u00e3o de oito de seus membros.\u00a0<\/p><p>\u00a0Um dos objetivos da Comiss\u00e3o foi avaliar a participa\u00e7\u00e3o no primeiro Concurso de Ajudas realizado durante o ano de 2013, que proporcionou um apoio no valor de 202.874,84 USD. Nesse processo, foram recebidos 143 projetos, dos quais 105 foram habilitados e avaliados pelos membros do Comit\u00ea, dando como vencedor um projeto para cada linha de a\u00e7\u00e3o do Programa. At\u00e9 o momento, os oito projetos selecionados receberam um primeiro desembolso de 70% da ajuda total, que ser\u00e1 executado em um per\u00edodo n\u00e3o superior a setembro de 2014.\u00a0<\/p><p>\u00a0Os projetos vencedores de cada linha de a\u00e7\u00e3o s\u00e3o:<\/p>\t\t\t\t\t<\/div>\n\t\t\t\t\t\t<\/div>\n\t\t\t\t<\/div>\n\t\t\t\t<div class=\"elementor-element elementor-element-a05025a elementor-widget elementor-widget-image\" data-id=\"a05025a\" data-element_type=\"widget\" data-widget_type=\"image.default\">\n\t\t\t\t<div class=\"elementor-widget-container\">\n\t\t\t\t\t\t\t\t<div class=\"elementor-image\">\n\t\t\t\t\t\t\t\t\t\t\t\t<img decoding=\"async\" width=\"525\" height=\"350\" src=\"https:\/\/www.iberbibliotecas.org\/wp-content\/uploads\/2021\/02\/Bibliotecas-Region-de-Coquimbo-Chile-768x512.jpg\" class=\"attachment-medium_large size-medium_large\" alt=\"\" loading=\"lazy\" srcset=\"https:\/\/www.iberbibliotecas.org\/wp-content\/uploads\/2021\/02\/Bibliotecas-Region-de-Coquimbo-Chile-768x512.jpg 768w, https:\/\/www.iberbibliotecas.org\/wp-content\/uploads\/2021\/02\/Bibliotecas-Region-de-Coquimbo-Chile-300x200.jpg 300w, https:\/\/www.iberbibliotecas.org\/wp-content\/uploads\/2021\/02\/Bibliotecas-Region-de-Coquimbo-Chile-16x12.jpg 16w, https:\/\/www.iberbibliotecas.org\/wp-content\/uploads\/2021\/02\/Bibliotecas-Region-de-Coquimbo-Chile.jpg 1024w\" sizes=\"100vw\" \/>\t\t\t\t\t\t\t\t\t\t\t\t\t\t<\/div>\n\t\t\t\t\t\t<\/div>\n\t\t\t\t<\/div>\n\t\t\t\t<div class=\"elementor-element elementor-element-4f01622 elementor-widget elementor-widget-text-editor\" data-id=\"4f01622\" data-element_type=\"widget\" data-widget_type=\"text-editor.default\">\n\t\t\t\t<div class=\"elementor-widget-container\">\n\t\t\t\t\t\t\t\t<div class=\"elementor-text-editor elementor-clearfix\">\n\t\t\t\t<p>Linha 1. Projetos para o desenvolvimento, fortalecimento, moderniza\u00e7\u00e3o e \/ ou avalia\u00e7\u00e3o de redes e sistemas de bibliotecas p\u00fablicas na regi\u00e3o:\u00a0<\/p><p style=\"padding-left: 40px;\">Cria\u00e7\u00e3o do Servi\u00e7o de Refer\u00eancia Digital na Rede de Bibliotecas P\u00fablicas do Departamento de Atl\u00e1ntico (Minist\u00e9rio Departamental da Cultura, Rede Departamental de Bibliotecas P\u00fablicas de Atl\u00e1ntico). Col\u00f4mbia, Barranquilla.\u00a0<\/p><p>\u00a0Linha 2. Apoio \u00e0s iniciativas relacionadas \u00e0s bibliotecas p\u00fablicas, principalmente aquelas localizadas nas \u00e1reas mais vulner\u00e1veis \u200b\u200be \/ ou isoladas e que contam com o apoio dos munic\u00edpios e localidades:\u00a0<\/p><p style=\"padding-left: 40px;\">Inclus\u00e3o social de pessoas com defici\u00eancia por meio do acesso \u00e0 informa\u00e7\u00e3o e ao conhecimento por meio do uso e apropria\u00e7\u00e3o das tecnologias de informa\u00e7\u00e3o e comunica\u00e7\u00e3o TIC (Biblioteca Departamental Jorge Garc\u00e9s Borrero). Col\u00f4mbia, Cali.<b>.<\/b>\u00a0<\/p><p>\u00a0Linha 3. Apoio a propostas de pesquisa em bibliotecas e seu impacto no desenvolvimento das comunidades, com o apoio de universidades e outros centros de pesquisa:\u00a0<\/p><p style=\"padding-left: 40px;\">\u00a0Caracteriza\u00e7\u00e3o das cole\u00e7\u00f5es do patrim\u00f4nio bibliogr\u00e1fico das bibliotecas p\u00fablicas municipais de El Carmen de Viboral, Sons\u00f3n e Yarumal, munic\u00edpios do Departamento de Antioquia, Col\u00f4mbia (Grupo de Pesquisa em Informa\u00e7\u00e3o, Conhecimento e Sociedade vinculado ao Centro Interamericano de Pesquisas em Ci\u00eancia da Informa\u00e7\u00e3o Escola de Biblioteconomia da Universidade de Antioquia). Medellin Colombia.\u00a0<\/p><p>\u00a0Linha 4. Desenvolvimento de programas de treinamento cont\u00ednuo para funcion\u00e1rios de bibliotecas p\u00fablicas e troca de experi\u00eancias e conhecimentos entre profissionais e gestores de bibliotecas p\u00fablicas:\u00a0<\/p><p style=\"padding-left: 40px;\">\u00a0Dinamiza\u00e7\u00e3o de Bibliotecas P\u00fablicas com a forma\u00e7\u00e3o de Agentes Culturais (SEB, Sistema Estadual de Bibliotecas\/RJ).\u202fBrasil, R\u00edo de Janeiro.\u00a0<\/p><p>\u00a0Linha 5. Apoio a projetos cooperativos de ou para bibliotecas p\u00fablicas que favore\u00e7am o conhecimento e a circula\u00e7\u00e3o da produ\u00e7\u00e3o cultural regional:\u00a0<\/p><p style=\"padding-left: 40px;\">\u00a0Projeto Ja\u00b4ab (Escola de Design da Universidade Modelo de M\u00e9rida). M\u00e9xico, M\u00e9rida.\u00a0<\/p><p>\u00a0Linha 6. Apoio a programas de promo\u00e7\u00e3o da leitura em bibliotecas p\u00fablicas:\u00a0<\/p><p style=\"padding-left: 40px;\">\u00a0Clube de Leitura dos Fil\u00f3sofos (Universidade de Antioquia, Instituto de Filosofia, Grupo de Filosofia e Ensino de Filosofia). Medellin Colombia.\u00a0<\/p><p>\u00a0Linha 7. Apoio a projetos e servi\u00e7os de biblioteca que promovam o desenvolvimento local e a participa\u00e7\u00e3o da comunidade:\u00a0<\/p><p style=\"padding-left: 40px;\">\u00a0Visitas a Cegos com o aux\u00edlio de leitor \u00f3tico-auditivo sensorial na Biblioteca Central Estadual \u201cMiguel N. Lira\u201d (Biblioteca P\u00fablica Central Estadual \u201cMiguel N. Lira\u201d). M\u00e9xico, Tlaxcala.<b>.<\/b>\u00a0<\/p><p>\u00a0Da mesma forma, o CII apoiou o projeto \"Diploma Ibero-americano Online em Gest\u00e3o de Bibliotecas P\u00fablicas\", apresentado pelo Sistema Nacional de Bibliotecas, DIBAM do Chile.\u00a0<\/p><p>Entre os temas da pauta do Comit\u00ea, que foi cumprida com sucesso, as demonstra\u00e7\u00f5es financeiras, a estrat\u00e9gia de comunica\u00e7\u00e3o e o plano de trabalho para 2014 foram revisados \u200b\u200be aprovados, que tem como um de seus principais objetivos dar maior visibilidade \u00e0s a\u00e7\u00f5es do Programa.<\/p>\t\t\t\t\t<\/div>\n\t\t\t\t\t\t<\/div>\n\t\t\t\t<\/div>\n\t\t\t\t\t\t<\/div>\n\t\t\t\t\t<\/div>\n\t\t<\/div>\n\t\t\t\t<div class=\"elementor-column elementor-col-33 elementor-top-column elementor-element elementor-element-93c9e71\" data-id=\"93c9e71\" data-element_type=\"column\" data-settings=\"{&quot;motion_fx_motion_fx_scrolling&quot;:&quot;yes&quot;,&quot;motion_fx_devices&quot;:[&quot;desktop&quot;,&quot;tablet&quot;,&quot;mobile&quot;]}\">\n\t\t\t<div class=\"elementor-column-wrap elementor-element-populated\">\n\t\t\t\t\t\t\t<div class=\"elementor-widget-wrap\">\n\t\t\t\t\t\t<div class=\"elementor-element elementor-element-40d41f8 elementor-hidden-phone elementor-widget elementor-widget-image\" data-id=\"40d41f8\" data-element_type=\"widget\" data-widget_type=\"image.default\">\n\t\t\t\t<div class=\"elementor-widget-container\">\n\t\t\t\t\t\t\t\t<div class=\"elementor-image\">\n\t\t\t\t\t\t\t\t\t\t\t\t<img decoding=\"async\" width=\"525\" height=\"295\" src=\"https:\/\/www.iberbibliotecas.org\/wp-content\/uploads\/2021\/01\/bp_victoria-768x432.jpg\" class=\"attachment-medium_large size-medium_large\" alt=\"\" loading=\"lazy\" srcset=\"https:\/\/www.iberbibliotecas.org\/wp-content\/uploads\/2021\/01\/bp_victoria-768x432.jpg 768w, https:\/\/www.iberbibliotecas.org\/wp-content\/uploads\/2021\/01\/bp_victoria-300x169.jpg 300w, https:\/\/www.iberbibliotecas.org\/wp-content\/uploads\/2021\/01\/bp_victoria-1024x576.jpg 1024w, https:\/\/www.iberbibliotecas.org\/wp-content\/uploads\/2021\/01\/bp_victoria-1536x864.jpg 1536w, https:\/\/www.iberbibliotecas.org\/wp-content\/uploads\/2021\/01\/bp_victoria.jpg 1920w\" sizes=\"100vw\" \/>\t\t\t\t\t\t\t\t\t\t\t\t\t\t<\/div>\n\t\t\t\t\t\t<\/div>\n\t\t\t\t<\/div>\n\t\t\t\t<section class=\"elementor-section elementor-inner-section elementor-element elementor-element-161db30 elementor-hidden-phone elementor-section-boxed elementor-section-height-default elementor-section-height-default\" data-id=\"161db30\" data-element_type=\"section\" data-settings=\"{&quot;sticky&quot;:&quot;top&quot;,&quot;sticky_offset&quot;:90,&quot;sticky_on&quot;:[&quot;desktop&quot;,&quot;tablet&quot;,&quot;mobile&quot;],&quot;sticky_effects_offset&quot;:0}\">\n\t\t\t\t\t\t<div class=\"elementor-container elementor-column-gap-default\">\n\t\t\t\t\t\t\t<div class=\"elementor-row\">\n\t\t\t\t\t<div class=\"elementor-column elementor-col-100 elementor-inner-column elementor-element elementor-element-d3b11f8\" data-id=\"d3b11f8\" data-element_type=\"column\">\n\t\t\t<div class=\"elementor-column-wrap elementor-element-populated\">\n\t\t\t\t\t\t\t<div class=\"elementor-widget-wrap\">\n\t\t\t\t\t\t<div class=\"elementor-element elementor-element-ec00fd8 elementor-hidden-phone elementor-widget elementor-widget-heading\" data-id=\"ec00fd8\" data-element_type=\"widget\" data-widget_type=\"heading.default\">\n\t\t\t\t<div class=\"elementor-widget-container\">\n\t\t\t<h2 class=\"elementor-heading-title elementor-size-default\">Estudio \u00abCirculaci\u00f3n de libros electr\u00f3nicos y contenidos digitales en las redes de bibliotecas p\u00fablicas de Iberoam\u00e9rica\u00bb<\/h2>\t\t<\/div>\n\t\t\t\t<\/div>\n\t\t\t\t<div class=\"elementor-element elementor-element-b140570 elementor-share-buttons--view-icon elementor-share-buttons--skin-framed elementor-share-buttons--color-custom social-banco elementor-widget__width-initial elementor-hidden-phone elementor-share-buttons--shape-square elementor-grid-0 elementor-widget elementor-widget-share-buttons\" data-id=\"b140570\" data-element_type=\"widget\" data-widget_type=\"share-buttons.default\">\n\t\t\t\t<div class=\"elementor-widget-container\">\n\t\t\t\t\t<div class=\"elementor-grid\">\n\t\t\t\t\t\t\t\t<div class=\"elementor-grid-item\">\n\t\t\t\t\t\t<div class=\"elementor-share-btn elementor-share-btn_linkedin\">\n\t\t\t\t\t\t\t\t\t\t\t\t\t\t\t<span class=\"elementor-share-btn__icon\">\n\t\t\t\t\t\t\t\t<i class=\"fab fa-linkedin\" aria-hidden=\"true\"><\/i>\t\t\t\t\t\t\t\t<span\n\t\t\t\t\t\t\t\t\tclass=\"elementor-screen-only\">Compartilhar no linkedin<\/span>\n\t\t\t\t\t\t\t<\/span>\n\t\t\t\t\t\t\t\t\t\t\t\t\t\t\t\t\t\t\t\t<\/div>\n\t\t\t\t\t<\/div>\n\t\t\t\t\t\t\t\t\t<div class=\"elementor-grid-item\">\n\t\t\t\t\t\t<div class=\"elementor-share-btn elementor-share-btn_facebook\">\n\t\t\t\t\t\t\t\t\t\t\t\t\t\t\t<span class=\"elementor-share-btn__icon\">\n\t\t\t\t\t\t\t\t<i class=\"fab fa-facebook\" aria-hidden=\"true\"><\/i>\t\t\t\t\t\t\t\t<span\n\t\t\t\t\t\t\t\t\tclass=\"elementor-screen-only\">Compartilhar no facebook<\/span>\n\t\t\t\t\t\t\t<\/span>\n\t\t\t\t\t\t\t\t\t\t\t\t\t\t\t\t\t\t\t\t<\/div>\n\t\t\t\t\t<\/div>\n\t\t\t\t\t\t\t\t\t<div class=\"elementor-grid-item\">\n\t\t\t\t\t\t<div class=\"elementor-share-btn elementor-share-btn_twitter\">\n\t\t\t\t\t\t\t\t\t\t\t\t\t\t\t<span class=\"elementor-share-btn__icon\">\n\t\t\t\t\t\t\t\t<i class=\"fab fa-twitter\" aria-hidden=\"true\"><\/i>\t\t\t\t\t\t\t\t<span\n\t\t\t\t\t\t\t\t\tclass=\"elementor-screen-only\">Compartilhar no twitter<\/span>\n\t\t\t\t\t\t\t<\/span>\n\t\t\t\t\t\t\t\t\t\t\t\t\t\t\t\t\t\t\t\t<\/div>\n\t\t\t\t\t<\/div>\n\t\t\t\t\t\t<\/div>\n\t\t\t\t<\/div>\n\t\t\t\t<\/div>\n\t\t\t\t<div class=\"elementor-element elementor-element-3915485 elementor-hidden-phone elementor-widget elementor-widget-spacer\" data-id=\"3915485\" data-element_type=\"widget\" data-widget_type=\"spacer.default\">\n\t\t\t\t<div class=\"elementor-widget-container\">\n\t\t\t\t\t<div class=\"elementor-spacer\">\n\t\t\t<div class=\"elementor-spacer-inner\"><\/div>\n\t\t<\/div>\n\t\t\t\t<\/div>\n\t\t\t\t<\/div>\n\t\t\t\t\t\t<\/div>\n\t\t\t\t\t<\/div>\n\t\t<\/div>\n\t\t\t\t\t\t\t\t<\/div>\n\t\t\t\t\t<\/div>\n\t\t<\/section>\n\t\t\t\t\t\t<\/div>\n\t\t\t\t\t<\/div>\n\t\t<\/div>\n\t\t\t\t\t\t\t\t<\/div>\n\t\t\t\t\t<\/div>\n\t\t<\/section>\n\t\t\t\t\t\t\t\t\t<\/div>\n\t\t\t<\/div>\n\t\t\t\t\t<\/div>","protected":false},"excerpt":{"rendered":"<p>El Comit\u00e9 Intergubernamental IBERBIBLIOTECAS, se llev\u00f3 a cabo entre el 23 y 25 de octubre de 2013 en Santiago de Chile Estudio \u00abCirculaci\u00f3n de libros electr\u00f3nicos y contenidos digitales en &hellip; <\/p>\n<p class=\"link-more\"><a href=\"https:\/\/www.iberbibliotecas.org\/por\/el-comite-intergubernamental-iberbibliotecas-se-llevo-a-cabo-entre-el-23-y-25-de-octubre-de-2013-en-santiago-de-chile\/\" class=\"more-link\">Continue lendo<span class=\"screen-reader-text\"> &#8220;El Comit\u00e9 Intergubernamental IBERBIBLIOTECAS, se llev\u00f3 a cabo entre el 23 y 25 de octubre de 2013 en Santiago de Chile&#8221;<\/span><\/a><\/p>","protected":false},"author":1,"featured_media":7679,"comment_status":"open","ping_status":"open","sticky":false,"template":"elementor_canvas","format":"standard","meta":{"_EventAllDay":false,"_EventTimezone":"","_EventStartDate":"","_EventEndDate":"","_EventStartDateUTC":"","_EventEndDateUTC":"","_EventShowMap":false,"_EventShowMapLink":false,"_EventURL":"","_EventCost":"","_EventCostDescription":"","_EventCurrencySymbol":"","_EventCurrencyCode":"","_EventCurrencyPosition":"","_EventDateTimeSeparator":"","_EventTimeRangeSeparator":"","_EventOrganizerID":[],"_EventVenueID":0,"_OrganizerEmail":"","_OrganizerPhone":"","_OrganizerWebsite":"","_VenueAddress":"","_VenueCity":"","_VenueCountry":"","_VenueProvince":"","_VenueZip":"","_VenuePhone":"","_VenueURL":"","_VenueStateProvince":"","_VenueLat":"","_VenueLng":""},"categories":[34],"tags":[],"yoast_head":"<!-- This site is optimized with the Yoast SEO plugin v20.11 - https:\/\/yoast.com\/wordpress\/plugins\/seo\/ -->\n<title>El Comit\u00e9 Intergubernamental IBERBIBLIOTECAS, se llev\u00f3 a cabo entre el 23 y 25 de octubre de 2013 en Santiago de Chile - Iberbibliotecas<\/title>\n<meta name=\"robots\" content=\"index, follow, max-snippet:-1, max-image-preview:large, max-video-preview:-1\" \/>\n<link rel=\"canonical\" href=\"https:\/\/www.iberbibliotecas.org\/por\/el-comite-intergubernamental-iberbibliotecas-se-llevo-a-cabo-entre-el-23-y-25-de-octubre-de-2013-en-santiago-de-chile\/\" \/>\n<meta property=\"og:locale\" content=\"pt_BR\" \/>\n<meta property=\"og:type\" content=\"article\" \/>\n<meta property=\"og:title\" content=\"El Comit\u00e9 Intergubernamental IBERBIBLIOTECAS, se llev\u00f3 a cabo entre el 23 y 25 de octubre de 2013 en Santiago de Chile - Iberbibliotecas\" \/>\n<meta property=\"og:description\" content=\"El Comit\u00e9 Intergubernamental IBERBIBLIOTECAS, se llev\u00f3 a cabo entre el 23 y 25 de octubre de 2013 en Santiago de Chile Estudio \u00abCirculaci\u00f3n de libros electr\u00f3nicos y contenidos digitales en &hellip; Continue lendo &quot;El Comit\u00e9 Intergubernamental IBERBIBLIOTECAS, se llev\u00f3 a cabo entre el 23 y 25 de octubre de 2013 en Santiago de Chile&quot;\" \/>\n<meta property=\"og:url\" content=\"https:\/\/www.iberbibliotecas.org\/por\/el-comite-intergubernamental-iberbibliotecas-se-llevo-a-cabo-entre-el-23-y-25-de-octubre-de-2013-en-santiago-de-chile\/\" \/>\n<meta property=\"og:site_name\" content=\"Iberbibliotecas\" \/>\n<meta property=\"article:published_time\" content=\"2021-02-17T03:50:43+00:00\" \/>\n<meta property=\"article:modified_time\" content=\"2021-02-23T12:22:36+00:00\" \/>\n<meta property=\"og:image\" content=\"https:\/\/www.iberbibliotecas.org\/wp-content\/uploads\/2021\/02\/0003_comunicado_comiteIntergubernamental.jpg\" \/>\n\t<meta property=\"og:image:width\" content=\"848\" \/>\n\t<meta property=\"og:image:height\" content=\"527\" \/>\n\t<meta property=\"og:image:type\" content=\"image\/jpeg\" \/>\n<meta name=\"author\" content=\"admin\" \/>\n<meta name=\"twitter:card\" content=\"summary_large_image\" \/>\n<meta name=\"twitter:label1\" content=\"Escrito por\" \/>\n\t<meta name=\"twitter:data1\" content=\"admin\" \/>\n\t<meta name=\"twitter:label2\" content=\"Est. tempo de leitura\" \/>\n\t<meta name=\"twitter:data2\" content=\"4 minutos\" \/>\n<script type=\"application\/ld+json\" class=\"yoast-schema-graph\">{\"@context\":\"https:\/\/schema.org\",\"@graph\":[{\"@type\":\"Article\",\"@id\":\"https:\/\/www.iberbibliotecas.org\/el-comite-intergubernamental-iberbibliotecas-se-llevo-a-cabo-entre-el-23-y-25-de-octubre-de-2013-en-santiago-de-chile\/#article\",\"isPartOf\":{\"@id\":\"https:\/\/www.iberbibliotecas.org\/el-comite-intergubernamental-iberbibliotecas-se-llevo-a-cabo-entre-el-23-y-25-de-octubre-de-2013-en-santiago-de-chile\/\"},\"author\":{\"name\":\"admin\",\"@id\":\"https:\/\/www.iberbibliotecas.org\/#\/schema\/person\/486ac82ad50c6a0a37e3b388a7f40012\"},\"headline\":\"El Comit\u00e9 Intergubernamental IBERBIBLIOTECAS, se llev\u00f3 a cabo entre el 23 y 25 de octubre de 2013 en Santiago de Chile\",\"datePublished\":\"2021-02-17T03:50:43+00:00\",\"dateModified\":\"2021-02-23T12:22:36+00:00\",\"mainEntityOfPage\":{\"@id\":\"https:\/\/www.iberbibliotecas.org\/el-comite-intergubernamental-iberbibliotecas-se-llevo-a-cabo-entre-el-23-y-25-de-octubre-de-2013-en-santiago-de-chile\/\"},\"wordCount\":734,\"commentCount\":0,\"publisher\":{\"@id\":\"https:\/\/www.iberbibliotecas.org\/#organization\"},\"articleSection\":[\"Comunicado\"],\"inLanguage\":\"pt-BR\",\"potentialAction\":[{\"@type\":\"CommentAction\",\"name\":\"Comment\",\"target\":[\"https:\/\/www.iberbibliotecas.org\/el-comite-intergubernamental-iberbibliotecas-se-llevo-a-cabo-entre-el-23-y-25-de-octubre-de-2013-en-santiago-de-chile\/#respond\"]}]},{\"@type\":\"WebPage\",\"@id\":\"https:\/\/www.iberbibliotecas.org\/el-comite-intergubernamental-iberbibliotecas-se-llevo-a-cabo-entre-el-23-y-25-de-octubre-de-2013-en-santiago-de-chile\/\",\"url\":\"https:\/\/www.iberbibliotecas.org\/el-comite-intergubernamental-iberbibliotecas-se-llevo-a-cabo-entre-el-23-y-25-de-octubre-de-2013-en-santiago-de-chile\/\",\"name\":\"El Comit\u00e9 Intergubernamental IBERBIBLIOTECAS, se llev\u00f3 a cabo entre el 23 y 25 de octubre de 2013 en Santiago de Chile - Iberbibliotecas\",\"isPartOf\":{\"@id\":\"https:\/\/www.iberbibliotecas.org\/#website\"},\"datePublished\":\"2021-02-17T03:50:43+00:00\",\"dateModified\":\"2021-02-23T12:22:36+00:00\",\"breadcrumb\":{\"@id\":\"https:\/\/www.iberbibliotecas.org\/el-comite-intergubernamental-iberbibliotecas-se-llevo-a-cabo-entre-el-23-y-25-de-octubre-de-2013-en-santiago-de-chile\/#breadcrumb\"},\"inLanguage\":\"pt-BR\",\"potentialAction\":[{\"@type\":\"ReadAction\",\"target\":[\"https:\/\/www.iberbibliotecas.org\/el-comite-intergubernamental-iberbibliotecas-se-llevo-a-cabo-entre-el-23-y-25-de-octubre-de-2013-en-santiago-de-chile\/\"]}]},{\"@type\":\"BreadcrumbList\",\"@id\":\"https:\/\/www.iberbibliotecas.org\/el-comite-intergubernamental-iberbibliotecas-se-llevo-a-cabo-entre-el-23-y-25-de-octubre-de-2013-en-santiago-de-chile\/#breadcrumb\",\"itemListElement\":[{\"@type\":\"ListItem\",\"position\":1,\"name\":\"Inicio\",\"item\":\"https:\/\/www.iberbibliotecas.org\/\"},{\"@type\":\"ListItem\",\"position\":2,\"name\":\"El Comit\u00e9 Intergubernamental IBERBIBLIOTECAS, se llev\u00f3 a cabo entre el 23 y 25 de octubre de 2013 en Santiago de Chile\"}]},{\"@type\":\"WebSite\",\"@id\":\"https:\/\/www.iberbibliotecas.org\/#website\",\"url\":\"https:\/\/www.iberbibliotecas.org\/\",\"name\":\"Iberbibliotecas\",\"description\":\"\",\"publisher\":{\"@id\":\"https:\/\/www.iberbibliotecas.org\/#organization\"},\"potentialAction\":[{\"@type\":\"SearchAction\",\"target\":{\"@type\":\"EntryPoint\",\"urlTemplate\":\"https:\/\/www.iberbibliotecas.org\/?s={search_term_string}\"},\"query-input\":\"required name=search_term_string\"}],\"inLanguage\":\"pt-BR\"},{\"@type\":\"Organization\",\"@id\":\"https:\/\/www.iberbibliotecas.org\/#organization\",\"name\":\"Iberbibliotecas\",\"url\":\"https:\/\/www.iberbibliotecas.org\/\",\"logo\":{\"@type\":\"ImageObject\",\"inLanguage\":\"pt-BR\",\"@id\":\"https:\/\/www.iberbibliotecas.org\/#\/schema\/logo\/image\/\",\"url\":\"https:\/\/www.iberbibliotecas.org\/wp-content\/uploads\/2021\/03\/logo_c_ib.png\",\"contentUrl\":\"https:\/\/www.iberbibliotecas.org\/wp-content\/uploads\/2021\/03\/logo_c_ib.png\",\"width\":289,\"height\":180,\"caption\":\"Iberbibliotecas\"},\"image\":{\"@id\":\"https:\/\/www.iberbibliotecas.org\/#\/schema\/logo\/image\/\"}},{\"@type\":\"Person\",\"@id\":\"https:\/\/www.iberbibliotecas.org\/#\/schema\/person\/486ac82ad50c6a0a37e3b388a7f40012\",\"name\":\"admin\",\"image\":{\"@type\":\"ImageObject\",\"inLanguage\":\"pt-BR\",\"@id\":\"https:\/\/www.iberbibliotecas.org\/#\/schema\/person\/image\/\",\"url\":\"https:\/\/secure.gravatar.com\/avatar\/bd32ff3442cc72b6eeb88993179a289a?s=96&d=mm&r=g\",\"contentUrl\":\"https:\/\/secure.gravatar.com\/avatar\/bd32ff3442cc72b6eeb88993179a289a?s=96&d=mm&r=g\",\"caption\":\"admin\"},\"sameAs\":[\"http:\/\/34.125.232.78\"],\"url\":\"https:\/\/www.iberbibliotecas.org\/por\/author\/admin\/\"}]}<\/script>\n<!-- \/ Yoast SEO plugin. -->","yoast_head_json":{"title":"El Comit\u00e9 Intergubernamental IBERBIBLIOTECAS, se llev\u00f3 a cabo entre el 23 y 25 de octubre de 2013 en Santiago de Chile - Iberbibliotecas","robots":{"index":"index","follow":"follow","max-snippet":"max-snippet:-1","max-image-preview":"max-image-preview:large","max-video-preview":"max-video-preview:-1"},"canonical":"https:\/\/www.iberbibliotecas.org\/por\/el-comite-intergubernamental-iberbibliotecas-se-llevo-a-cabo-entre-el-23-y-25-de-octubre-de-2013-en-santiago-de-chile\/","og_locale":"pt_BR","og_type":"article","og_title":"El Comit\u00e9 Intergubernamental IBERBIBLIOTECAS, se llev\u00f3 a cabo entre el 23 y 25 de octubre de 2013 en Santiago de Chile - Iberbibliotecas","og_description":"El Comit\u00e9 Intergubernamental IBERBIBLIOTECAS, se llev\u00f3 a cabo entre el 23 y 25 de octubre de 2013 en Santiago de Chile Estudio \u00abCirculaci\u00f3n de libros electr\u00f3nicos y contenidos digitales en &hellip; Continue lendo \"El Comit\u00e9 Intergubernamental IBERBIBLIOTECAS, se llev\u00f3 a cabo entre el 23 y 25 de octubre de 2013 en Santiago de Chile\"","og_url":"https:\/\/www.iberbibliotecas.org\/por\/el-comite-intergubernamental-iberbibliotecas-se-llevo-a-cabo-entre-el-23-y-25-de-octubre-de-2013-en-santiago-de-chile\/","og_site_name":"Iberbibliotecas","article_published_time":"2021-02-17T03:50:43+00:00","article_modified_time":"2021-02-23T12:22:36+00:00","og_image":[{"width":848,"height":527,"url":"https:\/\/www.iberbibliotecas.org\/wp-content\/uploads\/2021\/02\/0003_comunicado_comiteIntergubernamental.jpg","type":"image\/jpeg"}],"author":"admin","twitter_card":"summary_large_image","twitter_misc":{"Escrito por":"admin","Est. tempo de leitura":"4 minutos"},"schema":{"@context":"https:\/\/schema.org","@graph":[{"@type":"Article","@id":"https:\/\/www.iberbibliotecas.org\/el-comite-intergubernamental-iberbibliotecas-se-llevo-a-cabo-entre-el-23-y-25-de-octubre-de-2013-en-santiago-de-chile\/#article","isPartOf":{"@id":"https:\/\/www.iberbibliotecas.org\/el-comite-intergubernamental-iberbibliotecas-se-llevo-a-cabo-entre-el-23-y-25-de-octubre-de-2013-en-santiago-de-chile\/"},"author":{"name":"admin","@id":"https:\/\/www.iberbibliotecas.org\/#\/schema\/person\/486ac82ad50c6a0a37e3b388a7f40012"},"headline":"El Comit\u00e9 Intergubernamental IBERBIBLIOTECAS, se llev\u00f3 a cabo entre el 23 y 25 de octubre de 2013 en Santiago de Chile","datePublished":"2021-02-17T03:50:43+00:00","dateModified":"2021-02-23T12:22:36+00:00","mainEntityOfPage":{"@id":"https:\/\/www.iberbibliotecas.org\/el-comite-intergubernamental-iberbibliotecas-se-llevo-a-cabo-entre-el-23-y-25-de-octubre-de-2013-en-santiago-de-chile\/"},"wordCount":734,"commentCount":0,"publisher":{"@id":"https:\/\/www.iberbibliotecas.org\/#organization"},"articleSection":["Comunicado"],"inLanguage":"pt-BR","potentialAction":[{"@type":"CommentAction","name":"Comment","target":["https:\/\/www.iberbibliotecas.org\/el-comite-intergubernamental-iberbibliotecas-se-llevo-a-cabo-entre-el-23-y-25-de-octubre-de-2013-en-santiago-de-chile\/#respond"]}]},{"@type":"WebPage","@id":"https:\/\/www.iberbibliotecas.org\/el-comite-intergubernamental-iberbibliotecas-se-llevo-a-cabo-entre-el-23-y-25-de-octubre-de-2013-en-santiago-de-chile\/","url":"https:\/\/www.iberbibliotecas.org\/el-comite-intergubernamental-iberbibliotecas-se-llevo-a-cabo-entre-el-23-y-25-de-octubre-de-2013-en-santiago-de-chile\/","name":"El Comit\u00e9 Intergubernamental IBERBIBLIOTECAS, se llev\u00f3 a cabo entre el 23 y 25 de octubre de 2013 en Santiago de Chile - Iberbibliotecas","isPartOf":{"@id":"https:\/\/www.iberbibliotecas.org\/#website"},"datePublished":"2021-02-17T03:50:43+00:00","dateModified":"2021-02-23T12:22:36+00:00","breadcrumb":{"@id":"https:\/\/www.iberbibliotecas.org\/el-comite-intergubernamental-iberbibliotecas-se-llevo-a-cabo-entre-el-23-y-25-de-octubre-de-2013-en-santiago-de-chile\/#breadcrumb"},"inLanguage":"pt-BR","potentialAction":[{"@type":"ReadAction","target":["https:\/\/www.iberbibliotecas.org\/el-comite-intergubernamental-iberbibliotecas-se-llevo-a-cabo-entre-el-23-y-25-de-octubre-de-2013-en-santiago-de-chile\/"]}]},{"@type":"BreadcrumbList","@id":"https:\/\/www.iberbibliotecas.org\/el-comite-intergubernamental-iberbibliotecas-se-llevo-a-cabo-entre-el-23-y-25-de-octubre-de-2013-en-santiago-de-chile\/#breadcrumb","itemListElement":[{"@type":"ListItem","position":1,"name":"Inicio","item":"https:\/\/www.iberbibliotecas.org\/"},{"@type":"ListItem","position":2,"name":"El Comit\u00e9 Intergubernamental IBERBIBLIOTECAS, se llev\u00f3 a cabo entre el 23 y 25 de octubre de 2013 en Santiago de Chile"}]},{"@type":"WebSite","@id":"https:\/\/www.iberbibliotecas.org\/#website","url":"https:\/\/www.iberbibliotecas.org\/","name":"Iberbibliotecas","description":"","publisher":{"@id":"https:\/\/www.iberbibliotecas.org\/#organization"},"potentialAction":[{"@type":"SearchAction","target":{"@type":"EntryPoint","urlTemplate":"https:\/\/www.iberbibliotecas.org\/?s={search_term_string}"},"query-input":"required name=search_term_string"}],"inLanguage":"pt-BR"},{"@type":"Organization","@id":"https:\/\/www.iberbibliotecas.org\/#organization","name":"Iberbibliotecas","url":"https:\/\/www.iberbibliotecas.org\/","logo":{"@type":"ImageObject","inLanguage":"pt-BR","@id":"https:\/\/www.iberbibliotecas.org\/#\/schema\/logo\/image\/","url":"https:\/\/www.iberbibliotecas.org\/wp-content\/uploads\/2021\/03\/logo_c_ib.png","contentUrl":"https:\/\/www.iberbibliotecas.org\/wp-content\/uploads\/2021\/03\/logo_c_ib.png","width":289,"height":180,"caption":"Iberbibliotecas"},"image":{"@id":"https:\/\/www.iberbibliotecas.org\/#\/schema\/logo\/image\/"}},{"@type":"Person","@id":"https:\/\/www.iberbibliotecas.org\/#\/schema\/person\/486ac82ad50c6a0a37e3b388a7f40012","name":"admin","image":{"@type":"ImageObject","inLanguage":"pt-BR","@id":"https:\/\/www.iberbibliotecas.org\/#\/schema\/person\/image\/","url":"https:\/\/secure.gravatar.com\/avatar\/bd32ff3442cc72b6eeb88993179a289a?s=96&d=mm&r=g","contentUrl":"https:\/\/secure.gravatar.com\/avatar\/bd32ff3442cc72b6eeb88993179a289a?s=96&d=mm&r=g","caption":"admin"},"sameAs":["http:\/\/34.125.232.78"],"url":"https:\/\/www.iberbibliotecas.org\/por\/author\/admin\/"}]}},"_links":{"self":[{"href":"https:\/\/www.iberbibliotecas.org\/por\/wp-json\/wp\/v2\/posts\/6592"}],"collection":[{"href":"https:\/\/www.iberbibliotecas.org\/por\/wp-json\/wp\/v2\/posts"}],"about":[{"href":"https:\/\/www.iberbibliotecas.org\/por\/wp-json\/wp\/v2\/types\/post"}],"author":[{"embeddable":true,"href":"https:\/\/www.iberbibliotecas.org\/por\/wp-json\/wp\/v2\/users\/1"}],"replies":[{"embeddable":true,"href":"https:\/\/www.iberbibliotecas.org\/por\/wp-json\/wp\/v2\/comments?post=6592"}],"version-history":[{"count":0,"href":"https:\/\/www.iberbibliotecas.org\/por\/wp-json\/wp\/v2\/posts\/6592\/revisions"}],"wp:featuredmedia":[{"embeddable":true,"href":"https:\/\/www.iberbibliotecas.org\/por\/wp-json\/wp\/v2\/media\/7679"}],"wp:attachment":[{"href":"https:\/\/www.iberbibliotecas.org\/por\/wp-json\/wp\/v2\/media?parent=6592"}],"wp:term":[{"taxonomy":"category","embeddable":true,"href":"https:\/\/www.iberbibliotecas.org\/por\/wp-json\/wp\/v2\/categories?post=6592"},{"taxonomy":"post_tag","embeddable":true,"href":"https:\/\/www.iberbibliotecas.org\/por\/wp-json\/wp\/v2\/tags?post=6592"}],"curies":[{"name":"wp","href":"https:\/\/api.w.org\/{rel}","templated":true}]}}